{"id":60499,"date":"2026-04-04T20:50:20","date_gmt":"2026-04-04T23:50:20","guid":{"rendered":"https:\/\/guialimeira.com.br\/everton-ferreira-participa-da-inauguracao-do-novo-predio-do-campl-2\/"},"modified":"2026-04-04T20:50:20","modified_gmt":"2026-04-04T23:50:20","slug":"everton-ferreira-participa-da-inauguracao-do-novo-predio-do-campl-2","status":"publish","type":"post","link":"https:\/\/guialimeira.com.br\/news\/everton-ferreira-participa-da-inauguracao-do-novo-predio-do-campl-2\/","title":{"rendered":"Everton Ferreira participa da inaugura\u00e7\u00e3o do novo pr\u00e9dio do CAMPL"},"content":{"rendered":"<p>Everton Ferreira participa da inaugura\u00e7\u00e3o do novo pr\u00e9dio do CAMPL<\/p>\n<p>Na manh\u00e3 desta quinta-feira, 27 de mar\u00e7o, o vereador Everton Ferreira (PSD) participou da cerim\u00f4nia oficial de inaugura\u00e7\u00e3o do novo pr\u00e9dio do Centro de Aprendizado Met\u00f3dico e Pr\u00e1tico de Limeira, o CAMPL &#8211; Patrulheiro.<\/p>\n<p>A nova estrutura representa um passo importante para a institui\u00e7\u00e3o, que atua desde a d\u00e9cada de 1960 na forma\u00e7\u00e3o profissional de adolescentes e jovens, fortalecendo a\u00e7\u00f5es voltadas ao desenvolvimento humano, \u00e0 inclus\u00e3o social e \u00e0 prepara\u00e7\u00e3o para o mercado de trabalho.<\/p>\n<p>Durante a cerim\u00f4nia, Everton destacou o significado do momento para a cidade e para as novas gera\u00e7\u00f5es que passam pela entidade. \u201cEduca\u00e7\u00e3o e oportunidade caminham juntas. Quando um espa\u00e7o como o CAMPL se fortalece, a cidade amplia caminhos para que jovens possam estudar, trabalhar e enxergar novas possibilidades para o pr\u00f3prio futuro\u201d, afirmou.<\/p>\n<p>O vereador tamb\u00e9m ressaltou que iniciativas voltadas \u00e0 forma\u00e7\u00e3o de jovens t\u00eam impacto direto na constru\u00e7\u00e3o de trajet\u00f3rias pessoais e profissionais e a import\u00e2ncia do poder p\u00fablico estar presente e participando ativamente do trabalho dessas entidades.<\/p>\n<p>Do Gabinete da Presid\u00eancia<\/p>\n<p>*Fotos do Gabinete da Presid\u00eancia<\/p>\n<p>As mat\u00e9rias de origem dos Gabinetes Parlamentares s\u00e3o de inteira\u00a0 responsabilidade dos parlamentares e de suas assessorias. S\u00e3o devidamente assinadas e n\u00e3o refletem, necessariamente, a opini\u00e3o institucional da C\u00e2mara Municipal de Limeira.<\/p>\n<hr>\n<p><em>Fonte: <a href=\"https:\/\/www.limeira.sp.leg.br\/noticias\/view\/2026-03-30_everton-ferreira-participa-da-inauguracao-do-novo-predio-do-campl\" target=\"_blank\" rel=\"noopener\">C\u00e2mara Municipal de Limeira<\/a><\/em><\/p>\n","protected":false},"excerpt":{"rendered":"<p>Everton Ferreira participa da inaugura\u00e7\u00e3o do novo pr\u00e9dio do CAMPL<\/p>\n<p>Na manh\u00e3 desta quinta-feira, 27 de mar\u00e7o, o vereador Everton Ferreira (PSD) participou da cerim\u00f4nia oficial de inaugura\u00e7\u00e3o do novo pr\u00e9dio do Centro de Aprendizado Met\u00f3dico e Pr\u00e1tico de Limeira, o CAMPL &#8211; Patrulheiro.<\/p>\n<p>A nova estrutur<\/p>\n","protected":false},"author":4,"featured_media":60498,"comment_status":"","ping_status":"open","sticky":false,"template":"","format":"standard","meta":{"_jetpack_newsletter_access":"","_jetpack_dont_email_post_to_subs":false,"_jetpack_newsletter_tier_id":0,"_jetpack_memberships_contains_paywalled_content":false,"_mbp_banners":[],"_jetpack_feature_clip_id":0,"_jetpack_memberships_contains_paid_content":false,"footnotes":"","jetpack_publicize_message":"","jetpack_publicize_feature_enabled":true,"jetpack_social_post_already_shared":true,"jetpack_social_options":{"image_generator_settings":{"template":"highway","default_image_id":0,"font":"","enabled":false},"version":2},"jetpack_post_was_ever_published":false},"categories":[19],"tags":[],"class_list":["post-60499","post","type-post","status-publish","format-standard","has-post-thumbnail","category-politica"],"jetpack_publicize_connections":[],"jetpack-related-posts":[],"jetpack_shortlink":"https:\/\/wp.me\/p7Eq1F-fJN","jetpack_sharing_enabled":true,"jetpack_featured_media_url":"https:\/\/i0.wp.com\/guialimeira.com.br\/news\/wp-content\/uploads\/2026\/04\/noticia-camara-35.jpg?fit=1280%2C640&ssl=1","_links":{"self":[{"href":"https:\/\/guialimeira.com.br\/news\/wp-json\/wp\/v2\/posts\/60499","targetHints":{"allow":["GET"]}}],"collection":[{"href":"https:\/\/guialimeira.com.br\/news\/wp-json\/wp\/v2\/posts"}],"about":[{"href":"https:\/\/guialimeira.com.br\/news\/wp-json\/wp\/v2\/types\/post"}],"author":[{"embeddable":true,"href":"https:\/\/guialimeira.com.br\/news\/wp-json\/wp\/v2\/users\/4"}],"replies":[{"embeddable":true,"href":"https:\/\/guialimeira.com.br\/news\/wp-json\/wp\/v2\/comments?post=60499"}],"version-history":[{"count":0,"href":"https:\/\/guialimeira.com.br\/news\/wp-json\/wp\/v2\/posts\/60499\/revisions"}],"wp:featuredmedia":[{"embeddable":true,"href":"https:\/\/guialimeira.com.br\/news\/wp-json\/wp\/v2\/media\/60498"}],"wp:attachment":[{"href":"https:\/\/guialimeira.com.br\/news\/wp-json\/wp\/v2\/media?parent=60499"}],"wp:term":[{"taxonomy":"category","embeddable":true,"href":"https:\/\/guialimeira.com.br\/news\/wp-json\/wp\/v2\/categories?post=60499"},{"taxonomy":"post_tag","embeddable":true,"href":"https:\/\/guialimeira.com.br\/news\/wp-json\/wp\/v2\/tags?post=60499"}],"curies":[{"name":"wp","href":"https:\/\/api.w.org\/{rel}","templated":true}]}}