{"id":60497,"date":"2026-04-04T20:45:21","date_gmt":"2026-04-04T23:45:21","guid":{"rendered":"https:\/\/guialimeira.com.br\/felipe-penedo-solicita-reforma-urgente-no-predio-do-3o-distrito-policial-2\/"},"modified":"2026-04-04T20:45:21","modified_gmt":"2026-04-04T23:45:21","slug":"felipe-penedo-solicita-reforma-urgente-no-predio-do-3o-distrito-policial-2","status":"publish","type":"post","link":"https:\/\/guialimeira.com.br\/news\/felipe-penedo-solicita-reforma-urgente-no-predio-do-3o-distrito-policial-2\/","title":{"rendered":"Felipe Penedo solicita reforma urgente no pr\u00e9dio do 3\u00ba Distrito Policial"},"content":{"rendered":"<p>Felipe Penedo solicita reforma urgente no pr\u00e9dio do 3\u00ba Distrito Policial<\/p>\n<p>Preocupado com as condi\u00e7\u00f5es estruturais de um equipamento p\u00fablico de seguran\u00e7a, o vereador Felipe Penedo (PL) protocolou no dia 18 de mar\u00e7o a Indica\u00e7\u00e3o N\u00b0 1.194\/2026 solicitando \u00e0 Prefeitura a realiza\u00e7\u00e3o de obras de manuten\u00e7\u00e3o, reforma e reparos no pr\u00e9dio que abriga o 3\u00ba Distrito Policial de Limeira, localizado no Jardim Nereide.<\/p>\n<p>Conforme o parlamentar, o im\u00f3vel, de propriedade do Munic\u00edpio e utilizado h\u00e1 cerca de 40 anos para a presta\u00e7\u00e3o de servi\u00e7os essenciais \u00e0 popula\u00e7\u00e3o, apresenta diversos problemas estruturais. \u00a0\u201cEntre as principais demandas apontadas est\u00e3o infiltra\u00e7\u00f5es, goteiras intensas e comprometimento da cobertura, situa\u00e7\u00f5es que se agravam significativamente em per\u00edodos de chuva\u201d, disse.<\/p>\n<p>Ainda segundo o parlamentar, os problemas impactam diretamente o funcionamento da unidade. \u201cH\u00e1 relatos frequentes de alagamentos internos que atingem a recep\u00e7\u00e3o, salas de atendimento e at\u00e9 a cozinha, prejudicando tanto os servidores quanto a popula\u00e7\u00e3o que depende desse servi\u00e7o\u201d, destacou.<\/p>\n<p>Penedo tamb\u00e9m alertou para os riscos \u00e0 integridade de documentos oficiais, que podem ser danificados pela umidade, al\u00e9m das condi\u00e7\u00f5es inadequadas de trabalho enfrentadas pelos profissionais que atuam no local. Al\u00e9m das interven\u00e7\u00f5es estruturais, o parlamentar indicou a realiza\u00e7\u00e3o de vistoria t\u00e9cnica para avaliar a situa\u00e7\u00e3o externa do im\u00f3vel, especialmente o crescimento excessivo do mato na cal\u00e7ada e no terreno ao redor, o que compromete a mobilidade de pedestres e pode favorecer o aparecimento de insetos e animais pe\u00e7onhentos.<\/p>\n<p>\u201cA melhoria da estrutura f\u00edsica \u00e9 fundamental para garantir um atendimento digno \u00e0 popula\u00e7\u00e3o e melhores condi\u00e7\u00f5es de trabalho aos servidores. Estamos falando de um servi\u00e7o essencial, que precisa funcionar com qualidade e seguran\u00e7a\u201d, refor\u00e7ou o vereador. A indica\u00e7\u00e3o agora segue para an\u00e1lise do Executivo Municipal.<\/p>\n<p>Do Gabinete Parlamentar &#8211; Vereador Felipe Penedo (PL)<\/p>\n<p>*Fotos do Gabinete parlamentar<\/p>\n<p>As mat\u00e9rias de origem dos Gabinetes Parlamentares s\u00e3o de inteira\u00a0 responsabilidade dos parlamentares e de suas assessorias. S\u00e3o devidamente assinadas e n\u00e3o refletem, necessariamente, a opini\u00e3o institucional da C\u00e2mara Municipal de Limeira.<\/p>\n<hr>\n<p><em>Fonte: <a href=\"https:\/\/www.limeira.sp.leg.br\/noticias\/view\/2026-03-30_felipe-penedo-solicita-reforma-urgente-no-predio-do-3-distrito-policial\" target=\"_blank\" rel=\"noopener\">C\u00e2mara Municipal de Limeira<\/a><\/em><\/p>\n","protected":false},"excerpt":{"rendered":"<p>Felipe Penedo solicita reforma urgente no pr\u00e9dio do 3\u00ba Distrito Policial<\/p>\n<p>Preocupado com as condi\u00e7\u00f5es estruturais de um equipamento p\u00fablico de seguran\u00e7a, o vereador Felipe Penedo (PL) protocolou no dia 18 de mar\u00e7o a Indica\u00e7\u00e3o N\u00b0 1.194\/2026 solicitando \u00e0 Prefeitura a realiza\u00e7\u00e3o de obras de manuten\u00e7\u00e3o<\/p>\n","protected":false},"author":4,"featured_media":60496,"comment_status":"","ping_status":"open","sticky":false,"template":"","format":"standard","meta":{"_jetpack_newsletter_access":"","_jetpack_dont_email_post_to_subs":false,"_jetpack_newsletter_tier_id":0,"_jetpack_memberships_contains_paywalled_content":false,"_mbp_banners":[],"_jetpack_feature_clip_id":0,"_jetpack_memberships_contains_paid_content":false,"footnotes":"","jetpack_publicize_message":"","jetpack_publicize_feature_enabled":true,"jetpack_social_post_already_shared":true,"jetpack_social_options":{"image_generator_settings":{"template":"highway","default_image_id":0,"font":"","enabled":false},"version":2},"jetpack_post_was_ever_published":false},"categories":[19],"tags":[],"class_list":["post-60497","post","type-post","status-publish","format-standard","has-post-thumbnail","category-politica"],"jetpack_publicize_connections":[],"jetpack-related-posts":[],"jetpack_shortlink":"https:\/\/wp.me\/p7Eq1F-fJL","jetpack_sharing_enabled":true,"jetpack_featured_media_url":"https:\/\/i0.wp.com\/guialimeira.com.br\/news\/wp-content\/uploads\/2026\/04\/noticia-camara-34.jpg?fit=1280%2C640&ssl=1","_links":{"self":[{"href":"https:\/\/guialimeira.com.br\/news\/wp-json\/wp\/v2\/posts\/60497","targetHints":{"allow":["GET"]}}],"collection":[{"href":"https:\/\/guialimeira.com.br\/news\/wp-json\/wp\/v2\/posts"}],"about":[{"href":"https:\/\/guialimeira.com.br\/news\/wp-json\/wp\/v2\/types\/post"}],"author":[{"embeddable":true,"href":"https:\/\/guialimeira.com.br\/news\/wp-json\/wp\/v2\/users\/4"}],"replies":[{"embeddable":true,"href":"https:\/\/guialimeira.com.br\/news\/wp-json\/wp\/v2\/comments?post=60497"}],"version-history":[{"count":0,"href":"https:\/\/guialimeira.com.br\/news\/wp-json\/wp\/v2\/posts\/60497\/revisions"}],"wp:featuredmedia":[{"embeddable":true,"href":"https:\/\/guialimeira.com.br\/news\/wp-json\/wp\/v2\/media\/60496"}],"wp:attachment":[{"href":"https:\/\/guialimeira.com.br\/news\/wp-json\/wp\/v2\/media?parent=60497"}],"wp:term":[{"taxonomy":"category","embeddable":true,"href":"https:\/\/guialimeira.com.br\/news\/wp-json\/wp\/v2\/categories?post=60497"},{"taxonomy":"post_tag","embeddable":true,"href":"https:\/\/guialimeira.com.br\/news\/wp-json\/wp\/v2\/tags?post=60497"}],"curies":[{"name":"wp","href":"https:\/\/api.w.org\/{rel}","templated":true}]}}