{"id":60495,"date":"2026-04-04T20:40:19","date_gmt":"2026-04-04T23:40:19","guid":{"rendered":"https:\/\/guialimeira.com.br\/isabelly-carvalho-participa-de-reuniao-e-posse-do-conselho-municipal-de-direitos-humanos-de-limeira-2\/"},"modified":"2026-04-04T20:40:19","modified_gmt":"2026-04-04T23:40:19","slug":"isabelly-carvalho-participa-de-reuniao-e-posse-do-conselho-municipal-de-direitos-humanos-de-limeira-2","status":"publish","type":"post","link":"https:\/\/guialimeira.com.br\/news\/isabelly-carvalho-participa-de-reuniao-e-posse-do-conselho-municipal-de-direitos-humanos-de-limeira-2\/","title":{"rendered":"Isabelly Carvalho participa de reuni\u00e3o e posse do Conselho Municipal de Direitos Humanos de Limeira"},"content":{"rendered":"<p>Isabelly Carvalho participa de reuni\u00e3o e posse do Conselho Municipal de Direitos Humanos de Limeira<\/p>\n<p>A presidente da Comiss\u00e3o de Direitos Humanos da C\u00e2mara Municipal, a vereadora Isabelly Carvalho (PT) participou da reuni\u00e3o e posse do Conselho Municipal de Direitos Humanos de Limeira, realizada na \u00faltima quarta-feira, 25 de mar\u00e7o. A parlamentar ressaltou que reafirma seu compromisso com o fortalecimento das pol\u00edticas p\u00fablicas de direitos humanos e com a amplia\u00e7\u00e3o da participa\u00e7\u00e3o social em Limeira.<\/p>\n<p>Durante a abertura dos trabalhos, a vereadora destacou a import\u00e2ncia de consolidar um Conselho acess\u00edvel \u00e0 popula\u00e7\u00e3o, defendendo a ado\u00e7\u00e3o de hor\u00e1rios de reuni\u00e3o que garantam a presen\u00e7a ativa da sociedade civil. Isabelly Carvalho tamb\u00e9m pontuou a necessidade de fortalecer o car\u00e1ter institucional do \u00f3rg\u00e3o, com maior solenidade e participa\u00e7\u00e3o cont\u00ednua das autoridades municipais, al\u00e9m de reafirmar o apoio da C\u00e2mara Municipal \u00e0s iniciativas do Conselho.<\/p>\n<p>A reuni\u00e3o foi marcada ainda pela organiza\u00e7\u00e3o da estrutura interna do \u00f3rg\u00e3o, com a defini\u00e7\u00e3o da diretoria executiva, composta por Vanderley na presid\u00eancia, T\u00falio na vice-presid\u00eancia, Julia como 1\u00aa secret\u00e1ria e Lucas como 2\u00ba secret\u00e1rio. \u201cA consolida\u00e7\u00e3o dessa composi\u00e7\u00e3o representa um passo importante para o funcionamento efetivo e democr\u00e1tico do Conselho\u201d, expressou Isabelly.<\/p>\n<p>Outro avan\u00e7o foi a defini\u00e7\u00e3o de diretrizes para o funcionamento das reuni\u00f5es, com a proposta de altern\u00e2ncia de hor\u00e1rios, entre per\u00edodos diurnos e noturnos e a possibilidade de encontros em formato h\u00edbrido, ampliando o acesso e a participa\u00e7\u00e3o popular nas discuss\u00f5es.<\/p>\n<p>Presidente da Comiss\u00e3o de Direitos Humanos da C\u00e2mara Municipal, Isabelly Carvalho afirmou que com sua atua\u00e7\u00e3o, ela refor\u00e7a o compromisso com a constru\u00e7\u00e3o de espa\u00e7os institucionais mais democr\u00e1ticos, inclusivos e representativos, fundamentais para a garantia e promo\u00e7\u00e3o dos direitos humanos no Munic\u00edpio.<\/p>\n<p>Do Gabinete Parlamentar \u2013 Vereadora Isabelly Carvalho (PT)<\/p>\n<p>*Fotos do Gabinete parlamentar<\/p>\n<p>As mat\u00e9rias de origem dos Gabinetes Parlamentares s\u00e3o de inteira\u00a0 responsabilidade dos parlamentares e de suas assessorias. S\u00e3o devidamente assinadas e n\u00e3o refletem, necessariamente, a opini\u00e3o institucional da C\u00e2mara Municipal de Limeira.<\/p>\n<hr>\n<p><em>Fonte: <a href=\"https:\/\/www.limeira.sp.leg.br\/noticias\/view\/2026-03-30_isabelly-carvalho-participa-de-reuniao-e-posse-do-conselho-municipal-de-direitos-humanos-de-limeira\" target=\"_blank\" rel=\"noopener\">C\u00e2mara Municipal de Limeira<\/a><\/em><\/p>\n","protected":false},"excerpt":{"rendered":"<p>Isabelly Carvalho participa de reuni\u00e3o e posse do Conselho Municipal de Direitos Humanos de Limeira<\/p>\n<p>A presidente da Comiss\u00e3o de Direitos Humanos da C\u00e2mara Municipal, a vereadora Isabelly Carvalho (PT) participou da reuni\u00e3o e posse do Conselho Municipal de Direitos Humanos de Limeira, realizada na \u00fa<\/p>\n","protected":false},"author":4,"featured_media":60494,"comment_status":"","ping_status":"open","sticky":false,"template":"","format":"standard","meta":{"_jetpack_newsletter_access":"","_jetpack_dont_email_post_to_subs":false,"_jetpack_newsletter_tier_id":0,"_jetpack_memberships_contains_paywalled_content":false,"_mbp_banners":[],"_jetpack_feature_clip_id":0,"_jetpack_memberships_contains_paid_content":false,"footnotes":"","jetpack_publicize_message":"","jetpack_publicize_feature_enabled":true,"jetpack_social_post_already_shared":true,"jetpack_social_options":{"image_generator_settings":{"template":"highway","default_image_id":0,"font":"","enabled":false},"version":2},"jetpack_post_was_ever_published":false},"categories":[19],"tags":[],"class_list":["post-60495","post","type-post","status-publish","format-standard","has-post-thumbnail","category-politica"],"jetpack_publicize_connections":[],"jetpack-related-posts":[],"jetpack_shortlink":"https:\/\/wp.me\/p7Eq1F-fJJ","jetpack_sharing_enabled":true,"jetpack_featured_media_url":"https:\/\/i0.wp.com\/guialimeira.com.br\/news\/wp-content\/uploads\/2026\/04\/noticia-camara-33.jpg?fit=1280%2C640&ssl=1","_links":{"self":[{"href":"https:\/\/guialimeira.com.br\/news\/wp-json\/wp\/v2\/posts\/60495","targetHints":{"allow":["GET"]}}],"collection":[{"href":"https:\/\/guialimeira.com.br\/news\/wp-json\/wp\/v2\/posts"}],"about":[{"href":"https:\/\/guialimeira.com.br\/news\/wp-json\/wp\/v2\/types\/post"}],"author":[{"embeddable":true,"href":"https:\/\/guialimeira.com.br\/news\/wp-json\/wp\/v2\/users\/4"}],"replies":[{"embeddable":true,"href":"https:\/\/guialimeira.com.br\/news\/wp-json\/wp\/v2\/comments?post=60495"}],"version-history":[{"count":0,"href":"https:\/\/guialimeira.com.br\/news\/wp-json\/wp\/v2\/posts\/60495\/revisions"}],"wp:featuredmedia":[{"embeddable":true,"href":"https:\/\/guialimeira.com.br\/news\/wp-json\/wp\/v2\/media\/60494"}],"wp:attachment":[{"href":"https:\/\/guialimeira.com.br\/news\/wp-json\/wp\/v2\/media?parent=60495"}],"wp:term":[{"taxonomy":"category","embeddable":true,"href":"https:\/\/guialimeira.com.br\/news\/wp-json\/wp\/v2\/categories?post=60495"},{"taxonomy":"post_tag","embeddable":true,"href":"https:\/\/guialimeira.com.br\/news\/wp-json\/wp\/v2\/tags?post=60495"}],"curies":[{"name":"wp","href":"https:\/\/api.w.org\/{rel}","templated":true}]}}