{"id":60487,"date":"2026-04-04T20:25:23","date_gmt":"2026-04-04T23:25:23","guid":{"rendered":"https:\/\/guialimeira.com.br\/utilidade-publica-da-associacao-ornitologica-de-limeira-e-regiao-e-reconhecida-pela-camara-2\/"},"modified":"2026-04-04T20:25:23","modified_gmt":"2026-04-04T23:25:23","slug":"utilidade-publica-da-associacao-ornitologica-de-limeira-e-regiao-e-reconhecida-pela-camara-2","status":"publish","type":"post","link":"https:\/\/guialimeira.com.br\/news\/utilidade-publica-da-associacao-ornitologica-de-limeira-e-regiao-e-reconhecida-pela-camara-2\/","title":{"rendered":"Utilidade p\u00fablica da Associa\u00e7\u00e3o Ornitol\u00f3gica de Limeira e Regi\u00e3o \u00e9 reconhecida pela C\u00e2mara"},"content":{"rendered":"<p>Utilidade p\u00fablica da Associa\u00e7\u00e3o Ornitol\u00f3gica de Limeira e Regi\u00e3o \u00e9 reconhecida pela C\u00e2mara<\/p>\n<p>A Associa\u00e7\u00e3o Ornitol\u00f3gica de Limeira e Regi\u00e3o (Assoler), entidade de car\u00e1ter recreativo e educacional, obteve reconhecimento de utilidade p\u00fablica na sess\u00e3o ordin\u00e1ria desta segunda-feira, 30 de mar\u00e7o, por meio do Projeto de Lei N\u00ba 260\/2025, de autoria do vereador Everton Ferreira (PSD).<\/p>\n<p>Conforme descrito na propositura, os trabalhos da institui\u00e7\u00e3o est\u00e3o voltados para as \u00e1reas ambiental, social e esportiva, fomentando a realiza\u00e7\u00e3o de atividades que atendam aos interesses da coletividade. A Assoler foi fundada em 14 de agosto de 2019 em Limeira (SP) e atualmente \u00e9 presidida por M\u00e1rcio Jos\u00e9 Jorge, tendo como tesoureiro Gustavo Henrique Dias Calsa e como secret\u00e1rio Ismael Calsa.<\/p>\n<p>O vereador Everton Ferreira discorreu no projeto sobre o impacto da atua\u00e7\u00e3o da Assoler em Limeira. \u201cDiante do trabalho, tem feito a diferen\u00e7a na vida das pessoas. Como exemplo, citamos projetos para inclus\u00e3o social de crian\u00e7as e adolescentes em situa\u00e7\u00e3o de vulnerabilidade, usando o esporte como ferramenta de transforma\u00e7\u00e3o e cidadania, como o projeto de inicia\u00e7\u00e3o e forma\u00e7\u00e3o no skate, com cerca de 50 crian\u00e7as e adolescentes atendidos apenas este ano, e as pr\u00f3prias atividades ornitol\u00f3gicas\u201d, disse.<\/p>\n<p>Entre os objetivos da Associa\u00e7\u00e3o est\u00e3o a difus\u00e3o, orienta\u00e7\u00e3o, prote\u00e7\u00e3o e atua\u00e7\u00e3o em prol da preserva\u00e7\u00e3o das aves, al\u00e9m dos interesses e prerrogativas de associados, amigos da fauna e protetores de p\u00e1ssaros nativos. A entidade tamb\u00e9m promove a\u00e7\u00f5es voltadas \u00e0 sustentabilidade e atividades socioculturais, como espet\u00e1culos teatrais, dan\u00e7a, oficinas de express\u00e3o corporal, exposi\u00e7\u00f5es de artes pl\u00e1sticas e fotografia, bem como oficinas de artesanato. Tamb\u00e9m desenvolve trabalhos voltados \u00e0 preserva\u00e7\u00e3o do patrim\u00f4nio hist\u00f3rico e comunit\u00e1rio.<\/p>\n<p>Ainda segundo a justificativa, a Lei N\u00b0 1.269\/1971, que disp\u00f5e sobre as exig\u00eancias que sociedades civis, associa\u00e7\u00f5es e funda\u00e7\u00f5es precisam atender para serem declaradas de utilidade p\u00fablica, no caput do art. 1\u00b0, garante que essas organiza\u00e7\u00f5es privadas em funcionamento no Munic\u00edpio, com o fim exclusivo de servir desinteressadamente \u00e0 coletividade, podem ser declaradas de utilidade p\u00fablica.<\/p>\n<p>Com a aprova\u00e7\u00e3o do projeto de lei, o Legislativo conceder\u00e1 \u00e0 Associa\u00e7\u00e3o Ornitol\u00f3gica de Limeira e Regi\u00e3o (Assoler) a oportunidade de captar recursos e parcerias para assim cumprir os objetivos propostos pela institui\u00e7\u00e3o.<\/p>\n<hr>\n<p><em>Fonte: <a href=\"https:\/\/www.limeira.sp.leg.br\/noticias\/view\/2026-03-31_utilidade-publica-da-associacao-ornitologica-de-limeira-e-regiao-e-reconhecida-pela-camara\" target=\"_blank\" rel=\"noopener\">C\u00e2mara Municipal de Limeira<\/a><\/em><\/p>\n","protected":false},"excerpt":{"rendered":"<p>Utilidade p\u00fablica da Associa\u00e7\u00e3o Ornitol\u00f3gica de Limeira e Regi\u00e3o \u00e9 reconhecida pela C\u00e2mara<\/p>\n<p>A Associa\u00e7\u00e3o Ornitol\u00f3gica de Limeira e Regi\u00e3o (Assoler), entidade de car\u00e1ter recreativo e educacional, obteve reconhecimento de utilidade p\u00fablica na sess\u00e3o ordin\u00e1ria desta segunda-feira, 30 de mar\u00e7o, por meio<\/p>\n","protected":false},"author":4,"featured_media":60486,"comment_status":"","ping_status":"open","sticky":false,"template":"","format":"standard","meta":{"_jetpack_newsletter_access":"","_jetpack_dont_email_post_to_subs":false,"_jetpack_newsletter_tier_id":0,"_jetpack_memberships_contains_paywalled_content":false,"_mbp_banners":[],"_jetpack_feature_clip_id":0,"_jetpack_memberships_contains_paid_content":false,"footnotes":"","jetpack_publicize_message":"","jetpack_publicize_feature_enabled":true,"jetpack_social_post_already_shared":true,"jetpack_social_options":{"image_generator_settings":{"template":"highway","default_image_id":0,"font":"","enabled":false},"version":2},"jetpack_post_was_ever_published":false},"categories":[19],"tags":[],"class_list":["post-60487","post","type-post","status-publish","format-standard","has-post-thumbnail","category-politica"],"jetpack_publicize_connections":[],"jetpack-related-posts":[],"jetpack_shortlink":"https:\/\/wp.me\/p7Eq1F-fJB","jetpack_sharing_enabled":true,"jetpack_featured_media_url":"https:\/\/i0.wp.com\/guialimeira.com.br\/news\/wp-content\/uploads\/2026\/04\/noticia-camara-30.jpg?fit=1280%2C640&ssl=1","_links":{"self":[{"href":"https:\/\/guialimeira.com.br\/news\/wp-json\/wp\/v2\/posts\/60487","targetHints":{"allow":["GET"]}}],"collection":[{"href":"https:\/\/guialimeira.com.br\/news\/wp-json\/wp\/v2\/posts"}],"about":[{"href":"https:\/\/guialimeira.com.br\/news\/wp-json\/wp\/v2\/types\/post"}],"author":[{"embeddable":true,"href":"https:\/\/guialimeira.com.br\/news\/wp-json\/wp\/v2\/users\/4"}],"replies":[{"embeddable":true,"href":"https:\/\/guialimeira.com.br\/news\/wp-json\/wp\/v2\/comments?post=60487"}],"version-history":[{"count":0,"href":"https:\/\/guialimeira.com.br\/news\/wp-json\/wp\/v2\/posts\/60487\/revisions"}],"wp:featuredmedia":[{"embeddable":true,"href":"https:\/\/guialimeira.com.br\/news\/wp-json\/wp\/v2\/media\/60486"}],"wp:attachment":[{"href":"https:\/\/guialimeira.com.br\/news\/wp-json\/wp\/v2\/media?parent=60487"}],"wp:term":[{"taxonomy":"category","embeddable":true,"href":"https:\/\/guialimeira.com.br\/news\/wp-json\/wp\/v2\/categories?post=60487"},{"taxonomy":"post_tag","embeddable":true,"href":"https:\/\/guialimeira.com.br\/news\/wp-json\/wp\/v2\/tags?post=60487"}],"curies":[{"name":"wp","href":"https:\/\/api.w.org\/{rel}","templated":true}]}}