{"id":60479,"date":"2026-04-04T20:05:19","date_gmt":"2026-04-04T23:05:19","guid":{"rendered":"https:\/\/guialimeira.com.br\/helder-do-taxi-vistoria-limpeza-de-imovel-no-parque-hipolito\/"},"modified":"2026-04-04T20:05:19","modified_gmt":"2026-04-04T23:05:19","slug":"helder-do-taxi-vistoria-limpeza-de-imovel-no-parque-hipolito","status":"publish","type":"post","link":"https:\/\/guialimeira.com.br\/news\/helder-do-taxi-vistoria-limpeza-de-imovel-no-parque-hipolito\/","title":{"rendered":"Helder do T\u00e1xi vistoria limpeza de im\u00f3vel no Parque Hip\u00f3lito"},"content":{"rendered":"<p>Helder do T\u00e1xi vistoria limpeza de im\u00f3vel no Parque Hip\u00f3lito<\/p>\n<p>O vereador Helder do T\u00e1xi (PSD) acompanhou a limpeza do im\u00f3vel localizado na Rua Get\u00falio Vargas nesta segunda-feira, 30 de mar\u00e7o, no bairro Parque Hip\u00f3lito. A limpeza aconteceu ap\u00f3s o pedido do parlamentar por meio da Indica\u00e7\u00e3o N\u00ba 81\/2026 e do Requerimento N\u00ba 240\/2026. De acordo com Helder, o im\u00f3vel apresentou danos na estrutura ap\u00f3s tr\u00eas inc\u00eandios registrados, o que aumentou a preocupa\u00e7\u00e3o com a seguran\u00e7a no local.<\/p>\n<p>\u201cA Defesa Civil esteve presente acompanhando os trabalhos de limpeza e, se necess\u00e1rio, realizar\u00e1 a interdi\u00e7\u00e3o do im\u00f3vel\u201d, destacou Helder. Durante a a\u00e7\u00e3o, foram encontrados ainda focos de larvas de mosquitos, que ser\u00e3o encaminhados para an\u00e1lise, refor\u00e7ando o risco \u00e0 sa\u00fade p\u00fablica anteriormente denunciado pelos moradores.<\/p>\n<p>Devido ao risco de desmoronamento, o vereador refor\u00e7ou que a Defesa Civil tamb\u00e9m far\u00e1 os encaminhamentos necess\u00e1rios para garantir a seguran\u00e7a da popula\u00e7\u00e3o. \u201cAgrade\u00e7o \u00e0 Secretaria Municipal de Sa\u00fade, que prontamente acompanhou e verificou as condi\u00e7\u00f5es do local, e tamb\u00e9m \u00e0s demais secretarias envolvidas, como Obras e Servi\u00e7os P\u00fablicos, Seguran\u00e7a P\u00fablica e Defesa Civil e ao prefeito Murilo F\u00e9lix por atender este pedido&#8221;, disse ele.<\/p>\n<p>O vereador Helder do T\u00e1xi informou que continuar\u00e1 acompanhando a situa\u00e7\u00e3o do im\u00f3vel, uma vez que, mesmo ap\u00f3s a limpeza, o local pode servir de abrigo para moradores de rua e ainda oferece risco \u00e0 popula\u00e7\u00e3o em caso de desabamento.<\/p>\n<p>Do Gabinete Parlamentar \u2013 Vereador Helder do T\u00e1xi (PSD)<\/p>\n<p>Fotos do Gabinete Parlamentar<\/p>\n<p>As mat\u00e9rias de origem dos Gabinetes Parlamentares s\u00e3o de inteira\u00a0 responsabilidade dos parlamentares e de suas assessorias. S\u00e3o devidamente assinadas e n\u00e3o refletem, necessariamente, a opini\u00e3o institucional da C\u00e2mara Municipal de Limeira.<\/p>\n<hr>\n<p><em>Fonte: <a href=\"https:\/\/www.limeira.sp.leg.br\/noticias\/view\/2026-03-31_helder-do-taxi-vistoria-limpeza-de-imovel-no-parque-hipolito\" target=\"_blank\" rel=\"noopener\">C\u00e2mara Municipal de Limeira<\/a><\/em><\/p>\n","protected":false},"excerpt":{"rendered":"<p>Helder do T\u00e1xi vistoria limpeza de im\u00f3vel no Parque Hip\u00f3lito<\/p>\n<p>O vereador Helder do T\u00e1xi (PSD) acompanhou a limpeza do im\u00f3vel localizado na Rua Get\u00falio Vargas nesta segunda-feira, 30 de mar\u00e7o, no bairro Parque Hip\u00f3lito. A limpeza aconteceu ap\u00f3s o pedido do parlamentar por meio da Indica\u00e7\u00e3o N\u00ba 81\/2026<\/p>\n","protected":false},"author":4,"featured_media":60478,"comment_status":"","ping_status":"open","sticky":false,"template":"","format":"standard","meta":{"_jetpack_newsletter_access":"","_jetpack_dont_email_post_to_subs":false,"_jetpack_newsletter_tier_id":0,"_jetpack_memberships_contains_paywalled_content":false,"_mbp_banners":[],"_jetpack_feature_clip_id":0,"_jetpack_memberships_contains_paid_content":false,"footnotes":"","jetpack_publicize_message":"","jetpack_publicize_feature_enabled":true,"jetpack_social_post_already_shared":true,"jetpack_social_options":{"image_generator_settings":{"template":"highway","default_image_id":0,"font":"","enabled":false},"version":2},"jetpack_post_was_ever_published":false},"categories":[19],"tags":[],"class_list":["post-60479","post","type-post","status-publish","format-standard","has-post-thumbnail","category-politica"],"jetpack_publicize_connections":[],"jetpack-related-posts":[],"jetpack_shortlink":"https:\/\/wp.me\/p7Eq1F-fJt","jetpack_sharing_enabled":true,"jetpack_featured_media_url":"https:\/\/i0.wp.com\/guialimeira.com.br\/news\/wp-content\/uploads\/2026\/04\/noticia-camara-26.jpg?fit=1280%2C640&ssl=1","_links":{"self":[{"href":"https:\/\/guialimeira.com.br\/news\/wp-json\/wp\/v2\/posts\/60479","targetHints":{"allow":["GET"]}}],"collection":[{"href":"https:\/\/guialimeira.com.br\/news\/wp-json\/wp\/v2\/posts"}],"about":[{"href":"https:\/\/guialimeira.com.br\/news\/wp-json\/wp\/v2\/types\/post"}],"author":[{"embeddable":true,"href":"https:\/\/guialimeira.com.br\/news\/wp-json\/wp\/v2\/users\/4"}],"replies":[{"embeddable":true,"href":"https:\/\/guialimeira.com.br\/news\/wp-json\/wp\/v2\/comments?post=60479"}],"version-history":[{"count":0,"href":"https:\/\/guialimeira.com.br\/news\/wp-json\/wp\/v2\/posts\/60479\/revisions"}],"wp:featuredmedia":[{"embeddable":true,"href":"https:\/\/guialimeira.com.br\/news\/wp-json\/wp\/v2\/media\/60478"}],"wp:attachment":[{"href":"https:\/\/guialimeira.com.br\/news\/wp-json\/wp\/v2\/media?parent=60479"}],"wp:term":[{"taxonomy":"category","embeddable":true,"href":"https:\/\/guialimeira.com.br\/news\/wp-json\/wp\/v2\/categories?post=60479"},{"taxonomy":"post_tag","embeddable":true,"href":"https:\/\/guialimeira.com.br\/news\/wp-json\/wp\/v2\/tags?post=60479"}],"curies":[{"name":"wp","href":"https:\/\/api.w.org\/{rel}","templated":true}]}}