{"id":60477,"date":"2026-04-04T20:00:19","date_gmt":"2026-04-04T23:00:19","guid":{"rendered":"https:\/\/guialimeira.com.br\/bruna-magalhaes-celebra-inauguracao-do-ambulatorio-de-endometriose-em-limeira\/"},"modified":"2026-04-04T20:00:19","modified_gmt":"2026-04-04T23:00:19","slug":"bruna-magalhaes-celebra-inauguracao-do-ambulatorio-de-endometriose-em-limeira","status":"publish","type":"post","link":"https:\/\/guialimeira.com.br\/news\/bruna-magalhaes-celebra-inauguracao-do-ambulatorio-de-endometriose-em-limeira\/","title":{"rendered":"Bruna Magalh\u00e3es celebra inaugura\u00e7\u00e3o do Ambulat\u00f3rio de Endometriose em Limeira"},"content":{"rendered":"<p>Bruna Magalh\u00e3es celebra inaugura\u00e7\u00e3o do Ambulat\u00f3rio de Endometriose em Limeira<\/p>\n<p>Foi inaugurado nesta segunda-feira, 30 de mar\u00e7o, o Ambulat\u00f3rio de Endometriose na Unidade B\u00e1sica de Sa\u00fade (UBS) Nossa Senhora das Dores II. A iniciativa da Prefeitura atende \u00e0 Lei Ordin\u00e1ria N\u00ba 7.158\/2025, de autoria da vereadora Bruna Magalh\u00e3es. Para a parlamentar, a a\u00e7\u00e3o representa um \u201cmarco no cuidado, acolhimento e diagn\u00f3stico de uma doen\u00e7a que afeta milhares de mulheres e, por muito tempo, foi inviabilizada\u201d.<\/p>\n<p>Diagnosticada com endometriose, explica como a pr\u00f3pria dor mobilizou a constru\u00e7\u00e3o de um projeto que passa a impactar diretamente a vida de outras mulheres.\u00a0 \u201cHoje n\u00e3o \u00e9 s\u00f3 uma entrega p\u00fablica, \u00e9 a realiza\u00e7\u00e3o de um sonho. Eu sei o que \u00e9 conviver com a dor, com a demora no diagn\u00f3stico, com a falta de informa\u00e7\u00e3o. Esse ambulat\u00f3rio nasce para mudar essa realidade e dar dignidade \u00e0s mulheres da nossa cidade\u201d, destacou a vereadora.<\/p>\n<p>Segundo Bruna Magalh\u00e3es os atendimentos no ambulat\u00f3rio ter\u00e3o in\u00edcio no dia 8 de abril, \u00e0s quartas-feiras, oferecendo acompanhamento especializado, orienta\u00e7\u00e3o e acolhimento humanizado \u00e0s pacientes. \u201cA implanta\u00e7\u00e3o do servi\u00e7o refor\u00e7a o compromisso do mandato com pol\u00edticas p\u00fablicas efetivas, que saem do papel e chegam at\u00e9 quem mais precisa. Mais do que um avan\u00e7o na sa\u00fade, trata-se de um passo importante no reconhecimento, respeito e cuidado com as mulheres de Limeira\u201d, disse ela.<\/p>\n<p>Do Gabinete Parlamentar &#8211; Vereadora Bruna Magalh\u00e3es (PRTB)<\/p>\n<p>*Fotos do Gabinete parlamentar<\/p>\n<p>As mat\u00e9rias de origem dos Gabinetes Parlamentares s\u00e3o de inteira\u00a0 responsabilidade dos parlamentares e de suas assessorias. S\u00e3o devidamente assinadas e n\u00e3o refletem, necessariamente, a opini\u00e3o institucional da C\u00e2mara Municipal de Limeira.<\/p>\n<hr>\n<p><em>Fonte: <a href=\"https:\/\/www.limeira.sp.leg.br\/noticias\/view\/2026-03-31_bruna-magalhaes-celebra-inauguracao-do-ambulatorio-de-endometriose-em-limeira\" target=\"_blank\" rel=\"noopener\">C\u00e2mara Municipal de Limeira<\/a><\/em><\/p>\n","protected":false},"excerpt":{"rendered":"<p>Bruna Magalh\u00e3es celebra inaugura\u00e7\u00e3o do Ambulat\u00f3rio de Endometriose em Limeira<\/p>\n<p>Foi inaugurado nesta segunda-feira, 30 de mar\u00e7o, o Ambulat\u00f3rio de Endometriose na Unidade B\u00e1sica de Sa\u00fade (UBS) Nossa Senhora das Dores II. A iniciativa da Prefeitura atende \u00e0 Lei Ordin\u00e1ria N\u00ba 7.158\/2025, de autoria da ve<\/p>\n","protected":false},"author":4,"featured_media":60476,"comment_status":"","ping_status":"open","sticky":false,"template":"","format":"standard","meta":{"_jetpack_newsletter_access":"","_jetpack_dont_email_post_to_subs":false,"_jetpack_newsletter_tier_id":0,"_jetpack_memberships_contains_paywalled_content":false,"_mbp_banners":[],"_jetpack_feature_clip_id":0,"_jetpack_memberships_contains_paid_content":false,"footnotes":"","jetpack_publicize_message":"","jetpack_publicize_feature_enabled":true,"jetpack_social_post_already_shared":true,"jetpack_social_options":{"image_generator_settings":{"template":"highway","default_image_id":0,"font":"","enabled":false},"version":2},"jetpack_post_was_ever_published":false},"categories":[19],"tags":[],"class_list":["post-60477","post","type-post","status-publish","format-standard","has-post-thumbnail","category-politica"],"jetpack_publicize_connections":[],"jetpack-related-posts":[],"jetpack_shortlink":"https:\/\/wp.me\/p7Eq1F-fJr","jetpack_sharing_enabled":true,"jetpack_featured_media_url":"https:\/\/i0.wp.com\/guialimeira.com.br\/news\/wp-content\/uploads\/2026\/04\/noticia-camara-25.jpg?fit=1280%2C640&ssl=1","_links":{"self":[{"href":"https:\/\/guialimeira.com.br\/news\/wp-json\/wp\/v2\/posts\/60477","targetHints":{"allow":["GET"]}}],"collection":[{"href":"https:\/\/guialimeira.com.br\/news\/wp-json\/wp\/v2\/posts"}],"about":[{"href":"https:\/\/guialimeira.com.br\/news\/wp-json\/wp\/v2\/types\/post"}],"author":[{"embeddable":true,"href":"https:\/\/guialimeira.com.br\/news\/wp-json\/wp\/v2\/users\/4"}],"replies":[{"embeddable":true,"href":"https:\/\/guialimeira.com.br\/news\/wp-json\/wp\/v2\/comments?post=60477"}],"version-history":[{"count":0,"href":"https:\/\/guialimeira.com.br\/news\/wp-json\/wp\/v2\/posts\/60477\/revisions"}],"wp:featuredmedia":[{"embeddable":true,"href":"https:\/\/guialimeira.com.br\/news\/wp-json\/wp\/v2\/media\/60476"}],"wp:attachment":[{"href":"https:\/\/guialimeira.com.br\/news\/wp-json\/wp\/v2\/media?parent=60477"}],"wp:term":[{"taxonomy":"category","embeddable":true,"href":"https:\/\/guialimeira.com.br\/news\/wp-json\/wp\/v2\/categories?post=60477"},{"taxonomy":"post_tag","embeddable":true,"href":"https:\/\/guialimeira.com.br\/news\/wp-json\/wp\/v2\/tags?post=60477"}],"curies":[{"name":"wp","href":"https:\/\/api.w.org\/{rel}","templated":true}]}}