{"id":60475,"date":"2026-04-04T19:55:20","date_gmt":"2026-04-04T22:55:20","guid":{"rendered":"https:\/\/guialimeira.com.br\/mariana-calsa-viabiliza-r-440-mil-em-recursos-de-emendas-e-acompanha-visita-da-deputada-marina-helou-a-limeira\/"},"modified":"2026-04-04T19:55:20","modified_gmt":"2026-04-04T22:55:20","slug":"mariana-calsa-viabiliza-r-440-mil-em-recursos-de-emendas-e-acompanha-visita-da-deputada-marina-helou-a-limeira","status":"publish","type":"post","link":"https:\/\/guialimeira.com.br\/news\/mariana-calsa-viabiliza-r-440-mil-em-recursos-de-emendas-e-acompanha-visita-da-deputada-marina-helou-a-limeira\/","title":{"rendered":"Mariana Calsa viabiliza R$ 440 mil em recursos de emendas e acompanha visita da deputada Marina Helou a Limeira"},"content":{"rendered":"<p>Vereadora refor\u00e7a a import\u00e2ncia da parceria institucional e do acompanhamento dos recursos p\u00fablicos<\/p>\n<p>A vereadora Mariana Calsa (MDB) acompanhou a visita da deputada estadual Marina Helou (PSB), na sexta-feira, 27 de mar\u00e7o, em Limeira. Ela esteve em tr\u00eas institui\u00e7\u00f5es do munic\u00edpio que foram contempladas com o valor total de R$ 440 mil em emendas parlamentares de seu mandato, viabilizadas por articula\u00e7\u00e3o da vereadora Mariana. A agenda teve como objetivo acompanhar de perto a aplica\u00e7\u00e3o dos recursos e verificar os impactos j\u00e1 gerados para a popula\u00e7\u00e3o.<\/p>\n<p>Durante a visita, a deputada acompanhou a inaugura\u00e7\u00e3o do novo pr\u00e9dio do CAMPL-Patrulheiros, que recebeu R$ 150 mil destinados \u00e0 amplia\u00e7\u00e3o e equipagem da sede. A institui\u00e7\u00e3o atende mais de 600 adolescentes em situa\u00e7\u00e3o de vulnerabilidade, promovendo desenvolvimento por meio da educa\u00e7\u00e3o, cultura e prepara\u00e7\u00e3o para o mercado de trabalho. Segundo Mariana, a atividade conjunta permitiu \u00e0s parlamentares observarem como o investimento contribui diretamente para ampliar a capacidade de atendimento e melhorar a estrutura oferecida aos jovens.<\/p>\n<p>A agenda incluiu ainda a Etec Trajano Camargo, que recebeu R$ 140 mil para a compra de 20 aparelhos de ar-condicionado. Os equipamentos v\u00e3o garantir mais conforto t\u00e9rmico em salas de aula e ambientes administrativos, beneficiando diretamente alunos e profissionais da educa\u00e7\u00e3o.<\/p>\n<p>Na sequ\u00eancia, Marina Helou esteve na Associa\u00e7\u00e3o de Pais e Amigos dos Excepcionais (Apae) de Limeira, tamb\u00e9m contemplada com uma emenda de R$ 150 mil. O recurso est\u00e1 sendo aplicado na reforma da ala terap\u00eautica, com melhorias estruturais e aquisi\u00e7\u00e3o de equipamentos essenciais para o atendimento de crian\u00e7as e pessoas com defici\u00eancia.<\/p>\n<p>Para a vereadora Mariana Calsa, a visita refor\u00e7a a import\u00e2ncia da parceria institucional e do acompanhamento dos recursos p\u00fablicos. \u201c\u00c9 muito importante ver de perto que as emendas conquistadas j\u00e1 est\u00e3o sendo aplicadas e fazendo a diferen\u00e7a na vida das pessoas. Essa parceria com a deputada Marina Helou tem gerado resultados concretos para Limeira, fortalecendo institui\u00e7\u00f5es s\u00e9rias e comprometidas com a nossa popula\u00e7\u00e3o\u201d, destacou.<\/p>\n<p>Do Gabinete Parlamentar \u2013 Vereadora Mariana Calsa (MDB)<\/p>\n<p>*Fotos do Gabinete parlamentar<\/p>\n<p>As mat\u00e9rias de origem dos Gabinetes Parlamentares s\u00e3o de inteira\u00a0 responsabilidade dos parlamentares e de suas assessorias. S\u00e3o devidamente assinadas e n\u00e3o refletem, necessariamente, a opini\u00e3o institucional da C\u00e2mara Municipal de Limeira.<\/p>\n<hr>\n<p><em>Fonte: <a href=\"https:\/\/www.limeira.sp.leg.br\/noticias\/view\/2026-03-31_mariana-calsa-viabiliza-r-440-mil-em-recursos-de-emendas-e-acompanha-visita-da-deputada-marina-helou-a-limeira\" target=\"_blank\" rel=\"noopener\">C\u00e2mara Municipal de Limeira<\/a><\/em><\/p>\n","protected":false},"excerpt":{"rendered":"<p>Vereadora refor\u00e7a a import\u00e2ncia da parceria institucional e do acompanhamento dos recursos p\u00fablicos<\/p>\n<p>A vereadora Mariana Calsa (MDB) acompanhou a visita da deputada estadual Marina Helou (PSB), na sexta-feira, 27 de mar\u00e7o, em Limeira. Ela esteve em tr\u00eas institui\u00e7\u00f5es do munic\u00edpio que foram contemplad<\/p>\n","protected":false},"author":4,"featured_media":60474,"comment_status":"","ping_status":"open","sticky":false,"template":"","format":"standard","meta":{"_jetpack_newsletter_access":"","_jetpack_dont_email_post_to_subs":false,"_jetpack_newsletter_tier_id":0,"_jetpack_memberships_contains_paywalled_content":false,"_mbp_banners":[],"_jetpack_feature_clip_id":0,"_jetpack_memberships_contains_paid_content":false,"footnotes":"","jetpack_publicize_message":"","jetpack_publicize_feature_enabled":true,"jetpack_social_post_already_shared":true,"jetpack_social_options":{"image_generator_settings":{"template":"highway","default_image_id":0,"font":"","enabled":false},"version":2},"jetpack_post_was_ever_published":false},"categories":[19],"tags":[],"class_list":["post-60475","post","type-post","status-publish","format-standard","has-post-thumbnail","category-politica"],"jetpack_publicize_connections":[],"jetpack-related-posts":[],"jetpack_shortlink":"https:\/\/wp.me\/p7Eq1F-fJp","jetpack_sharing_enabled":true,"jetpack_featured_media_url":"https:\/\/i0.wp.com\/guialimeira.com.br\/news\/wp-content\/uploads\/2026\/04\/noticia-camara-24.jpg?fit=1280%2C640&ssl=1","_links":{"self":[{"href":"https:\/\/guialimeira.com.br\/news\/wp-json\/wp\/v2\/posts\/60475","targetHints":{"allow":["GET"]}}],"collection":[{"href":"https:\/\/guialimeira.com.br\/news\/wp-json\/wp\/v2\/posts"}],"about":[{"href":"https:\/\/guialimeira.com.br\/news\/wp-json\/wp\/v2\/types\/post"}],"author":[{"embeddable":true,"href":"https:\/\/guialimeira.com.br\/news\/wp-json\/wp\/v2\/users\/4"}],"replies":[{"embeddable":true,"href":"https:\/\/guialimeira.com.br\/news\/wp-json\/wp\/v2\/comments?post=60475"}],"version-history":[{"count":0,"href":"https:\/\/guialimeira.com.br\/news\/wp-json\/wp\/v2\/posts\/60475\/revisions"}],"wp:featuredmedia":[{"embeddable":true,"href":"https:\/\/guialimeira.com.br\/news\/wp-json\/wp\/v2\/media\/60474"}],"wp:attachment":[{"href":"https:\/\/guialimeira.com.br\/news\/wp-json\/wp\/v2\/media?parent=60475"}],"wp:term":[{"taxonomy":"category","embeddable":true,"href":"https:\/\/guialimeira.com.br\/news\/wp-json\/wp\/v2\/categories?post=60475"},{"taxonomy":"post_tag","embeddable":true,"href":"https:\/\/guialimeira.com.br\/news\/wp-json\/wp\/v2\/tags?post=60475"}],"curies":[{"name":"wp","href":"https:\/\/api.w.org\/{rel}","templated":true}]}}