{"id":60473,"date":"2026-04-04T19:50:21","date_gmt":"2026-04-04T22:50:21","guid":{"rendered":"https:\/\/guialimeira.com.br\/tatiane-lopes-solicita-informacoes-sobre-manutencao-e-poda-de-mato-no-parque-nossa-senhora-das-dores\/"},"modified":"2026-04-04T19:50:21","modified_gmt":"2026-04-04T22:50:21","slug":"tatiane-lopes-solicita-informacoes-sobre-manutencao-e-poda-de-mato-no-parque-nossa-senhora-das-dores","status":"publish","type":"post","link":"https:\/\/guialimeira.com.br\/news\/tatiane-lopes-solicita-informacoes-sobre-manutencao-e-poda-de-mato-no-parque-nossa-senhora-das-dores\/","title":{"rendered":"Tatiane Lopes solicita informa\u00e7\u00f5es sobre manuten\u00e7\u00e3o e poda de mato no Parque Nossa Senhora das Dores"},"content":{"rendered":"<p>Tatiane Lopes solicita informa\u00e7\u00f5es sobre manuten\u00e7\u00e3o e poda de mato no Parque Nossa Senhora das Dores<\/p>\n<p>A vereadora Tatiane Lopes (Avante) apresentou o Requerimento N\u00b0 261\/2026 \u00e0 Prefeitura nesta ter\u00e7a-feira, 31 de mar\u00e7o, solicitando esclarecimentos sobre a manuten\u00e7\u00e3o e a poda de mato no bairro Parque Nossa Senhora das Dores. De acordo com a parlamentar, moradores t\u00eam relatado que o mato frequentemente permanece alto na regi\u00e3o, situa\u00e7\u00e3o que compromete o bem-estar e a seguran\u00e7a da popula\u00e7\u00e3o. Em alguns casos, os pr\u00f3prios residentes t\u00eam realizado a poda, diante da aus\u00eancia do servi\u00e7o p\u00fablico.<\/p>\n<p>No documento, a vereadora destaca que a limpeza e conserva\u00e7\u00e3o das \u00e1reas p\u00fablicas s\u00e3o servi\u00e7os essenciais, especialmente para evitar riscos \u00e0 sa\u00fade, como a prolifera\u00e7\u00e3o de insetos e animais pe\u00e7onhentos.<\/p>\n<p>O requerimento solicita informa\u00e7\u00f5es detalhadas ao Poder Executivo, incluindo o cronograma atual de poda e manuten\u00e7\u00e3o em \u00e1reas verdes, escolas e unidades de sa\u00fade do bairro, bem como a periodicidade desses servi\u00e7os. Tamb\u00e9m questiona quando foi realizada a \u00faltima poda nas principais avenidas da regi\u00e3o, como Jaime Cheque, Carlos Zaccaria, Vit\u00f3rio Bortolan, dos Expedicion\u00e1rios, Frei Jo\u00e3o das Merc\u00eas e Ant\u00f4nio D\u2019Andrea.<\/p>\n<p>Al\u00e9m disso, a parlamentar pediu esclarecimentos sobre o prazo m\u00e9dio de atendimento das solicita\u00e7\u00f5es feitas pela popula\u00e7\u00e3o, poss\u00edveis registros de reclama\u00e7\u00f5es recentes, crit\u00e9rios utilizados para definir prioridades e previs\u00e3o para a pr\u00f3xima manuten\u00e7\u00e3o no bairro.<\/p>\n<p>O documento tamb\u00e9m aborda se h\u00e1 planejamento espec\u00edfico para intensificar os servi\u00e7os em per\u00edodos de maior crescimento do mato, como durante as chuvas, a frequ\u00eancia de limpeza em \u00e1reas com descarte irregular de lixo e as medidas adotadas para evitar riscos \u00e0 sa\u00fade p\u00fablica.<\/p>\n<p>Tatiane Lopes ressaltou que a iniciativa refor\u00e7a a import\u00e2ncia da transpar\u00eancia na presta\u00e7\u00e3o de servi\u00e7os p\u00fablicos e da manuten\u00e7\u00e3o adequada dos espa\u00e7os urbanos, garantindo mais qualidade de vida \u00e0 popula\u00e7\u00e3o.<\/p>\n<p>Do Gabinete Parlamentar \u2013 Vereadora Tatiane Lopes (Avante)<\/p>\n<p>Fotos do Gabinete Parlamentar<\/p>\n<p>As mat\u00e9rias de origem dos Gabinetes Parlamentares s\u00e3o de inteira\u00a0 responsabilidade dos parlamentares e de suas assessorias. S\u00e3o devidamente assinadas e n\u00e3o refletem, necessariamente, a opini\u00e3o institucional da C\u00e2mara Municipal de Limeira.<\/p>\n<hr>\n<p><em>Fonte: <a href=\"https:\/\/www.limeira.sp.leg.br\/noticias\/view\/2026-03-31_tatiane-lopes-solicita-informacoes-sobre-manutencao-e-poda-de-mato-no-parque-nossa-senhora-das-dores\" target=\"_blank\" rel=\"noopener\">C\u00e2mara Municipal de Limeira<\/a><\/em><\/p>\n","protected":false},"excerpt":{"rendered":"<p>Tatiane Lopes solicita informa\u00e7\u00f5es sobre manuten\u00e7\u00e3o e poda de mato no Parque Nossa Senhora das Dores<\/p>\n<p>A vereadora Tatiane Lopes (Avante) apresentou o Requerimento N\u00b0 261\/2026 \u00e0 Prefeitura nesta ter\u00e7a-feira, 31 de mar\u00e7o, solicitando esclarecimentos sobre a manuten\u00e7\u00e3o e a poda de mato no bairro Parque<\/p>\n","protected":false},"author":4,"featured_media":60472,"comment_status":"","ping_status":"open","sticky":false,"template":"","format":"standard","meta":{"_jetpack_newsletter_access":"","_jetpack_dont_email_post_to_subs":false,"_jetpack_newsletter_tier_id":0,"_jetpack_memberships_contains_paywalled_content":false,"_mbp_banners":[],"_jetpack_feature_clip_id":0,"_jetpack_memberships_contains_paid_content":false,"footnotes":"","jetpack_publicize_message":"","jetpack_publicize_feature_enabled":true,"jetpack_social_post_already_shared":true,"jetpack_social_options":{"image_generator_settings":{"template":"highway","default_image_id":0,"font":"","enabled":false},"version":2},"jetpack_post_was_ever_published":false},"categories":[19],"tags":[],"class_list":["post-60473","post","type-post","status-publish","format-standard","has-post-thumbnail","category-politica"],"jetpack_publicize_connections":[],"jetpack-related-posts":[],"jetpack_shortlink":"https:\/\/wp.me\/p7Eq1F-fJn","jetpack_sharing_enabled":true,"jetpack_featured_media_url":"https:\/\/i0.wp.com\/guialimeira.com.br\/news\/wp-content\/uploads\/2026\/04\/noticia-camara-23.jpg?fit=1280%2C640&ssl=1","_links":{"self":[{"href":"https:\/\/guialimeira.com.br\/news\/wp-json\/wp\/v2\/posts\/60473","targetHints":{"allow":["GET"]}}],"collection":[{"href":"https:\/\/guialimeira.com.br\/news\/wp-json\/wp\/v2\/posts"}],"about":[{"href":"https:\/\/guialimeira.com.br\/news\/wp-json\/wp\/v2\/types\/post"}],"author":[{"embeddable":true,"href":"https:\/\/guialimeira.com.br\/news\/wp-json\/wp\/v2\/users\/4"}],"replies":[{"embeddable":true,"href":"https:\/\/guialimeira.com.br\/news\/wp-json\/wp\/v2\/comments?post=60473"}],"version-history":[{"count":0,"href":"https:\/\/guialimeira.com.br\/news\/wp-json\/wp\/v2\/posts\/60473\/revisions"}],"wp:featuredmedia":[{"embeddable":true,"href":"https:\/\/guialimeira.com.br\/news\/wp-json\/wp\/v2\/media\/60472"}],"wp:attachment":[{"href":"https:\/\/guialimeira.com.br\/news\/wp-json\/wp\/v2\/media?parent=60473"}],"wp:term":[{"taxonomy":"category","embeddable":true,"href":"https:\/\/guialimeira.com.br\/news\/wp-json\/wp\/v2\/categories?post=60473"},{"taxonomy":"post_tag","embeddable":true,"href":"https:\/\/guialimeira.com.br\/news\/wp-json\/wp\/v2\/tags?post=60473"}],"curies":[{"name":"wp","href":"https:\/\/api.w.org\/{rel}","templated":true}]}}