{"id":60471,"date":"2026-04-04T19:45:27","date_gmt":"2026-04-04T22:45:27","guid":{"rendered":"https:\/\/guialimeira.com.br\/felipe-penedo-cobra-transparencia-e-rigor-tecnico-na-manutencao-das-estradas-rurais\/"},"modified":"2026-04-04T19:45:27","modified_gmt":"2026-04-04T22:45:27","slug":"felipe-penedo-cobra-transparencia-e-rigor-tecnico-na-manutencao-das-estradas-rurais","status":"publish","type":"post","link":"https:\/\/guialimeira.com.br\/news\/felipe-penedo-cobra-transparencia-e-rigor-tecnico-na-manutencao-das-estradas-rurais\/","title":{"rendered":"Felipe Penedo cobra transpar\u00eancia e rigor t\u00e9cnico na manuten\u00e7\u00e3o das estradas rurais"},"content":{"rendered":"<p>Felipe Penedo cobra transpar\u00eancia e rigor t\u00e9cnico na manuten\u00e7\u00e3o das estradas rurais<\/p>\n<p>O vereador Felipe Penedo (PL) apresentou o Requerimento N\u00b0 250\/2026 \u00e0 Prefeitura, no dia 27 de mar\u00e7o, solicitando informa\u00e7\u00f5es detalhadas sobre o acompanhamento t\u00e9cnico na execu\u00e7\u00e3o dos servi\u00e7os de manuten\u00e7\u00e3o das estradas rurais do Munic\u00edpio. O parlamentar ressaltou que a iniciativa surgiu ap\u00f3s relatos de moradores da zona rural, que apontaram poss\u00edveis falhas na realiza\u00e7\u00e3o dos servi\u00e7os, como aplica\u00e7\u00e3o inadequada de materiais e aus\u00eancia de crit\u00e9rios t\u00e9cnicos em algumas interven\u00e7\u00f5es.<\/p>\n<p>No documento, o parlamentar questiona se as obras contam com acompanhamento de profissionais habilitados, como engenheiros, e solicita a apresenta\u00e7\u00e3o das Anota\u00e7\u00f5es de Responsabilidade T\u00e9cnica (ARTs), al\u00e9m de projetos, cronogramas e demais documentos que comprovem o planejamento dos servi\u00e7os.<\/p>\n<p>Felipe Penedo tamb\u00e9m pediu esclarecimentos sobre os crit\u00e9rios utilizados para aplica\u00e7\u00e3o de materiais como cascalho e pedras, bem como a realiza\u00e7\u00e3o de etapas fundamentais, como preparo da base, nivelamento, drenagem e compacta\u00e7\u00e3o, que s\u00e3o procedimentos essenciais para garantir a durabilidade das estradas.<\/p>\n<p>Outro ponto abordado no requerimento \u00e9 a fiscaliza\u00e7\u00e3o dos servi\u00e7os, incluindo como ela \u00e9 realizada, por quem e com qual frequ\u00eancia. O vereador ainda questiona se os trabalhos s\u00e3o feitos por equipes pr\u00f3prias da Prefeitura ou por empresas terceirizadas, solicitando, neste caso, informa\u00e7\u00f5es sobre contratos e valores envolvidos.<\/p>\n<p>Al\u00e9m disso, o parlamentar busca saber se h\u00e1 controle de qualidade nas obras, com emiss\u00e3o de relat\u00f3rios t\u00e9cnicos, e qual foi o investimento realizado na manuten\u00e7\u00e3o das estradas rurais no \u00faltimo ano. Segundo Penedo, o objetivo \u00e9 assegurar que os recursos p\u00fablicos sejam aplicados com efici\u00eancia e responsabilidade. \u201c\u00c9 fundamental garantir que os servi\u00e7os sigam crit\u00e9rios t\u00e9cnicos adequados, evitando desperd\u00edcio e retrabalho, al\u00e9m de oferecer melhores condi\u00e7\u00f5es de tr\u00e1fego para os moradores da zona rural\u201d, destacou.<\/p>\n<p>O requerimento agora aguarda resposta do Poder Executivo.<\/p>\n<p>Do Gabinete Parlamentar \u2013 Vereador Felipe Penedo (PL)<\/p>\n<p>Fotos do Gabinete Parlamentar<\/p>\n<p>As mat\u00e9rias de origem dos Gabinetes Parlamentares s\u00e3o de inteira\u00a0 responsabilidade dos parlamentares e de suas assessorias. S\u00e3o devidamente assinadas e n\u00e3o refletem, necessariamente, a opini\u00e3o institucional da C\u00e2mara Municipal de Limeira.<\/p>\n<hr>\n<p><em>Fonte: <a href=\"https:\/\/www.limeira.sp.leg.br\/noticias\/view\/2026-03-31_felipe-penedo-cobra-transparencia-e-rigor-tecnico-na-manutencao-das-estradas-rurais\" target=\"_blank\" rel=\"noopener\">C\u00e2mara Municipal de Limeira<\/a><\/em><\/p>\n","protected":false},"excerpt":{"rendered":"<p>Felipe Penedo cobra transpar\u00eancia e rigor t\u00e9cnico na manuten\u00e7\u00e3o das estradas rurais<\/p>\n<p>O vereador Felipe Penedo (PL) apresentou o Requerimento N\u00b0 250\/2026 \u00e0 Prefeitura, no dia 27 de mar\u00e7o, solicitando informa\u00e7\u00f5es detalhadas sobre o acompanhamento t\u00e9cnico na execu\u00e7\u00e3o dos servi\u00e7os de manuten\u00e7\u00e3o das estr<\/p>\n","protected":false},"author":4,"featured_media":60470,"comment_status":"","ping_status":"open","sticky":false,"template":"","format":"standard","meta":{"_jetpack_newsletter_access":"","_jetpack_dont_email_post_to_subs":false,"_jetpack_newsletter_tier_id":0,"_jetpack_memberships_contains_paywalled_content":false,"_mbp_banners":[],"_jetpack_feature_clip_id":0,"_jetpack_memberships_contains_paid_content":false,"footnotes":"","jetpack_publicize_message":"","jetpack_publicize_feature_enabled":true,"jetpack_social_post_already_shared":true,"jetpack_social_options":{"image_generator_settings":{"template":"highway","default_image_id":0,"font":"","enabled":false},"version":2},"jetpack_post_was_ever_published":false},"categories":[19],"tags":[],"class_list":["post-60471","post","type-post","status-publish","format-standard","has-post-thumbnail","category-politica"],"jetpack_publicize_connections":[],"jetpack-related-posts":[],"jetpack_shortlink":"https:\/\/wp.me\/p7Eq1F-fJl","jetpack_sharing_enabled":true,"jetpack_featured_media_url":"https:\/\/i0.wp.com\/guialimeira.com.br\/news\/wp-content\/uploads\/2026\/04\/noticia-camara-22.jpg?fit=1280%2C640&ssl=1","_links":{"self":[{"href":"https:\/\/guialimeira.com.br\/news\/wp-json\/wp\/v2\/posts\/60471","targetHints":{"allow":["GET"]}}],"collection":[{"href":"https:\/\/guialimeira.com.br\/news\/wp-json\/wp\/v2\/posts"}],"about":[{"href":"https:\/\/guialimeira.com.br\/news\/wp-json\/wp\/v2\/types\/post"}],"author":[{"embeddable":true,"href":"https:\/\/guialimeira.com.br\/news\/wp-json\/wp\/v2\/users\/4"}],"replies":[{"embeddable":true,"href":"https:\/\/guialimeira.com.br\/news\/wp-json\/wp\/v2\/comments?post=60471"}],"version-history":[{"count":0,"href":"https:\/\/guialimeira.com.br\/news\/wp-json\/wp\/v2\/posts\/60471\/revisions"}],"wp:featuredmedia":[{"embeddable":true,"href":"https:\/\/guialimeira.com.br\/news\/wp-json\/wp\/v2\/media\/60470"}],"wp:attachment":[{"href":"https:\/\/guialimeira.com.br\/news\/wp-json\/wp\/v2\/media?parent=60471"}],"wp:term":[{"taxonomy":"category","embeddable":true,"href":"https:\/\/guialimeira.com.br\/news\/wp-json\/wp\/v2\/categories?post=60471"},{"taxonomy":"post_tag","embeddable":true,"href":"https:\/\/guialimeira.com.br\/news\/wp-json\/wp\/v2\/tags?post=60471"}],"curies":[{"name":"wp","href":"https:\/\/api.w.org\/{rel}","templated":true}]}}