{"id":60469,"date":"2026-04-04T19:40:19","date_gmt":"2026-04-04T22:40:19","guid":{"rendered":"https:\/\/guialimeira.com.br\/ccjr-16-proposituras-sao-analisadas-em-reuniao-dez-recebem-pareceres-favoraveis\/"},"modified":"2026-04-04T19:40:19","modified_gmt":"2026-04-04T22:40:19","slug":"ccjr-16-proposituras-sao-analisadas-em-reuniao-dez-recebem-pareceres-favoraveis","status":"publish","type":"post","link":"https:\/\/guialimeira.com.br\/news\/ccjr-16-proposituras-sao-analisadas-em-reuniao-dez-recebem-pareceres-favoraveis\/","title":{"rendered":"CCJR: 16 proposituras s\u00e3o analisadas em reuni\u00e3o; dez recebem pareceres favor\u00e1veis"},"content":{"rendered":"<p>CCJR: 16 proposituras s\u00e3o analisadas em reuni\u00e3o; dez recebem pareceres favor\u00e1veis<\/p>\n<p>A Comiss\u00e3o de Constitui\u00e7\u00e3o, Justi\u00e7a e Reda\u00e7\u00e3o (CCJR) analisou 16 proposituras na reuni\u00e3o desta ter\u00e7a-feira, 31 de mar\u00e7o, dez delas receberam pareceres favor\u00e1veis\u00a0 e tramitam para as demais comiss\u00f5es permanentes da Casa, o restante permanece em estudo ou foi encaminhado para an\u00e1lise da Procuradoria Legislativa, conforme registro em ata.<\/p>\n<p>A CCJR analisa os aspectos constitucional, legal, regimental, gramatical e l\u00f3gico de todas as proposi\u00e7\u00f5es que tramitam na C\u00e2mara. Fazem parte da Comiss\u00e3o as vereadoras Mara Isa Mattos Silveira (PL), presidente; Mariana Calsa (MDB), vice-presidente; e Joyce Dias (PSD), secret\u00e1ria.<\/p>\n<p>Confira as proposituras com pareceres favor\u00e1veis:<\/p>\n<p>Projeto de Lei N\u00ba 39\/2026, da Prefeitura, perpetua o nome de Warley Ant\u00f4nio Grotta no Distrito Industrial, com gleba localizada na Fazenda Santa Ad\u00e9lia.<\/p>\n<p>Projeto de Decreto Legislativo N\u00ba 5\/2026, da vereadora Tatiane Lopes (Avante), concede o Diploma \u201cHonra e Bravura\u201d, indicando os homenageados.<\/p>\n<p>Projeto de Decreto Legislativo N\u00ba 6\/2026, do vereador Dr. Marcelo Rossi (MDB), concede o T\u00edtulo de Cidad\u00e3o Limeirense a Marco Ant\u00f4nio Lopes Lima pelos servi\u00e7os prestados a Limeira.<\/p>\n<p>Emenda N\u00ba 6 ao Projeto de Lei N\u00ba 33\/2026, do vereador Nilton Santos (Republicanos), institui a\u00e7\u00f5es educativas de conscientiza\u00e7\u00e3o sobre os riscos do uso excessivo de telas por crian\u00e7as e adolescentes na rede municipal de ensino e cria diretrizes para elabora\u00e7\u00e3o de guia municipal de orienta\u00e7\u00e3o para pais e Respons\u00e1veis sobre o uso consciente de tecnologias digitais.<\/p>\n<p>Projeto de Lei N\u00ba 14\/2026, da Prefeitura, autoriza o Executivo a aceitar e declarar como cidades-irm\u00e3s os munic\u00edpios de Limeira e de Ganzhou, localizado na prov\u00edncia de Jiangxi, na Rep\u00fablica Popular da China.<\/p>\n<p>Projeto de Lei N\u00ba 15\/2026, do vereador Nilton Santos (Republicanos), institui diretrizes para a implementa\u00e7\u00e3o da pol\u00edtica p\u00fablica \u201cFam\u00edlias Fortalecidas\u201d, com o objetivo de promover o fortalecimento familiar por meio da educa\u00e7\u00e3o parental, fortalecer v\u00ednculos familiares e prevenir situa\u00e7\u00f5es de risco social.<\/p>\n<p>Projeto de Lei N\u00ba 16\/2026, da Prefeitura, altera dispositivos da Lei N\u00b0 5339\/2014, que disp\u00f5e sobre a cria\u00e7\u00e3o do Fundo Municipal de Gest\u00e3o Urbana (Fundurb).<\/p>\n<p>Projeto de Lei N\u00ba 31\/2026, da Prefeitura, disp\u00f5e sobre a reprograma\u00e7\u00e3o das emendas parlamentares impositivas constantes da Lei Or\u00e7ament\u00e1ria Anual vigente (Lei Ordin\u00e1ria N\u00ba 7.223\/2025) e autoriza a abertura de cr\u00e9ditos adicionais especial e suplementar.<\/p>\n<p>Projeto de Lei N\u00ba 34\/2026, do vereador Costa Junior (Podemos), institui, no \u00e2mbito da rede municipal de ensino, no programa Escola Cidad\u00e3, a \u201cSemana do Jogo de Xadrez\u201d, a ser realizada anualmente em agosto.<\/p>\n<p>Projeto de Lei N\u00ba 35\/2026, do vereador Everton Ferreira (PSD), disp\u00f5e sobre a obrigatoriedade de arboriza\u00e7\u00e3o em estacionamentos de ve\u00edculos.<\/p>\n<hr>\n<p><em>Fonte: <a href=\"https:\/\/www.limeira.sp.leg.br\/noticias\/view\/2026-03-31_ccjr-16-proposituras-sao-analisadas-em-reuniao-dez-recebem-pareceres-favoraveis\" target=\"_blank\" rel=\"noopener\">C\u00e2mara Municipal de Limeira<\/a><\/em><\/p>\n","protected":false},"excerpt":{"rendered":"<p>CCJR: 16 proposituras s\u00e3o analisadas em reuni\u00e3o; dez recebem pareceres favor\u00e1veis<\/p>\n<p>A Comiss\u00e3o de Constitui\u00e7\u00e3o, Justi\u00e7a e Reda\u00e7\u00e3o (CCJR) analisou 16 proposituras na reuni\u00e3o desta ter\u00e7a-feira, 31 de mar\u00e7o, dez delas receberam pareceres favor\u00e1veis\u00a0 e tramitam para as demais comiss\u00f5es permanentes da Cas<\/p>\n","protected":false},"author":4,"featured_media":60468,"comment_status":"","ping_status":"open","sticky":false,"template":"","format":"standard","meta":{"_jetpack_newsletter_access":"","_jetpack_dont_email_post_to_subs":false,"_jetpack_newsletter_tier_id":0,"_jetpack_memberships_contains_paywalled_content":false,"_mbp_banners":[],"_jetpack_feature_clip_id":0,"_jetpack_memberships_contains_paid_content":false,"footnotes":"","jetpack_publicize_message":"","jetpack_publicize_feature_enabled":true,"jetpack_social_post_already_shared":true,"jetpack_social_options":{"image_generator_settings":{"template":"highway","default_image_id":0,"font":"","enabled":false},"version":2},"jetpack_post_was_ever_published":false},"categories":[19],"tags":[],"class_list":["post-60469","post","type-post","status-publish","format-standard","has-post-thumbnail","category-politica"],"jetpack_publicize_connections":[],"jetpack-related-posts":[],"jetpack_shortlink":"https:\/\/wp.me\/p7Eq1F-fJj","jetpack_sharing_enabled":true,"jetpack_featured_media_url":"https:\/\/i0.wp.com\/guialimeira.com.br\/news\/wp-content\/uploads\/2026\/04\/noticia-camara-21.jpg?fit=1280%2C640&ssl=1","_links":{"self":[{"href":"https:\/\/guialimeira.com.br\/news\/wp-json\/wp\/v2\/posts\/60469","targetHints":{"allow":["GET"]}}],"collection":[{"href":"https:\/\/guialimeira.com.br\/news\/wp-json\/wp\/v2\/posts"}],"about":[{"href":"https:\/\/guialimeira.com.br\/news\/wp-json\/wp\/v2\/types\/post"}],"author":[{"embeddable":true,"href":"https:\/\/guialimeira.com.br\/news\/wp-json\/wp\/v2\/users\/4"}],"replies":[{"embeddable":true,"href":"https:\/\/guialimeira.com.br\/news\/wp-json\/wp\/v2\/comments?post=60469"}],"version-history":[{"count":0,"href":"https:\/\/guialimeira.com.br\/news\/wp-json\/wp\/v2\/posts\/60469\/revisions"}],"wp:featuredmedia":[{"embeddable":true,"href":"https:\/\/guialimeira.com.br\/news\/wp-json\/wp\/v2\/media\/60468"}],"wp:attachment":[{"href":"https:\/\/guialimeira.com.br\/news\/wp-json\/wp\/v2\/media?parent=60469"}],"wp:term":[{"taxonomy":"category","embeddable":true,"href":"https:\/\/guialimeira.com.br\/news\/wp-json\/wp\/v2\/categories?post=60469"},{"taxonomy":"post_tag","embeddable":true,"href":"https:\/\/guialimeira.com.br\/news\/wp-json\/wp\/v2\/tags?post=60469"}],"curies":[{"name":"wp","href":"https:\/\/api.w.org\/{rel}","templated":true}]}}