{"id":60467,"date":"2026-04-04T19:35:17","date_gmt":"2026-04-04T22:35:17","guid":{"rendered":"https:\/\/guialimeira.com.br\/familias-fortalecidas-projeto-de-lei-preve-criacao-de-programa-voltado-a-promocao-da-educacao-parental-2\/"},"modified":"2026-04-04T19:35:17","modified_gmt":"2026-04-04T22:35:17","slug":"familias-fortalecidas-projeto-de-lei-preve-criacao-de-programa-voltado-a-promocao-da-educacao-parental-2","status":"publish","type":"post","link":"https:\/\/guialimeira.com.br\/news\/familias-fortalecidas-projeto-de-lei-preve-criacao-de-programa-voltado-a-promocao-da-educacao-parental-2\/","title":{"rendered":"Fam\u00edlias Fortalecidas: projeto de lei prev\u00ea cria\u00e7\u00e3o de programa voltado \u00e0 promo\u00e7\u00e3o da educa\u00e7\u00e3o parental"},"content":{"rendered":"<p>Fam\u00edlias fortalecidas: projeto de lei prev\u00ea cria\u00e7\u00e3o de programa voltado \u00e0 promo\u00e7\u00e3o da educa\u00e7\u00e3o parental<\/p>\n<p>Com foco na valoriza\u00e7\u00e3o da fam\u00edlia e na prote\u00e7\u00e3o integral de crian\u00e7as e adolescentes, o vereador Nilton Santos (Republicanos) apresentou no dia 23 de mar\u00e7o o Projeto de Lei N\u00ba 15\/2026, que prop\u00f5e a implanta\u00e7\u00e3o do programa \u201cFam\u00edlias Fortalecidas\u201d no munic\u00edpio de Limeira. O parlamentar destacou que a iniciativa surge como uma resposta concreta aos desafios sociais enfrentados por muitas fam\u00edlias, como a evas\u00e3o escolar, conflitos familiares, viol\u00eancia dom\u00e9stica e exposi\u00e7\u00e3o de jovens a situa\u00e7\u00f5es de risco.<\/p>\n<p>Segundo Nilton, o programa busca atuar de forma preventiva, oferecendo orienta\u00e7\u00e3o, capacita\u00e7\u00e3o e apoio aos pais e respons\u00e1veis, fortalecendo sua atua\u00e7\u00e3o no desenvolvimento dos filhos. \u201cUm dos grandes diferenciais da proposta \u00e9 a integra\u00e7\u00e3o direta com as escolas, que ser\u00e3o protagonistas no desenvolvimento das a\u00e7\u00f5es\u201d, disse.<\/p>\n<p>O vereador ressaltou que ao utilizar o ambiente escolar como espa\u00e7o de forma\u00e7\u00e3o e di\u00e1logo com as fam\u00edlias, o programa amplia o alcance das pol\u00edticas p\u00fablicas e fortalece o v\u00ednculo entre pais, alunos e educadores, contribuindo para um ambiente mais saud\u00e1vel e prop\u00edcio ao aprendizado. \u201cAl\u00e9m disso, a rede de assist\u00eancia social ter\u00e1 papel essencial, especialmente por meio dos CRAS [Centro de Refer\u00eancia em Assist\u00eancia Social] e demais servi\u00e7os, atuando na identifica\u00e7\u00e3o de fam\u00edlias em situa\u00e7\u00e3o de vulnerabilidade, no acolhimento e no acompanhamento cont\u00ednuo. Essa atua\u00e7\u00e3o conjunta garante que as a\u00e7\u00f5es sejam mais eficazes, humanas e direcionadas a quem mais precisa\u201d, refor\u00e7ou Nilton.<\/p>\n<p>O projeto tamb\u00e9m incentiva metodologias reconhecidas, com encontros peri\u00f3dicos e atividades pr\u00e1ticas voltadas ao desenvolvimento de habilidades parentais, comunica\u00e7\u00e3o familiar e constru\u00e7\u00e3o de v\u00ednculos s\u00f3lidos, sempre com base no respeito, no afeto e na responsabilidade. Para o vereador Nilton Santos, a proposta vai al\u00e9m de uma pol\u00edtica p\u00fablica: \u201cFortalecer a fam\u00edlia \u00e9 prevenir problemas sociais antes que eles aconte\u00e7am. \u00c9 cuidar das nossas crian\u00e7as, apoiar os pais e construir uma cidade mais equilibrada e preparada para o futuro.\u201d<\/p>\n<p>Alinhado \u00e0s diretrizes da Constitui\u00e7\u00e3o Federal e do Estatuto da Crian\u00e7a e do Adolescente (ECA), o Projeto de Lei N\u00ba 15\/2026 refor\u00e7a, segundo Nilton, o compromisso com pol\u00edticas p\u00fablicas integradas, eficientes e voltadas \u00e0 promo\u00e7\u00e3o da dignidade humana. O parlamentar ainda destacou a proposta como um passo importante para Limeira, ao consolidar a uni\u00e3o entre educa\u00e7\u00e3o, assist\u00eancia social e comunidade, fortalecendo fam\u00edlias e transformando realidades.<\/p>\n<p>Do Gabinete Parlamentar \u2013 Vereador Nilton Santos (Republicanos)<\/p>\n<p>As mat\u00e9rias de origem dos Gabinetes Parlamentares s\u00e3o de inteira\u00a0 responsabilidade dos parlamentares e de suas assessorias. S\u00e3o devidamente assinadas e n\u00e3o refletem, necessariamente, a opini\u00e3o institucional da C\u00e2mara Municipal de Limeira.<\/p>\n<hr>\n<p><em>Fonte: <a href=\"https:\/\/www.limeira.sp.leg.br\/noticias\/view\/2026-04-01_familias-fortalecidas-projeto-de-lei-preve-criacao-de-programa-voltado-a-promocao-da-educacao-parental\" target=\"_blank\" rel=\"noopener\">C\u00e2mara Municipal de Limeira<\/a><\/em><\/p>\n","protected":false},"excerpt":{"rendered":"<p>Fam\u00edlias fortalecidas: projeto de lei prev\u00ea cria\u00e7\u00e3o de programa voltado \u00e0 promo\u00e7\u00e3o da educa\u00e7\u00e3o parental<\/p>\n<p>Com foco na valoriza\u00e7\u00e3o da fam\u00edlia e na prote\u00e7\u00e3o integral de crian\u00e7as e adolescentes, o vereador Nilton Santos (Republicanos) apresentou no dia 23 de mar\u00e7o o Projeto de Lei N\u00ba 15\/2026, que prop\u00f5e<\/p>\n","protected":false},"author":4,"featured_media":60466,"comment_status":"","ping_status":"open","sticky":false,"template":"","format":"standard","meta":{"_jetpack_newsletter_access":"","_jetpack_dont_email_post_to_subs":false,"_jetpack_newsletter_tier_id":0,"_jetpack_memberships_contains_paywalled_content":false,"_mbp_banners":[],"_jetpack_feature_clip_id":0,"_jetpack_memberships_contains_paid_content":false,"footnotes":"","jetpack_publicize_message":"","jetpack_publicize_feature_enabled":true,"jetpack_social_post_already_shared":true,"jetpack_social_options":{"image_generator_settings":{"template":"highway","default_image_id":0,"font":"","enabled":false},"version":2},"jetpack_post_was_ever_published":false},"categories":[19],"tags":[],"class_list":["post-60467","post","type-post","status-publish","format-standard","has-post-thumbnail","category-politica"],"jetpack_publicize_connections":[],"jetpack-related-posts":[],"jetpack_shortlink":"https:\/\/wp.me\/p7Eq1F-fJh","jetpack_sharing_enabled":true,"jetpack_featured_media_url":"https:\/\/i0.wp.com\/guialimeira.com.br\/news\/wp-content\/uploads\/2026\/04\/noticia-camara-20.jpg?fit=1280%2C640&ssl=1","_links":{"self":[{"href":"https:\/\/guialimeira.com.br\/news\/wp-json\/wp\/v2\/posts\/60467","targetHints":{"allow":["GET"]}}],"collection":[{"href":"https:\/\/guialimeira.com.br\/news\/wp-json\/wp\/v2\/posts"}],"about":[{"href":"https:\/\/guialimeira.com.br\/news\/wp-json\/wp\/v2\/types\/post"}],"author":[{"embeddable":true,"href":"https:\/\/guialimeira.com.br\/news\/wp-json\/wp\/v2\/users\/4"}],"replies":[{"embeddable":true,"href":"https:\/\/guialimeira.com.br\/news\/wp-json\/wp\/v2\/comments?post=60467"}],"version-history":[{"count":0,"href":"https:\/\/guialimeira.com.br\/news\/wp-json\/wp\/v2\/posts\/60467\/revisions"}],"wp:featuredmedia":[{"embeddable":true,"href":"https:\/\/guialimeira.com.br\/news\/wp-json\/wp\/v2\/media\/60466"}],"wp:attachment":[{"href":"https:\/\/guialimeira.com.br\/news\/wp-json\/wp\/v2\/media?parent=60467"}],"wp:term":[{"taxonomy":"category","embeddable":true,"href":"https:\/\/guialimeira.com.br\/news\/wp-json\/wp\/v2\/categories?post=60467"},{"taxonomy":"post_tag","embeddable":true,"href":"https:\/\/guialimeira.com.br\/news\/wp-json\/wp\/v2\/tags?post=60467"}],"curies":[{"name":"wp","href":"https:\/\/api.w.org\/{rel}","templated":true}]}}