{"id":60465,"date":"2026-04-04T19:30:19","date_gmt":"2026-04-04T22:30:19","guid":{"rendered":"https:\/\/guialimeira.com.br\/camara-realiza-audiencia-publica-sobre-zeladoria-e-arborizacao-urbana-no-dia-9-de-abril-2\/"},"modified":"2026-04-04T19:30:19","modified_gmt":"2026-04-04T22:30:19","slug":"camara-realiza-audiencia-publica-sobre-zeladoria-e-arborizacao-urbana-no-dia-9-de-abril-2","status":"publish","type":"post","link":"https:\/\/guialimeira.com.br\/news\/camara-realiza-audiencia-publica-sobre-zeladoria-e-arborizacao-urbana-no-dia-9-de-abril-2\/","title":{"rendered":"C\u00e2mara realiza audi\u00eancia p\u00fablica sobre zeladoria e arboriza\u00e7\u00e3o urbana no dia 9 de abril"},"content":{"rendered":"<p>C\u00e2mara realiza audi\u00eancia p\u00fablica sobre zeladoria e arboriza\u00e7\u00e3o urbana no dia 9 de abril<\/p>\n<p>Zeladoria e arboriza\u00e7\u00e3o urbana em Limeira. Esse ser\u00e1 o tema da audi\u00eancia p\u00fablica da Comiss\u00e3o de Meio Ambiente no dia 9 de abril (quinta-feira), \u00e0s 18h30, na C\u00e2mara Municipal de Limeira. O objetivo \u00e9 debater os impactos e a responsabilidade do poder p\u00fablico, sociedade e concession\u00e1rias na manuten\u00e7\u00e3o de \u00e1reas p\u00fablicas. O evento ter\u00e1 transmiss\u00e3o ao vivo pelos canais de comunica\u00e7\u00e3o do Legislativo no Youtube, Facebook e site.<\/p>\n<p>Al\u00e9m de assistir a audi\u00eancia pelas plataformas digitais, os mun\u00edcipes tamb\u00e9m podem acompanhar presencialmente no Plen\u00e1rio e fazer perguntas por meio das ferramentas de intera\u00e7\u00e3o nas redes sociais.\u00a0 Temporariamente a C\u00e2mara est\u00e1 localizada na rua Clarino Peixoto, 280 &#8211; Jardim Maria Buchi Modeneis, devido \u00e0s obras de reforma e amplia\u00e7\u00e3o da sede. Para entrar no pr\u00e9dio basta se identificar na portaria e seguir at\u00e9 o \u00faltimo bloco.\u00a0 As orienta\u00e7\u00f5es para chegar ao endere\u00e7o est\u00e3o neste link.<\/p>\n<p>O colegiado convidou autoridades municipais para participar da audi\u00eancia como os secret\u00e1rios de Meio Ambiente, de Obras e Servi\u00e7os P\u00fablicos, de Mobilidade Urbana, de Seguran\u00e7a P\u00fablica e Defesa Civil, de Urbanismo, al\u00e9m de representantes do Conselho Municipal de Meio Ambiente e do Conselho Municipal de Defesa do Meio Ambiente (Condema).<\/p>\n<p>Tamb\u00e9m est\u00e3o convidados representantes das concession\u00e1rias BRK, Neoenergia\/Elektro, da Associa\u00e7\u00e3o Comercial e Industrial de Limeira (Acil) e da Associa\u00e7\u00e3o dos Engenheiros e Arquitetos de Limeira (Aeal), da Companhia Ambiental do Estado de S\u00e3o Paulo (Cetesb), e das associa\u00e7\u00f5es de bairros que integram o Conselho Municipal de Planejamento Urbano (Complan).<\/p>\n<p>Fazem parte da Comiss\u00e3o os vereadores Felipe Penedo (PL), presidente; Tatiane Lopes (Avante), vice-presidente; e Helder do T\u00e1xi (PSD), secret\u00e1rio. As delibera\u00e7\u00f5es feitas durante a reuni\u00e3o constam em ata.<\/p>\n<p>Servi\u00e7o<\/p>\n<p>O qu\u00ea: audi\u00eancia p\u00fablica sobre zeladoria e arboriza\u00e7\u00e3o urbana<\/p>\n<p>Quando: 9 de abril (quinta-feira), \u00e0s 18h30<\/p>\n<p>Onde: Plen\u00e1rio da C\u00e2mara Municipal de Limeira, na rua Clarino Peixoto, 280 &#8211; Jardim Maria Buchi Modeneis<\/p>\n<p>Transmiss\u00e3o ao vivo pelos canais de comunica\u00e7\u00e3o do Legislativo no Youtube, Facebook e site<\/p>\n<hr>\n<p><em>Fonte: <a href=\"https:\/\/www.limeira.sp.leg.br\/noticias\/view\/2026-04-01_camara-realiza-audiencia-publica-sobre-zeladoria-e-arborizacao-urbana-no-dia-9-de-abril\" target=\"_blank\" rel=\"noopener\">C\u00e2mara Municipal de Limeira<\/a><\/em><\/p>\n","protected":false},"excerpt":{"rendered":"<p>C\u00e2mara realiza audi\u00eancia p\u00fablica sobre zeladoria e arboriza\u00e7\u00e3o urbana no dia 9 de abril<\/p>\n<p>Zeladoria e arboriza\u00e7\u00e3o urbana em Limeira. Esse ser\u00e1 o tema da audi\u00eancia p\u00fablica da Comiss\u00e3o de Meio Ambiente no dia 9 de abril (quinta-feira), \u00e0s 18h30, na C\u00e2mara Municipal de Limeira. O objetivo \u00e9 debater os i<\/p>\n","protected":false},"author":4,"featured_media":60464,"comment_status":"","ping_status":"open","sticky":false,"template":"","format":"standard","meta":{"_jetpack_newsletter_access":"","_jetpack_dont_email_post_to_subs":false,"_jetpack_newsletter_tier_id":0,"_jetpack_memberships_contains_paywalled_content":false,"_mbp_banners":[],"_jetpack_feature_clip_id":0,"_jetpack_memberships_contains_paid_content":false,"footnotes":"","jetpack_publicize_message":"","jetpack_publicize_feature_enabled":true,"jetpack_social_post_already_shared":true,"jetpack_social_options":{"image_generator_settings":{"template":"highway","default_image_id":0,"font":"","enabled":false},"version":2},"jetpack_post_was_ever_published":false},"categories":[19],"tags":[],"class_list":["post-60465","post","type-post","status-publish","format-standard","has-post-thumbnail","category-politica"],"jetpack_publicize_connections":[],"jetpack-related-posts":[],"jetpack_shortlink":"https:\/\/wp.me\/p7Eq1F-fJf","jetpack_sharing_enabled":true,"jetpack_featured_media_url":"https:\/\/i0.wp.com\/guialimeira.com.br\/news\/wp-content\/uploads\/2026\/04\/noticia-camara-19.jpg?fit=1280%2C640&ssl=1","_links":{"self":[{"href":"https:\/\/guialimeira.com.br\/news\/wp-json\/wp\/v2\/posts\/60465","targetHints":{"allow":["GET"]}}],"collection":[{"href":"https:\/\/guialimeira.com.br\/news\/wp-json\/wp\/v2\/posts"}],"about":[{"href":"https:\/\/guialimeira.com.br\/news\/wp-json\/wp\/v2\/types\/post"}],"author":[{"embeddable":true,"href":"https:\/\/guialimeira.com.br\/news\/wp-json\/wp\/v2\/users\/4"}],"replies":[{"embeddable":true,"href":"https:\/\/guialimeira.com.br\/news\/wp-json\/wp\/v2\/comments?post=60465"}],"version-history":[{"count":0,"href":"https:\/\/guialimeira.com.br\/news\/wp-json\/wp\/v2\/posts\/60465\/revisions"}],"wp:featuredmedia":[{"embeddable":true,"href":"https:\/\/guialimeira.com.br\/news\/wp-json\/wp\/v2\/media\/60464"}],"wp:attachment":[{"href":"https:\/\/guialimeira.com.br\/news\/wp-json\/wp\/v2\/media?parent=60465"}],"wp:term":[{"taxonomy":"category","embeddable":true,"href":"https:\/\/guialimeira.com.br\/news\/wp-json\/wp\/v2\/categories?post=60465"},{"taxonomy":"post_tag","embeddable":true,"href":"https:\/\/guialimeira.com.br\/news\/wp-json\/wp\/v2\/tags?post=60465"}],"curies":[{"name":"wp","href":"https:\/\/api.w.org\/{rel}","templated":true}]}}