{"id":60457,"date":"2026-04-04T19:15:20","date_gmt":"2026-04-04T22:15:20","guid":{"rendered":"https:\/\/guialimeira.com.br\/alunos-do-senac-realizam-visita-guiada-a-camara-municipal\/"},"modified":"2026-04-04T19:15:20","modified_gmt":"2026-04-04T22:15:20","slug":"alunos-do-senac-realizam-visita-guiada-a-camara-municipal","status":"publish","type":"post","link":"https:\/\/guialimeira.com.br\/news\/alunos-do-senac-realizam-visita-guiada-a-camara-municipal\/","title":{"rendered":"Alunos do Senac realizam visita guiada \u00e0 C\u00e2mara Municipal"},"content":{"rendered":"<p>Alunos do Senac realizam visita guiada \u00e0 C\u00e2mara Municipal<\/p>\n<p>Os alunos do Servi\u00e7o Nacional de Aprendizagem Comercial (Senac) fizeram uma visita guiada \u00e0 C\u00e2mara Municipal, por meio da Escola Legislativa Paulo Freire, a a\u00e7\u00e3o pedag\u00f3gica ocorreu na tarde desta quarta-feira, 1\u00b0 de abril. Essa atividade \u00e9 parte do projeto C\u00e2mara-Escola, que tem como objetivo apresentar aos estudantes como funciona o Poder Legislativo, mostrar um pouco sobre o papel dos vereadores e tamb\u00e9m proporcionar uma experi\u00eancia direta no ambiente onde ocorrem os debates e vota\u00e7\u00e3o das leis.<\/p>\n<p>Durante a visita, estiveram presentes 16 alunos acompanhados pela professora Gisele Gon\u00e7alves. Os estudantes foram recepcionados por servidores da C\u00e2mara e acompanharam uma palestra sobre a diferen\u00e7a entre os tr\u00eas poderes (Legislativo, Executivo e Judici\u00e1rio). Al\u00e9m da palestra, os estudantes conheceram um pouco do espa\u00e7o do Legislativo, tamb\u00e9m tiveram a oportunidade de conhecer o vereador Helder do T\u00e1xi (PSD).<\/p>\n<p>C\u00e2mara-Escola<\/p>\n<p>O projeto C\u00e2mara-Escola tem como objetivo promover cidadania e conhecimento a respeito das demandas do Munic\u00edpio a crian\u00e7as, adolescentes e jovens. De autoria da Mesa Diretora, a Resolu\u00e7\u00e3o N\u00b0 843\/2023 prop\u00f5e o despertar do interesse pela pol\u00edtica no \u00e2mbito municipal.<\/p>\n<p>A C\u00e2mara Municipal est\u00e1 aberta para visita\u00e7\u00e3o; todas as escolas de Limeira podem agendar uma visita guiada pelo telefone (19) 3404-7533 ou pelo e-mail escolalegislativa@limeira.sp.leg.br.<\/p>\n<hr>\n<p><em>Fonte: <a href=\"https:\/\/www.limeira.sp.leg.br\/noticias\/view\/2026-04-01_alunos-do-senac-realizam-visita-guiada-a-camara-municipal\" target=\"_blank\" rel=\"noopener\">C\u00e2mara Municipal de Limeira<\/a><\/em><\/p>\n","protected":false},"excerpt":{"rendered":"<p>Alunos do Senac realizam visita guiada \u00e0 C\u00e2mara Municipal<\/p>\n<p>Os alunos do Servi\u00e7o Nacional de Aprendizagem Comercial (Senac) fizeram uma visita guiada \u00e0 C\u00e2mara Municipal, por meio da Escola Legislativa Paulo Freire, a a\u00e7\u00e3o pedag\u00f3gica ocorreu na tarde desta quarta-feira, 1\u00b0 de abril. Essa atividade \u00e9 p<\/p>\n","protected":false},"author":4,"featured_media":60456,"comment_status":"","ping_status":"open","sticky":false,"template":"","format":"standard","meta":{"_jetpack_newsletter_access":"","_jetpack_dont_email_post_to_subs":false,"_jetpack_newsletter_tier_id":0,"_jetpack_memberships_contains_paywalled_content":false,"_mbp_banners":[],"_jetpack_feature_clip_id":0,"_jetpack_memberships_contains_paid_content":false,"footnotes":"","jetpack_publicize_message":"","jetpack_publicize_feature_enabled":true,"jetpack_social_post_already_shared":true,"jetpack_social_options":{"image_generator_settings":{"template":"highway","default_image_id":0,"font":"","enabled":false},"version":2},"jetpack_post_was_ever_published":false},"categories":[19],"tags":[],"class_list":["post-60457","post","type-post","status-publish","format-standard","has-post-thumbnail","category-politica"],"jetpack_publicize_connections":[],"jetpack-related-posts":[],"jetpack_shortlink":"https:\/\/wp.me\/p7Eq1F-fJ7","jetpack_sharing_enabled":true,"jetpack_featured_media_url":"https:\/\/i0.wp.com\/guialimeira.com.br\/news\/wp-content\/uploads\/2026\/04\/noticia-camara-16.jpg?fit=1280%2C640&ssl=1","_links":{"self":[{"href":"https:\/\/guialimeira.com.br\/news\/wp-json\/wp\/v2\/posts\/60457","targetHints":{"allow":["GET"]}}],"collection":[{"href":"https:\/\/guialimeira.com.br\/news\/wp-json\/wp\/v2\/posts"}],"about":[{"href":"https:\/\/guialimeira.com.br\/news\/wp-json\/wp\/v2\/types\/post"}],"author":[{"embeddable":true,"href":"https:\/\/guialimeira.com.br\/news\/wp-json\/wp\/v2\/users\/4"}],"replies":[{"embeddable":true,"href":"https:\/\/guialimeira.com.br\/news\/wp-json\/wp\/v2\/comments?post=60457"}],"version-history":[{"count":0,"href":"https:\/\/guialimeira.com.br\/news\/wp-json\/wp\/v2\/posts\/60457\/revisions"}],"wp:featuredmedia":[{"embeddable":true,"href":"https:\/\/guialimeira.com.br\/news\/wp-json\/wp\/v2\/media\/60456"}],"wp:attachment":[{"href":"https:\/\/guialimeira.com.br\/news\/wp-json\/wp\/v2\/media?parent=60457"}],"wp:term":[{"taxonomy":"category","embeddable":true,"href":"https:\/\/guialimeira.com.br\/news\/wp-json\/wp\/v2\/categories?post=60457"},{"taxonomy":"post_tag","embeddable":true,"href":"https:\/\/guialimeira.com.br\/news\/wp-json\/wp\/v2\/tags?post=60457"}],"curies":[{"name":"wp","href":"https:\/\/api.w.org\/{rel}","templated":true}]}}