{"id":60455,"date":"2026-04-04T19:10:20","date_gmt":"2026-04-04T22:10:20","guid":{"rendered":"https:\/\/guialimeira.com.br\/costa-junior-propoe-inclusao-de-defesa-pessoal-para-mulheres-e-artes-marciais-adaptadas-para-autistas\/"},"modified":"2026-04-04T19:10:20","modified_gmt":"2026-04-04T22:10:20","slug":"costa-junior-propoe-inclusao-de-defesa-pessoal-para-mulheres-e-artes-marciais-adaptadas-para-autistas","status":"publish","type":"post","link":"https:\/\/guialimeira.com.br\/news\/costa-junior-propoe-inclusao-de-defesa-pessoal-para-mulheres-e-artes-marciais-adaptadas-para-autistas\/","title":{"rendered":"Costa J\u00fanior prop\u00f5e inclus\u00e3o de defesa pessoal para mulheres e artes marciais adaptadas para autistas"},"content":{"rendered":"<p>Costa J\u00fanior prop\u00f5e inclus\u00e3o de defesa pessoal para mulheres e artes marciais adaptadas para autistas<\/p>\n<p>Com o objetivo de fortalecer a rede de prote\u00e7\u00e3o \u00e0 mulher e ampliar as pol\u00edticas de inclus\u00e3o social, o vereador Costa J\u00fanior (Podemos) protocolou no dia 26 de mar\u00e7o, o Requerimento N\u00b0 239\/2026 e encaminhou \u00e0 Prefeitura. O documento solicita estudos para a implanta\u00e7\u00e3o de modalidades esportivas espec\u00edficas no pr\u00f3ximo Chamamento P\u00fablico do Munic\u00edpio, como defesa pessoal para mulheres e artes marciais adaptadas para pessoas com Transtorno do Espectro Autista (TEA).<\/p>\n<p>Conforme descrito no requerimento, a proposta tem como objetivo transformar o esporte em uma ferramenta de enfrentamento \u00e0 viol\u00eancia de g\u00eanero. Nesse contexto, o parlamentar solicitou a oferta de cursos de defesa pessoal, visando contribuir para o fortalecimento da autonomia e da autoestima feminina, promover a autoconfian\u00e7a e a preven\u00e7\u00e3o contra agress\u00f5es, bem como garantir o acesso da popula\u00e7\u00e3o a atividades que integrem prote\u00e7\u00e3o social e qualidade de vida.<\/p>\n<p>Costa J\u00fanior tamb\u00e9m levou apontamentos ao Executivo sobre os crit\u00e9rios t\u00e9cnicos e pedag\u00f3gicos para garantir uma pr\u00e1tica segura, ressaltando que as artes marciais adaptadas para o p\u00fablico com TEA auxiliam no desenvolvimento motor, cognitivo e social dos praticantes e estimulam a disciplina e o bem-estar geral.<\/p>\n<p>O vereador solicitou esclarecimentos sobre a exist\u00eancia de um levantamento da demanda por essas modalidades e se h\u00e1 previs\u00e3o or\u00e7ament\u00e1ria para a inclus\u00e3o no pr\u00f3ximo chamamento p\u00fablico de esportes por parte da Administra\u00e7\u00e3o Municipal e, caso n\u00e3o haja previs\u00e3o, o parlamentar pediu que sejam detalhados os motivos t\u00e9cnicos ou administrativos que impedem a iniciativa.<\/p>\n<p>De acordo com a justificativa do autor, o objetivo do requerimento \u00e9 de incentivar a amplia\u00e7\u00e3o das pol\u00edticas p\u00fablicas esportivas em Limeira, com foco na inclus\u00e3o social e na promo\u00e7\u00e3o da seguran\u00e7a. &#8220;\u00c9 fundamental que o Munic\u00edpio avalie a possibilidade de incorporar essas modalidades, ampliando o acesso a atividades que promovam, simultaneamente, inclus\u00e3o e prote\u00e7\u00e3o social&#8221;, ressaltou Costa J\u00fanior.<\/p>\n<p>Do Gabinete Parlamentar \u2013 Vereador Costa J\u00fanior (Podemos)<\/p>\n<p>Fotos do Gabinete Parlamentar<\/p>\n<p>As mat\u00e9rias de origem dos Gabinetes Parlamentares s\u00e3o de inteira\u00a0 responsabilidade dos parlamentares e de suas assessorias. S\u00e3o devidamente assinadas e n\u00e3o refletem, necessariamente, a opini\u00e3o institucional da C\u00e2mara Municipal de Limeira.<\/p>\n<hr>\n<p><em>Fonte: <a href=\"https:\/\/www.limeira.sp.leg.br\/noticias\/view\/2026-04-01_costa-junior-propoe-inclusao-de-defesa-pessoal-para-mulheres-e-artes-marciais-adaptadas-para-autistas\" target=\"_blank\" rel=\"noopener\">C\u00e2mara Municipal de Limeira<\/a><\/em><\/p>\n","protected":false},"excerpt":{"rendered":"<p>Costa J\u00fanior prop\u00f5e inclus\u00e3o de defesa pessoal para mulheres e artes marciais adaptadas para autistas<\/p>\n<p>Com o objetivo de fortalecer a rede de prote\u00e7\u00e3o \u00e0 mulher e ampliar as pol\u00edticas de inclus\u00e3o social, o vereador Costa J\u00fanior (Podemos) protocolou no dia 26 de mar\u00e7o, o Requerimento N\u00b0 239\/2026 e enc<\/p>\n","protected":false},"author":4,"featured_media":60454,"comment_status":"","ping_status":"open","sticky":false,"template":"","format":"standard","meta":{"_jetpack_newsletter_access":"","_jetpack_dont_email_post_to_subs":false,"_jetpack_newsletter_tier_id":0,"_jetpack_memberships_contains_paywalled_content":false,"_mbp_banners":[],"_jetpack_feature_clip_id":0,"_jetpack_memberships_contains_paid_content":false,"footnotes":"","jetpack_publicize_message":"","jetpack_publicize_feature_enabled":true,"jetpack_social_post_already_shared":true,"jetpack_social_options":{"image_generator_settings":{"template":"highway","default_image_id":0,"font":"","enabled":false},"version":2},"jetpack_post_was_ever_published":false},"categories":[19],"tags":[],"class_list":["post-60455","post","type-post","status-publish","format-standard","has-post-thumbnail","category-politica"],"jetpack_publicize_connections":[],"jetpack-related-posts":[],"jetpack_shortlink":"https:\/\/wp.me\/p7Eq1F-fJ5","jetpack_sharing_enabled":true,"jetpack_featured_media_url":"https:\/\/i0.wp.com\/guialimeira.com.br\/news\/wp-content\/uploads\/2026\/04\/noticia-camara-15.jpg?fit=1280%2C640&ssl=1","_links":{"self":[{"href":"https:\/\/guialimeira.com.br\/news\/wp-json\/wp\/v2\/posts\/60455","targetHints":{"allow":["GET"]}}],"collection":[{"href":"https:\/\/guialimeira.com.br\/news\/wp-json\/wp\/v2\/posts"}],"about":[{"href":"https:\/\/guialimeira.com.br\/news\/wp-json\/wp\/v2\/types\/post"}],"author":[{"embeddable":true,"href":"https:\/\/guialimeira.com.br\/news\/wp-json\/wp\/v2\/users\/4"}],"replies":[{"embeddable":true,"href":"https:\/\/guialimeira.com.br\/news\/wp-json\/wp\/v2\/comments?post=60455"}],"version-history":[{"count":0,"href":"https:\/\/guialimeira.com.br\/news\/wp-json\/wp\/v2\/posts\/60455\/revisions"}],"wp:featuredmedia":[{"embeddable":true,"href":"https:\/\/guialimeira.com.br\/news\/wp-json\/wp\/v2\/media\/60454"}],"wp:attachment":[{"href":"https:\/\/guialimeira.com.br\/news\/wp-json\/wp\/v2\/media?parent=60455"}],"wp:term":[{"taxonomy":"category","embeddable":true,"href":"https:\/\/guialimeira.com.br\/news\/wp-json\/wp\/v2\/categories?post=60455"},{"taxonomy":"post_tag","embeddable":true,"href":"https:\/\/guialimeira.com.br\/news\/wp-json\/wp\/v2\/tags?post=60455"}],"curies":[{"name":"wp","href":"https:\/\/api.w.org\/{rel}","templated":true}]}}