{"id":60453,"date":"2026-04-04T19:05:18","date_gmt":"2026-04-04T22:05:18","guid":{"rendered":"https:\/\/guialimeira.com.br\/vereadora-isabelly-carvalho-protocola-indicacao-para-estudo-de-viabilidade-da-tarifa-zero-em-limeira-2\/"},"modified":"2026-04-04T19:05:18","modified_gmt":"2026-04-04T22:05:18","slug":"vereadora-isabelly-carvalho-protocola-indicacao-para-estudo-de-viabilidade-da-tarifa-zero-em-limeira-2","status":"publish","type":"post","link":"https:\/\/guialimeira.com.br\/news\/vereadora-isabelly-carvalho-protocola-indicacao-para-estudo-de-viabilidade-da-tarifa-zero-em-limeira-2\/","title":{"rendered":"Vereadora Isabelly Carvalho protocola indica\u00e7\u00e3o para estudo de viabilidade da Tarifa Zero em Limeira"},"content":{"rendered":"<p>Vereadora Isabelly Carvalho protocola indica\u00e7\u00e3o para estudo de viabilidade da Tarifa Zero em Limeira<\/p>\n<p>A vereadora Isabelly Carvalho (PT) protocolou nesta quinta-feira, 2 de abril, na C\u00e2mara Municipal de Limeira, a Indica\u00e7\u00e3o N\u00ba 1.437\/2026 solicitando ao Poder Executivo a realiza\u00e7\u00e3o de um estudo de viabilidade para a implementa\u00e7\u00e3o da Tarifa Zero no transporte p\u00fablico do Munic\u00edpio. Segundo a parlamentar, a proposta tem como objetivo ampliar o acesso da popula\u00e7\u00e3o ao transporte coletivo, promovendo mais inclus\u00e3o social, mobilidade urbana e qualidade de vida.<\/p>\n<p>A iniciativa tamb\u00e9m busca estimular o uso do transporte p\u00fablico, contribuindo para a redu\u00e7\u00e3o do tr\u00e2nsito e dos impactos ambientais na cidade. De acordo com a vereadora, o estudo poder\u00e1 avaliar diferentes formatos de implanta\u00e7\u00e3o, considerando a realidade or\u00e7ament\u00e1ria e operacional do Munic\u00edpio.<\/p>\n<p>Entre as possibilidades, conforme a parlamentar, est\u00e1 a implementa\u00e7\u00e3o inicial da Tarifa Zero aos finais de semana e feriados, como forma de testar o modelo e ampliar gradualmente o benef\u00edcio \u00e0 popula\u00e7\u00e3o. \u201cGarantir o direito de ir e vir \u00e9 fundamental. A Tarifa Zero \u00e9 uma pol\u00edtica p\u00fablica que pode transformar a vida de trabalhadores e trabalhadoras, estudantes e fam\u00edlias que dependem do transporte coletivo todos os dias. Come\u00e7ar pelos finais de semana e feriados pode ser um passo importante e respons\u00e1vel para avan\u00e7armos nesse debate em Limeira e garantir o acesso ao direito \u00e0 cidade\u201d, destacou Isabelly.<\/p>\n<p>A indica\u00e7\u00e3o agora segue para an\u00e1lise do Executivo Municipal, que poder\u00e1 realizar os estudos t\u00e9cnicos necess\u00e1rios para avaliar a viabilidade da proposta.<\/p>\n<p>Do Gabinete Parlamentar \u2013 Vereadora Isabelly Carvalho (PT)<\/p>\n<p>*Fotos do Gabinete Parlamentar<\/p>\n<p>As mat\u00e9rias de origem dos Gabinetes Parlamentares s\u00e3o de inteira\u00a0 responsabilidade dos parlamentares e de suas assessorias. S\u00e3o devidamente assinadas e n\u00e3o refletem, necessariamente, a opini\u00e3o institucional da C\u00e2mara Municipal de Limeira.<\/p>\n<hr>\n<p><em>Fonte: <a href=\"https:\/\/www.limeira.sp.leg.br\/noticias\/view\/2026-04-02_vereadora-isabelly-carvalho-protocola-indicacao-para-estudo-de-viabilidade-da-tarifa-zero-em-limeira\" target=\"_blank\" rel=\"noopener\">C\u00e2mara Municipal de Limeira<\/a><\/em><\/p>\n","protected":false},"excerpt":{"rendered":"<p>Vereadora Isabelly Carvalho protocola indica\u00e7\u00e3o para estudo de viabilidade da Tarifa Zero em Limeira<\/p>\n<p>A vereadora Isabelly Carvalho (PT) protocolou nesta quinta-feira, 2 de abril, na C\u00e2mara Municipal de Limeira, a Indica\u00e7\u00e3o N\u00ba 1.437\/2026 solicitando ao Poder Executivo a realiza\u00e7\u00e3o de um estudo de vi<\/p>\n","protected":false},"author":4,"featured_media":60452,"comment_status":"","ping_status":"open","sticky":false,"template":"","format":"standard","meta":{"_jetpack_newsletter_access":"","_jetpack_dont_email_post_to_subs":false,"_jetpack_newsletter_tier_id":0,"_jetpack_memberships_contains_paywalled_content":false,"_mbp_banners":[],"_jetpack_feature_clip_id":0,"_jetpack_memberships_contains_paid_content":false,"footnotes":"","jetpack_publicize_message":"","jetpack_publicize_feature_enabled":true,"jetpack_social_post_already_shared":true,"jetpack_social_options":{"image_generator_settings":{"template":"highway","default_image_id":0,"font":"","enabled":false},"version":2},"jetpack_post_was_ever_published":false},"categories":[19],"tags":[],"class_list":["post-60453","post","type-post","status-publish","format-standard","has-post-thumbnail","category-politica"],"jetpack_publicize_connections":[],"jetpack-related-posts":[],"jetpack_shortlink":"https:\/\/wp.me\/p7Eq1F-fJ3","jetpack_sharing_enabled":true,"jetpack_featured_media_url":"https:\/\/i0.wp.com\/guialimeira.com.br\/news\/wp-content\/uploads\/2026\/04\/noticia-camara-14.jpg?fit=1280%2C640&ssl=1","_links":{"self":[{"href":"https:\/\/guialimeira.com.br\/news\/wp-json\/wp\/v2\/posts\/60453","targetHints":{"allow":["GET"]}}],"collection":[{"href":"https:\/\/guialimeira.com.br\/news\/wp-json\/wp\/v2\/posts"}],"about":[{"href":"https:\/\/guialimeira.com.br\/news\/wp-json\/wp\/v2\/types\/post"}],"author":[{"embeddable":true,"href":"https:\/\/guialimeira.com.br\/news\/wp-json\/wp\/v2\/users\/4"}],"replies":[{"embeddable":true,"href":"https:\/\/guialimeira.com.br\/news\/wp-json\/wp\/v2\/comments?post=60453"}],"version-history":[{"count":0,"href":"https:\/\/guialimeira.com.br\/news\/wp-json\/wp\/v2\/posts\/60453\/revisions"}],"wp:featuredmedia":[{"embeddable":true,"href":"https:\/\/guialimeira.com.br\/news\/wp-json\/wp\/v2\/media\/60452"}],"wp:attachment":[{"href":"https:\/\/guialimeira.com.br\/news\/wp-json\/wp\/v2\/media?parent=60453"}],"wp:term":[{"taxonomy":"category","embeddable":true,"href":"https:\/\/guialimeira.com.br\/news\/wp-json\/wp\/v2\/categories?post=60453"},{"taxonomy":"post_tag","embeddable":true,"href":"https:\/\/guialimeira.com.br\/news\/wp-json\/wp\/v2\/tags?post=60453"}],"curies":[{"name":"wp","href":"https:\/\/api.w.org\/{rel}","templated":true}]}}