{"id":60449,"date":"2026-04-04T18:55:20","date_gmt":"2026-04-04T21:55:20","guid":{"rendered":"https:\/\/guialimeira.com.br\/helder-do-taxi-cobra-revitalizacao-e-criacao-de-acesso-entre-parque-hipolito-e-nova-conquista-2\/"},"modified":"2026-04-04T18:55:20","modified_gmt":"2026-04-04T21:55:20","slug":"helder-do-taxi-cobra-revitalizacao-e-criacao-de-acesso-entre-parque-hipolito-e-nova-conquista-2","status":"publish","type":"post","link":"https:\/\/guialimeira.com.br\/news\/helder-do-taxi-cobra-revitalizacao-e-criacao-de-acesso-entre-parque-hipolito-e-nova-conquista-2\/","title":{"rendered":"Helder do T\u00e1xi cobra revitaliza\u00e7\u00e3o e cria\u00e7\u00e3o de acesso entre Parque Hip\u00f3lito e Nova Conquista"},"content":{"rendered":"<p>Helder do T\u00e1xi cobra revitaliza\u00e7\u00e3o e cria\u00e7\u00e3o de acesso entre Parque Hip\u00f3lito e Nova Conquista<\/p>\n<p>O vereador Helder do T\u00e1xi (PSD) protocolou nesta quinta-feira, 2 de abril, o Requerimento N\u00ba 264\/2026, solicitando \u00e0 Prefeitura informa\u00e7\u00f5es sobre a revitaliza\u00e7\u00e3o e a cria\u00e7\u00e3o de acesso adequado \u00e0 passarela de pedestres localizada na liga\u00e7\u00e3o entre a rua Encarna\u00e7\u00e3o Carrasco Arias, no bairro Parque Hip\u00f3lito e a rua Bulg\u00e1ria, no bairro Nova Conquista.<\/p>\n<p>De acordo com o parlamentar, o objetivo do requerimento \u00e9 buscar esclarecimentos sobre as condi\u00e7\u00f5es atuais da estrutura e sobre a possibilidade de realiza\u00e7\u00e3o de melhorias no local, tendo em vista a import\u00e2ncia da passarela para a circula\u00e7\u00e3o di\u00e1ria de moradores, trabalhadores, estudantes e demais pedestres que utilizam esse acesso entre os bairros.<\/p>\n<p>Helder do T\u00e1xi destacou que a iniciativa tamb\u00e9m refor\u00e7a sua preocupa\u00e7\u00e3o com a seguran\u00e7a, a mobilidade urbana e a acessibilidade. \u201cA adequada manuten\u00e7\u00e3o da passarela e de seus acessos \u00e9 essencial para garantir mais tranquilidade a popula\u00e7\u00e3o, especialmente para crian\u00e7as, idosos e pessoas com dificuldade de locomo\u00e7\u00e3o\u201d, relatou.<\/p>\n<p>Com a apresenta\u00e7\u00e3o do requerimento, o vereador informou acerca do compromisso com as demandas da comunidade e que vai acompanhando de perto as necessidades dos bairros, cobrando provid\u00eancias e informa\u00e7\u00f5es do Poder Executivo que possam contribuir para a melhoria da qualidade de vida da popula\u00e7\u00e3o.<\/p>\n<p>Do Gabinete Parlamentar \u2013 Vereador Helder do T\u00e1xi (PSD)<\/p>\n<p>*Fotos do Gabinete parlamentar<\/p>\n<p>As mat\u00e9rias de origem dos Gabinetes Parlamentares s\u00e3o de inteira\u00a0 responsabilidade dos parlamentares e de suas assessorias. S\u00e3o devidamente assinadas e n\u00e3o refletem, necessariamente, a opini\u00e3o institucional da C\u00e2mara Municipal de Limeira.<\/p>\n<hr>\n<p><em>Fonte: <a href=\"https:\/\/www.limeira.sp.leg.br\/noticias\/view\/2026-04-02_helder-do-taxi-cobra-revitalizacao-e-criacao-de-acesso-entre-parque-hipolito-e-nova-conquista\" target=\"_blank\" rel=\"noopener\">C\u00e2mara Municipal de Limeira<\/a><\/em><\/p>\n","protected":false},"excerpt":{"rendered":"<p>Helder do T\u00e1xi cobra revitaliza\u00e7\u00e3o e cria\u00e7\u00e3o de acesso entre Parque Hip\u00f3lito e Nova Conquista<\/p>\n<p>O vereador Helder do T\u00e1xi (PSD) protocolou nesta quinta-feira, 2 de abril, o Requerimento N\u00ba 264\/2026, solicitando \u00e0 Prefeitura informa\u00e7\u00f5es sobre a revitaliza\u00e7\u00e3o e a cria\u00e7\u00e3o de acesso adequado \u00e0 passarela <\/p>\n","protected":false},"author":4,"featured_media":60448,"comment_status":"","ping_status":"open","sticky":false,"template":"","format":"standard","meta":{"_jetpack_newsletter_access":"","_jetpack_dont_email_post_to_subs":false,"_jetpack_newsletter_tier_id":0,"_jetpack_memberships_contains_paywalled_content":false,"_mbp_banners":[],"_jetpack_feature_clip_id":0,"_jetpack_memberships_contains_paid_content":false,"footnotes":"","jetpack_publicize_message":"","jetpack_publicize_feature_enabled":true,"jetpack_social_post_already_shared":true,"jetpack_social_options":{"image_generator_settings":{"template":"highway","default_image_id":0,"font":"","enabled":false},"version":2},"jetpack_post_was_ever_published":false},"categories":[19],"tags":[],"class_list":["post-60449","post","type-post","status-publish","format-standard","has-post-thumbnail","category-politica"],"jetpack_publicize_connections":[],"jetpack-related-posts":[],"jetpack_shortlink":"https:\/\/wp.me\/p7Eq1F-fIZ","jetpack_sharing_enabled":true,"jetpack_featured_media_url":"https:\/\/i0.wp.com\/guialimeira.com.br\/news\/wp-content\/uploads\/2026\/04\/noticia-camara-12.jpg?fit=1280%2C640&ssl=1","_links":{"self":[{"href":"https:\/\/guialimeira.com.br\/news\/wp-json\/wp\/v2\/posts\/60449","targetHints":{"allow":["GET"]}}],"collection":[{"href":"https:\/\/guialimeira.com.br\/news\/wp-json\/wp\/v2\/posts"}],"about":[{"href":"https:\/\/guialimeira.com.br\/news\/wp-json\/wp\/v2\/types\/post"}],"author":[{"embeddable":true,"href":"https:\/\/guialimeira.com.br\/news\/wp-json\/wp\/v2\/users\/4"}],"replies":[{"embeddable":true,"href":"https:\/\/guialimeira.com.br\/news\/wp-json\/wp\/v2\/comments?post=60449"}],"version-history":[{"count":0,"href":"https:\/\/guialimeira.com.br\/news\/wp-json\/wp\/v2\/posts\/60449\/revisions"}],"wp:featuredmedia":[{"embeddable":true,"href":"https:\/\/guialimeira.com.br\/news\/wp-json\/wp\/v2\/media\/60448"}],"wp:attachment":[{"href":"https:\/\/guialimeira.com.br\/news\/wp-json\/wp\/v2\/media?parent=60449"}],"wp:term":[{"taxonomy":"category","embeddable":true,"href":"https:\/\/guialimeira.com.br\/news\/wp-json\/wp\/v2\/categories?post=60449"},{"taxonomy":"post_tag","embeddable":true,"href":"https:\/\/guialimeira.com.br\/news\/wp-json\/wp\/v2\/tags?post=60449"}],"curies":[{"name":"wp","href":"https:\/\/api.w.org\/{rel}","templated":true}]}}