{"id":60447,"date":"2026-04-04T18:50:21","date_gmt":"2026-04-04T21:50:21","guid":{"rendered":"https:\/\/guialimeira.com.br\/limeirao-e-saf-comissao-de-esporte-vai-discutir-o-futuro-da-concessao-do-estadio\/"},"modified":"2026-04-04T18:50:21","modified_gmt":"2026-04-04T21:50:21","slug":"limeirao-e-saf-comissao-de-esporte-vai-discutir-o-futuro-da-concessao-do-estadio","status":"publish","type":"post","link":"https:\/\/guialimeira.com.br\/news\/limeirao-e-saf-comissao-de-esporte-vai-discutir-o-futuro-da-concessao-do-estadio\/","title":{"rendered":"Limeir\u00e3o e SAF: Comiss\u00e3o de Esporte vai discutir o futuro da concess\u00e3o do est\u00e1dio"},"content":{"rendered":"<p>Limeir\u00e3o: Comiss\u00e3o de Esporte vai discutir concess\u00e3o do est\u00e1dio em caso da Inter ser administrada por uma SAF<\/p>\n<p>Uma reuni\u00e3o para discutir a situa\u00e7\u00e3o da concess\u00e3o do Est\u00e1dio do Limeir\u00e3o diante da possibilidade de o time Internacional de Limeira ser administrado por uma Sociedade An\u00f4nima de Futebol (SAF) foi agendada pela Comiss\u00e3o de Esporte e Cultura da C\u00e2mara para o dia 16 de abril, \u00e0s 8h, ap\u00f3s representantes da torcida que demonstrarem preocupa\u00e7\u00e3o em rela\u00e7\u00e3o ao tema. O colegiado tamb\u00e9m encaminhou questionamentos \u00e0 prefeitura em rela\u00e7\u00e3o ao decreto que restringe a realiza\u00e7\u00e3o de eventos do Parque Cidade. Todas as delibera\u00e7\u00f5es foram registradas em ata.<\/p>\n<p>Formada pelos vereadores Guilherme Guido (PL), presidente; Costa Junior (Podemos), vice-presidente; e Waguinho da Santa Luzia (PP), secret\u00e1rio; a Comiss\u00e3o de Esporte da C\u00e2mara recebeu o diretor da torcida Interror Gabriel Pinto, e o diretor de seguran\u00e7a da Inter de Limeira, Eric Silva, na reuni\u00e3o desta quinta-feira, 2 de abril.<\/p>\n<p>Os representantes relataram aos parlamentares a preocupa\u00e7\u00e3o sobre a \u201ccompra\u201d do time Internacional de Limeira por uma SAF, afirmando que est\u00e3o sendo realizadas supostas manobras para a aprova\u00e7\u00e3o da SAF, mesmo tendo havido propostas mais \u201clucrativas\u201d rejeitadas anteriormente.<\/p>\n<p>Em virtude da concess\u00e3o do est\u00e1dio Major Jos\u00e9 Levy Sobrinho, o Limeir\u00e3o, ser vital\u00edcia enquanto a Inter de Limeira for uma associa\u00e7\u00e3o sem fins lucrativos, a Comiss\u00e3o deliberou pelo agendamento de uma reuni\u00e3o com os secret\u00e1rios Dimas Peruzza (Esporte) e Fl\u00e1vio Magdesian (Assuntos Jur\u00eddicos) para discutir as poss\u00edveis implica\u00e7\u00f5es em caso da aprova\u00e7\u00e3o da SAF. A reuni\u00e3o acontecer\u00e1 no dia 16 de abril, \u00e0s 8h, no Plen\u00e1rio Vereador Vit\u00f3rio Bortolan, com transmiss\u00e3o ao vivo. Tamb\u00e9m foram convidados representantes do Conselho Gestor da Inter e da SAF.<\/p>\n<p>Parque Cidade<\/p>\n<p>Outro tema abordado na reuni\u00e3o foi o Decreto Municipal que restringe eventos no Parque Cidade. Os vereadores querem saber quais s\u00e3o os regramentos t\u00e9cnicos estabelecidos pelo Munic\u00edpio para a permiss\u00e3o de alguns eventos e proibi\u00e7\u00e3o de outros. Pedem tamb\u00e9m a listagem de eventos realizados no local ap\u00f3s a publica\u00e7\u00e3o do Decreto, com estimativa de p\u00fablico.<\/p>\n<p>A Comiss\u00e3o<\/p>\n<p>\u00c9 de compet\u00eancia dos membros opinar sobre proposi\u00e7\u00f5es, promover debates, semin\u00e1rios e a\u00e7\u00f5es educativas que visem a identificar problemas e propor solu\u00e7\u00f5es para o fortalecimento e a melhoria das pol\u00edticas p\u00fablicas locais nas \u00e1reas de esporte, lazer, cultura e turismo, al\u00e9m de fiscalizar, acompanhar e avaliar a efetividade de programas governamentais, estudar e propor pol\u00edticas p\u00fablicas aptas a proporcionar melhoria de qualidade de vida aos mun\u00edcipes e bem-estar nessas \u00e1reas.<\/p>\n<hr>\n<p><em>Fonte: <a href=\"https:\/\/www.limeira.sp.leg.br\/noticias\/view\/2026-04-02_limeirao-e-saf-comissao-de-esporte-vai-discutir-o-futuro-da-concessao-do-estadio\" target=\"_blank\" rel=\"noopener\">C\u00e2mara Municipal de Limeira<\/a><\/em><\/p>\n","protected":false},"excerpt":{"rendered":"<p>Limeir\u00e3o: Comiss\u00e3o de Esporte vai discutir concess\u00e3o do est\u00e1dio em caso da Inter ser administrada por uma SAF<\/p>\n<p>Uma reuni\u00e3o para discutir a situa\u00e7\u00e3o da concess\u00e3o do Est\u00e1dio do Limeir\u00e3o diante da possibilidade de o time Internacional de Limeira ser administrado por uma Sociedade An\u00f4nima de Futebol (SA<\/p>\n","protected":false},"author":4,"featured_media":60446,"comment_status":"","ping_status":"open","sticky":false,"template":"","format":"standard","meta":{"_jetpack_newsletter_access":"","_jetpack_dont_email_post_to_subs":false,"_jetpack_newsletter_tier_id":0,"_jetpack_memberships_contains_paywalled_content":false,"_mbp_banners":[],"_jetpack_feature_clip_id":0,"_jetpack_memberships_contains_paid_content":false,"footnotes":"","jetpack_publicize_message":"","jetpack_publicize_feature_enabled":true,"jetpack_social_post_already_shared":true,"jetpack_social_options":{"image_generator_settings":{"template":"highway","default_image_id":0,"font":"","enabled":false},"version":2},"jetpack_post_was_ever_published":false},"categories":[19],"tags":[],"class_list":["post-60447","post","type-post","status-publish","format-standard","has-post-thumbnail","category-politica"],"jetpack_publicize_connections":[],"jetpack-related-posts":[],"jetpack_shortlink":"https:\/\/wp.me\/p7Eq1F-fIX","jetpack_sharing_enabled":true,"jetpack_featured_media_url":"https:\/\/i0.wp.com\/guialimeira.com.br\/news\/wp-content\/uploads\/2026\/04\/noticia-camara-11.jpg?fit=1280%2C640&ssl=1","_links":{"self":[{"href":"https:\/\/guialimeira.com.br\/news\/wp-json\/wp\/v2\/posts\/60447","targetHints":{"allow":["GET"]}}],"collection":[{"href":"https:\/\/guialimeira.com.br\/news\/wp-json\/wp\/v2\/posts"}],"about":[{"href":"https:\/\/guialimeira.com.br\/news\/wp-json\/wp\/v2\/types\/post"}],"author":[{"embeddable":true,"href":"https:\/\/guialimeira.com.br\/news\/wp-json\/wp\/v2\/users\/4"}],"replies":[{"embeddable":true,"href":"https:\/\/guialimeira.com.br\/news\/wp-json\/wp\/v2\/comments?post=60447"}],"version-history":[{"count":0,"href":"https:\/\/guialimeira.com.br\/news\/wp-json\/wp\/v2\/posts\/60447\/revisions"}],"wp:featuredmedia":[{"embeddable":true,"href":"https:\/\/guialimeira.com.br\/news\/wp-json\/wp\/v2\/media\/60446"}],"wp:attachment":[{"href":"https:\/\/guialimeira.com.br\/news\/wp-json\/wp\/v2\/media?parent=60447"}],"wp:term":[{"taxonomy":"category","embeddable":true,"href":"https:\/\/guialimeira.com.br\/news\/wp-json\/wp\/v2\/categories?post=60447"},{"taxonomy":"post_tag","embeddable":true,"href":"https:\/\/guialimeira.com.br\/news\/wp-json\/wp\/v2\/tags?post=60447"}],"curies":[{"name":"wp","href":"https:\/\/api.w.org\/{rel}","templated":true}]}}