{"id":60443,"date":"2026-04-04T18:42:52","date_gmt":"2026-04-04T21:42:52","guid":{"rendered":"https:\/\/guialimeira.com.br\/servico-especializado-em-molestias-infectocontagiosas-e-visitado-pela-comissao-de-saude-2\/"},"modified":"2026-04-04T18:42:52","modified_gmt":"2026-04-04T21:42:52","slug":"servico-especializado-em-molestias-infectocontagiosas-e-visitado-pela-comissao-de-saude-2","status":"publish","type":"post","link":"https:\/\/guialimeira.com.br\/news\/servico-especializado-em-molestias-infectocontagiosas-e-visitado-pela-comissao-de-saude-2\/","title":{"rendered":"Servi\u00e7o Especializado em Mol\u00e9stias Infectocontagiosas \u00e9 visitado pela Comiss\u00e3o de Sa\u00fade"},"content":{"rendered":"<p>Servi\u00e7o Especializado em Mol\u00e9stias Infectocontagiosas \u00e9 visitado pela Comiss\u00e3o de Sa\u00fade<\/p>\n<p>Conhecer a estrutura do Servi\u00e7o Especializado em Mol\u00e9stias Infectocontagiosas (Semil), esse foi o objetivo da visita realizada pela Comiss\u00e3o de Sa\u00fade da C\u00e2mara na manh\u00e3 desta quinta-feira, 2 de abril. O Semil, vinculado \u00e0 Prefeitura de Limeira, atua no diagn\u00f3stico e preven\u00e7\u00e3o de infec\u00e7\u00f5es sexualmente transmiss\u00edveis, atendendo o Munic\u00edpio e as cidades vizinhas de Engenheiro Coelho e Iracem\u00e1polis.<\/p>\n<p>Os vereadores membros da Comiss\u00e3o de Sa\u00fade, Dr. Marcelo Rossi (MDB), presidente; Z\u00e9 da Farm\u00e1cia (Solidariedade), vice-presidente; e Elias Barbosa (PRTB), secret\u00e1rio; foram recebidos pelo coordenador, Lucas dos Santos, que mostrou as depend\u00eancias e explicou o funcionamento do Servi\u00e7o.<\/p>\n<p>Al\u00e9m de prestar atendimento a pessoas com HIV, hepatite B e C, tuberculose e outras infec\u00e7\u00f5es sexualmente transmiss\u00edveis (ISTs), realizar testes r\u00e1pidos e promover campanhas de conscientiza\u00e7\u00e3o, o Semil tamb\u00e9m \u00e9 respons\u00e1vel por abastecer toda a rede de sa\u00fade de Limeira com preservativos para distribui\u00e7\u00e3o gratuita.<\/p>\n<p>A equipe m\u00e9dica \u00e9 formada por dois cl\u00ednicos gerais, um infectologista, um ginecologista e um pediatra. A unidade tamb\u00e9m conta com um psic\u00f3logo, um assistente social e dois dentistas. J\u00e1 em rela\u00e7\u00e3o \u00e0 estrutura f\u00edsica, h\u00e1 dois consult\u00f3rios m\u00e9dicos e uma sala que hoje abriga parte do estoque, mas h\u00e1 a inten\u00e7\u00e3o de convert\u00ea-la em mais um consult\u00f3rio, h\u00e1 tamb\u00e9m uma sala para os dentistas, que se revezam em turnos, uma sala para a psic\u00f3loga, sala para coleta de exames e farm\u00e1cia.<\/p>\n<p>Durante a visita, Lucas explicou aos vereadores que pretende promover algumas mudan\u00e7as nos processos internos do Semil, como a digitaliza\u00e7\u00e3o dos prontu\u00e1rios de pacientes, pois, atualmente eles est\u00e3o apenas no formato f\u00edsico, o que dificulta fazer levantamentos de quantidade de pacientes registrados e atendidos por exemplo. Conforme o coordenador explicou, existem cerca de 1300 prontu\u00e1rios de pacientes com HIV, no entanto ele estima que cerca de 700 deles est\u00e3o em atendimento ainda no Semil, uma vez que alguns podem ter se mudado, estar sendo atendidos em outras localidades ou mesmo ter falecido.<\/p>\n<p>Lucas falou ainda da necessidade de, nos mesmos moldes em que h\u00e1 um Comit\u00ea que investiga a mortalidade infantil no Munic\u00edpio, ser criado em Limeira um Comit\u00ea de investiga\u00e7\u00e3o de \u00f3bitos por HIV, para identificar se houve aumento no \u00edndice em decorr\u00eancia da enfermidade e assim identificar a necessidade de intensifica\u00e7\u00e3o de campanhas de conscientiza\u00e7\u00e3o.<\/p>\n<p>Em rela\u00e7\u00e3o \u00e0s demandas de infraestrutura, Lucas relatou aos vereadores a necessidade de troca dos computadores, uma vez que algumas m\u00e1quinas s\u00e3o antigas e demoram para processar informa\u00e7\u00f5es. J\u00e1 em rela\u00e7\u00e3o ao pr\u00e9dio, \u00e9 preciso adaptar os banheiros para dar acessibilidade \u00e0s pessoas com defici\u00eancia. Outros problemas estruturais, como infiltra\u00e7\u00f5es, j\u00e1 foram resolvidos pela imobili\u00e1ria respons\u00e1vel pela edifica\u00e7\u00e3o.<\/p>\n<p>Atendimento<\/p>\n<p>O Semil \u00e9 uma unidade da Secretaria de Sa\u00fade de Limeira focada na preven\u00e7\u00e3o, diagn\u00f3stico e tratamento de Infec\u00e7\u00f5es Sexualmente Transmiss\u00edveis (ISTs), como HIV\/Aids, s\u00edfilis e hepatites virais, oferecendo servi\u00e7os como testagem r\u00e1pida, tratamento e acompanhamento de pacientes.<\/p>\n<p>Para realizar exames \u00e9 necess\u00e1rio o agendamento, que pode ser feito pelo WhatsApp da institui\u00e7\u00e3o &#8211; (19) 3404-9600. Mas tamb\u00e9m \u00e9 poss\u00edvel realizar o teste r\u00e1pido ou a sorologia nas unidades b\u00e1sicas de sa\u00fade do Munic\u00edpio.<\/p>\n<p>O Semil fica na rua Sergipe, n\u00ba 906, na Vila Cl\u00e1udia e funciona de segunda a sexta-feira, das 7h \u00e0s 16h.<\/p>\n<hr>\n<p><em>Fonte: <a href=\"https:\/\/www.limeira.sp.leg.br\/noticias\/view\/2026-04-02_servico-especializado-em-molestias-infectocontagiosas-e-visitado-pela-comissao-de-saude\" target=\"_blank\" rel=\"noopener\">C\u00e2mara Municipal de Limeira<\/a><\/em><\/p>\n","protected":false},"excerpt":{"rendered":"<p>Servi\u00e7o Especializado em Mol\u00e9stias Infectocontagiosas \u00e9 visitado pela Comiss\u00e3o de Sa\u00fade<\/p>\n<p>Conhecer a estrutura do Servi\u00e7o Especializado em Mol\u00e9stias Infectocontagiosas (Semil), esse foi o objetivo da visita realizada pela Comiss\u00e3o de Sa\u00fade da C\u00e2mara na manh\u00e3 desta quinta-feira, 2 de abril. O Semil, v<\/p>\n","protected":false},"author":4,"featured_media":60442,"comment_status":"","ping_status":"open","sticky":false,"template":"","format":"standard","meta":{"_jetpack_newsletter_access":"","_jetpack_dont_email_post_to_subs":false,"_jetpack_newsletter_tier_id":0,"_jetpack_memberships_contains_paywalled_content":false,"_mbp_banners":[],"_jetpack_feature_clip_id":0,"_jetpack_memberships_contains_paid_content":false,"footnotes":"","jetpack_publicize_message":"","jetpack_publicize_feature_enabled":true,"jetpack_social_post_already_shared":true,"jetpack_social_options":{"image_generator_settings":{"template":"highway","default_image_id":0,"font":"","enabled":false},"version":2},"jetpack_post_was_ever_published":false},"categories":[19],"tags":[],"class_list":["post-60443","post","type-post","status-publish","format-standard","has-post-thumbnail","category-politica"],"jetpack_publicize_connections":[],"jetpack-related-posts":[],"jetpack_shortlink":"https:\/\/wp.me\/p7Eq1F-fIT","jetpack_sharing_enabled":true,"jetpack_featured_media_url":"https:\/\/i0.wp.com\/guialimeira.com.br\/news\/wp-content\/uploads\/2026\/04\/noticia-camara-9.jpg?fit=1280%2C640&ssl=1","_links":{"self":[{"href":"https:\/\/guialimeira.com.br\/news\/wp-json\/wp\/v2\/posts\/60443","targetHints":{"allow":["GET"]}}],"collection":[{"href":"https:\/\/guialimeira.com.br\/news\/wp-json\/wp\/v2\/posts"}],"about":[{"href":"https:\/\/guialimeira.com.br\/news\/wp-json\/wp\/v2\/types\/post"}],"author":[{"embeddable":true,"href":"https:\/\/guialimeira.com.br\/news\/wp-json\/wp\/v2\/users\/4"}],"replies":[{"embeddable":true,"href":"https:\/\/guialimeira.com.br\/news\/wp-json\/wp\/v2\/comments?post=60443"}],"version-history":[{"count":0,"href":"https:\/\/guialimeira.com.br\/news\/wp-json\/wp\/v2\/posts\/60443\/revisions"}],"wp:featuredmedia":[{"embeddable":true,"href":"https:\/\/guialimeira.com.br\/news\/wp-json\/wp\/v2\/media\/60442"}],"wp:attachment":[{"href":"https:\/\/guialimeira.com.br\/news\/wp-json\/wp\/v2\/media?parent=60443"}],"wp:term":[{"taxonomy":"category","embeddable":true,"href":"https:\/\/guialimeira.com.br\/news\/wp-json\/wp\/v2\/categories?post=60443"},{"taxonomy":"post_tag","embeddable":true,"href":"https:\/\/guialimeira.com.br\/news\/wp-json\/wp\/v2\/tags?post=60443"}],"curies":[{"name":"wp","href":"https:\/\/api.w.org\/{rel}","templated":true}]}}