{"id":60441,"date":"2026-04-04T18:35:45","date_gmt":"2026-04-04T21:35:45","guid":{"rendered":"https:\/\/guialimeira.com.br\/primeira-sessao-de-abril-tem-cinco-projetos-na-pauta-de-votacao-da-camara-2\/"},"modified":"2026-04-04T18:35:45","modified_gmt":"2026-04-04T21:35:45","slug":"primeira-sessao-de-abril-tem-cinco-projetos-na-pauta-de-votacao-da-camara-2","status":"publish","type":"post","link":"https:\/\/guialimeira.com.br\/news\/primeira-sessao-de-abril-tem-cinco-projetos-na-pauta-de-votacao-da-camara-2\/","title":{"rendered":"Primeira sess\u00e3o de abril tem cinco projetos na pauta de vota\u00e7\u00e3o da C\u00e2mara"},"content":{"rendered":"<p>Primeira sess\u00e3o de abril tem cinco projetos na pauta de vota\u00e7\u00e3o da C\u00e2mara          A primeira sess\u00e3o ordin\u00e1ria de abril tem cinco itens na pauta de vota\u00e7\u00e3o da C\u00e2mara. Todos os projetos pautados na Ordem do Dia de segunda-feira, 6 de abril, s\u00e3o de autoria dos vereadores. Os parlamentares tamb\u00e9m discutem requerimentos durante o Expediente e apreciam mo\u00e7\u00f5es. Os trabalhos s\u00e3o transmitidos ao vivo, a partir das 17h, nos canais de comunica\u00e7\u00e3o do Legislativo no Youtube, Facebook e site, e pela R\u00e1dio Limeira FM 106,9. Devido \u00e0s obras de reforma e amplia\u00e7\u00e3o da sede, a C\u00e2mara est\u00e1 localizada na rua Clarino Peixoto, 280 &#8211; Jardim Maria Buchi Modeneis; para entrar no pr\u00e9dio e acompanhar as sess\u00f5es presencialmente basta se identificar na portaria e seguir at\u00e9 o \u00faltimo bloco. Para saber como chegar no novo endere\u00e7o, acesse este link. Confira as proposituras que v\u00e3o \u00e0 vota\u00e7\u00e3o: Projeto de Lei N\u00ba 96\/2024, da vereadora Lu Bogo (PL), renumera o par\u00e1grafo \u00fanico e acrescenta o par\u00e1grafo 2\u00ba ambos no art. 1\u00ba da Lei N\u00ba 6813\/2022, que disp\u00f5e sobre a cria\u00e7\u00e3o de vagas de embarque e desembarque para motoristas que realizam o servi\u00e7o de transporte individual de passageiros oferecido e solicitado exclusivamente por aplicativos. Projeto de Lei N\u00ba 52\/2025, do vereador Elias Barbosa (PRTB), altera dispositivos da Lei N\u00ba 5973\/2018, que disp\u00f5e sobre a obrigatoriedade de atendimento preferencial nos estabelecimentos \u00e0s pessoas com Transtorno do Espectro Autista (TEA) e obriga os estabelecimentos p\u00fablicos e privados de Limeira a inserirem nas placas de atendimento priorit\u00e1rio o s\u00edmbolo mundial do autismo. Projeto de Lei N\u00ba 54\/2025, do vereador Costa Junior (Podemos), disp\u00f5e sobre a cria\u00e7\u00e3o de par\u00e2metros de incentivos para mecanismos de tecnologia de seguran\u00e7a em Limeira. Projeto de Lei N\u00ba 153\/2025, dos vereadores Estev\u00e3o Nogueira (Avante) e Mara Isa Mattos Silveira (PL), institui a pol\u00edtica municipal de incentivo \u00e0 mobilidade sustent\u00e1vel com foco em ve\u00edculos el\u00e9tricos, h\u00edbridos e outros combust\u00edveis limpos objetivando a integra\u00e7\u00e3o entre modais no Munic\u00edpio. Projeto de Lei N\u00ba 185\/2025, do vereador M\u00e1rcio do Estacionamento (DC), altera a Lei N\u00ba 5494\/2015, que disp\u00f5e sobre o C\u00f3digo de Posturas do Munic\u00edpio de Limeira, para incluir os arts. 19-A \u00e0 19-C, que institui diretrizes gerais para o combate \u00e0 picha\u00e7\u00e3o.<\/p>\n<hr>\n<p><em>Fonte: <a href=\"https:\/\/www.limeira.sp.leg.br\/noticias\/view\/2026-04-02_primeira-sessao-de-abril-tem-cinco-projetos-na-pauta-de-votacao-da-camara\" target=\"_blank\" rel=\"noopener\">C\u00e2mara Municipal de Limeira<\/a><\/em><\/p>\n","protected":false},"excerpt":{"rendered":"<p>Primeira sess\u00e3o de abril tem cinco projetos na pauta de vota\u00e7\u00e3o da C\u00e2mara   <\/p>\n<p>A primeira sess\u00e3o ordin\u00e1ria de abril tem cinco itens na pauta de vota\u00e7\u00e3o da C\u00e2mara. Todos os projetos pautados na Ordem do Dia de segunda-feira, 6 de abril, s\u00e3o de autoria dos vereadores. Os parlamentares tamb\u00e9m discu<\/p>\n","protected":false},"author":4,"featured_media":60440,"comment_status":"","ping_status":"open","sticky":false,"template":"","format":"standard","meta":{"_jetpack_newsletter_access":"","_jetpack_dont_email_post_to_subs":false,"_jetpack_newsletter_tier_id":0,"_jetpack_memberships_contains_paywalled_content":false,"_mbp_banners":[],"_jetpack_feature_clip_id":0,"_jetpack_memberships_contains_paid_content":false,"footnotes":"","jetpack_publicize_message":"","jetpack_publicize_feature_enabled":true,"jetpack_social_post_already_shared":true,"jetpack_social_options":{"image_generator_settings":{"template":"highway","default_image_id":0,"font":"","enabled":false},"version":2},"jetpack_post_was_ever_published":false},"categories":[19],"tags":[],"class_list":["post-60441","post","type-post","status-publish","format-standard","has-post-thumbnail","category-politica"],"jetpack_publicize_connections":[],"jetpack-related-posts":[],"jetpack_shortlink":"https:\/\/wp.me\/p7Eq1F-fIR","jetpack_sharing_enabled":true,"jetpack_featured_media_url":"https:\/\/i0.wp.com\/guialimeira.com.br\/news\/wp-content\/uploads\/2026\/04\/noticia-camara-8.jpg?fit=1280%2C640&ssl=1","_links":{"self":[{"href":"https:\/\/guialimeira.com.br\/news\/wp-json\/wp\/v2\/posts\/60441","targetHints":{"allow":["GET"]}}],"collection":[{"href":"https:\/\/guialimeira.com.br\/news\/wp-json\/wp\/v2\/posts"}],"about":[{"href":"https:\/\/guialimeira.com.br\/news\/wp-json\/wp\/v2\/types\/post"}],"author":[{"embeddable":true,"href":"https:\/\/guialimeira.com.br\/news\/wp-json\/wp\/v2\/users\/4"}],"replies":[{"embeddable":true,"href":"https:\/\/guialimeira.com.br\/news\/wp-json\/wp\/v2\/comments?post=60441"}],"version-history":[{"count":0,"href":"https:\/\/guialimeira.com.br\/news\/wp-json\/wp\/v2\/posts\/60441\/revisions"}],"wp:featuredmedia":[{"embeddable":true,"href":"https:\/\/guialimeira.com.br\/news\/wp-json\/wp\/v2\/media\/60440"}],"wp:attachment":[{"href":"https:\/\/guialimeira.com.br\/news\/wp-json\/wp\/v2\/media?parent=60441"}],"wp:term":[{"taxonomy":"category","embeddable":true,"href":"https:\/\/guialimeira.com.br\/news\/wp-json\/wp\/v2\/categories?post=60441"},{"taxonomy":"post_tag","embeddable":true,"href":"https:\/\/guialimeira.com.br\/news\/wp-json\/wp\/v2\/tags?post=60441"}],"curies":[{"name":"wp","href":"https:\/\/api.w.org\/{rel}","templated":true}]}}