{"id":6043,"date":"2024-05-22T22:12:48","date_gmt":"2024-05-23T01:12:48","guid":{"rendered":"https:\/\/guialimeira.com.br\/2024\/05\/22\/seguranca-alimentar-e-nutricional-sao-fundamentais-para-saude\/"},"modified":"2024-05-22T22:12:48","modified_gmt":"2024-05-23T01:12:48","slug":"seguranca-alimentar-e-nutricional-sao-fundamentais-para-saude","status":"publish","type":"post","link":"https:\/\/guialimeira.com.br\/news\/seguranca-alimentar-e-nutricional-sao-fundamentais-para-saude\/","title":{"rendered":"seguran\u00e7a alimentar e nutricional s\u00e3o fundamentais para sa\u00fade"},"content":{"rendered":"<p> <br \/>\n<\/p>\n<div id=\"\">&#13;<br \/>\n                                <!-- Title -->&#13;<br \/>\n                                &#13;<br \/>\n&#13;<br \/>\n                                <!-- Excerpt -->&#13;<\/p>\n<p class=\"excerpt\">O estudo aponta que agricultura urbana tem capacidade de abastecer a popula\u00e7\u00e3o e combater a chamada monotonia alimentar <\/p>\n<p>&#13;<br \/>\n&#13;<br \/>\n                                &#13;\n                            <\/p><\/div>\n<div id=\"\">&#13;<\/p>\n<figure id=\"attachment_5886505\" style=\"width: 100%;max-width: 747px\" class=\"wp-caption alignnone\"><img data-recalc-dims=\"1\" decoding=\"async\" loading=\"lazy\" class=\" wp-image-5886505\" src=\"https:\/\/i0.wp.com\/www.saopaulo.sp.gov.br\/wp-content\/uploads\/2024\/05\/20231016_00_calculo_composicao_alimentos_forc_usp-300x158.jpg?resize=696%2C366&#038;ssl=1\" alt=\"\" width=\"696\" height=\"366\" srcset=\"https:\/\/www.saopaulo.sp.gov.br\/wp-content\/uploads\/2024\/05\/20231016_00_calculo_composicao_alimentos_forc_usp-300x158.jpg 300w, https:\/\/www.saopaulo.sp.gov.br\/wp-content\/uploads\/2024\/05\/20231016_00_calculo_composicao_alimentos_forc_usp-768x403.jpg 768w, https:\/\/www.saopaulo.sp.gov.br\/wp-content\/uploads\/2024\/05\/20231016_00_calculo_composicao_alimentos_forc_usp.jpg 800w\" sizes=\"auto, (max-width: 747px) 100vw, 747px\"\/><figcaption class=\"wp-caption-text\">Um dos fatores que poderiam contribuir para aumentar o consumo de alimentos saud\u00e1veis entre a popula\u00e7\u00e3o \u00e9 a aproxima\u00e7\u00e3o da produ\u00e7\u00e3o com as grandes \u00e1reas urbanas<\/figcaption><\/figure>\n<p>O Relat\u00f3rio\u00a0<a href=\"https:\/\/escolhas.org\/wp-content\/uploads\/2024\/04\/PolicyBrief_7_AUP-e-Saude.pdf\" target=\"_blank\" rel=\"noopener noreferrer\">Promo\u00e7\u00e3o da Sa\u00fade e a Produ\u00e7\u00e3o de Alimentos nas Cidades<\/a>, produzido com a participa\u00e7\u00e3o de pesquisadores da Faculdade de Sa\u00fade P\u00fablica (FSP) da Universidade de S\u00e3o Paulo, traz a s\u00edntese dos resultados de uma an\u00e1lise realizada conjuntamente pelas equipes do Instituto Escolhas e da C\u00e1tedra Josu\u00e9 de Castro de Sistemas Alimentares Saud\u00e1veis e Sustent\u00e1veis. Nadine Marques, pesquisadora da C\u00e1tedra da Faculdade de Sa\u00fade P\u00fablica da USP, explica a import\u00e2ncia da seguran\u00e7a alimentar para a promo\u00e7\u00e3o da sa\u00fade p\u00fablica entre a popula\u00e7\u00e3o.<\/p>\n<p>Segundo a especialista, a defini\u00e7\u00e3o de promo\u00e7\u00e3o de sa\u00fade envolve um conceito bem mais amplo do que apenas tratamento e preven\u00e7\u00e3o de doen\u00e7as. Ela explica que esse termo engloba um conjunto de estrat\u00e9gias e pol\u00edticas de a\u00e7\u00f5es de interven\u00e7\u00e3o que buscam melhorar a qualidade de vida dos indiv\u00edduos, atuando sobre uma variedade de condicionantes chamadas determinantes sociais.<\/p>\n<p>Sob essa perspectiva, a pesquisadora conta que os sistemas alimentares e a seguran\u00e7a nutricional s\u00e3o parte importante da promo\u00e7\u00e3o da sa\u00fade, porque, al\u00e9m de promover maior bem-estar social, promovem uma s\u00e9rie de benef\u00edcios no combate a doen\u00e7as cardiovasculares e problemas com obesidade.<\/p>\n<p>Ela conta que j\u00e1 s\u00e3o observados problemas de sobrepeso tanto na popula\u00e7\u00e3o adulta quanto na infantil e mesmo os pa\u00edses mais desenvolvidos est\u00e3o enfrentando dificuldades para amenizar essa condi\u00e7\u00e3o. \u201cEnt\u00e3o, a promo\u00e7\u00e3o de sa\u00fade \u00e9 muito importante nessa quest\u00e3o de promover o bem-estar e antever os problemas, justamente para n\u00e3o precisar atuar no tratamento ou na cura de uma dessas doen\u00e7as. O intuito da seguran\u00e7a alimentar e promo\u00e7\u00e3o da sa\u00fade \u00e9 atuar realmente na preven\u00e7\u00e3o, para evitar que esses problemas aconte\u00e7am\u201d, explica.<\/p>\n<p><strong>M\u00e1 nutri\u00e7\u00e3o<\/strong><\/p>\n<p>Conforme Nadine, a m\u00e1 nutri\u00e7\u00e3o causa duas condi\u00e7\u00f5es alarmantes e que, por muitas vezes, podem ser entendidas como fatores opostos, quando, na verdade, podem estar presentes no mesmo indiv\u00edduo: a desnutri\u00e7\u00e3o e a obesidade. Ela conta que uma pessoa pode estar subnutrida por ter d\u00e9ficits de vitaminas e minerais no seu corpo em decorr\u00eancia da falta de consumo de alimentos frescos e naturais, como cereais, legumes, frutas e verduras. Por outro lado, esse mesmo indiv\u00edduo, mesmo subnutrido, pode apresentar obesidade por ingerir frequentemente os chamados alimentos ultraprocessados, os quais s\u00e3o ricos em gorduras, a\u00e7\u00facares, s\u00f3dio e conservantes.<\/p>\n<p>A especialista conta que a alimenta\u00e7\u00e3o das pessoas \u00e9 influenciada pelos ambientes alimentares, os quais s\u00e3o o conjunto de condi\u00e7\u00f5es f\u00edsicas, financeiras, socioculturais e pol\u00edticas que v\u00e3o ter influ\u00eancia sobre o acesso aos alimentos e sua qualidade, al\u00e9m das escolhas e prefer\u00eancias alimentares das pessoas. \u201cIsso \u00e9 observado em pa\u00edses em que predomina a prefer\u00eancia pelo consumo de produtos muito cal\u00f3ricos, com poucos nutrientes, ou seja, os ultraprocessados, aqueles preferidos pelas redes de fast foods. Ent\u00e3o, hoje em dia, vemos um aumento no consumo de alimentos ultraprocessados em detrimento dos alimentos frescos e naturais\u201d, conta.<\/p>\n<p><strong>Produ\u00e7\u00e3o alimentar<\/strong><\/p>\n<p>Para Nadine Marques, um dos fatores que poderiam contribuir para aumentar o consumo de alimentos saud\u00e1veis entre a popula\u00e7\u00e3o \u00e9 a aproxima\u00e7\u00e3o da produ\u00e7\u00e3o com as grandes \u00e1reas urbanas, de modo que as etapas de processamento e log\u00edstica sejam menores e, por conseguinte, os pre\u00e7os finais desses alimentos diminuam. Dessa maneira, conta ela, as pessoas teriam mais condi\u00e7\u00f5es de inserir em sua dieta as frutas, legumes e verduras, bem como diminuir gradativamente o consumo dos ultraprocessados.<\/p>\n<p>\u201cPortanto, esse relat\u00f3rio tem sido desenvolvido com um olhar apurado sobre a produ\u00e7\u00e3o de alimentos na cidade, tanto no sentido de garantir seguran\u00e7a alimentar e nutricional quanto no sentido de promover a sa\u00fade, que \u00e9 o principal foco. Ent\u00e3o foi observado que a agricultura urbana de metr\u00f3poles como S\u00e3o Paulo tem a capacidade de abastecer a popula\u00e7\u00e3o e combater a chamada monotonia alimentar, assim como a ingest\u00e3o de ultraprocessados\u201d, finaliza.<\/p>\n<p>Siga o canal \u201cGoverno de S\u00e3o Paulo\u201d no WhatsApp:<br \/><a href=\"https:\/\/bit.ly\/govspnozap\" target=\"_blank\" rel=\"noopener noreferrer\">https:\/\/bit.ly\/govspnozap<\/a><\/p>\n<\/p><\/div>\n<p><br \/>\n<br \/><a href=\"https:\/\/www.saopaulo.sp.gov.br\/spnoticias\/ultimas-noticias\/usp-seguranca-nutricional-e-sistemas-alimentares-sao-fundamentais-para-saude-paulista\/\" rel=\"noopener\">Informa\u00e7\u00f5es GOV.SP<\/a><\/p>\n","protected":false},"excerpt":{"rendered":"<p>&#13; &#13; &#13; &#13; &#13; O estudo aponta que agricultura urbana tem capacidade de abastecer a popula\u00e7\u00e3o e combater a chamada monotonia alimentar &#13; &#13; &#13; &#13; Um dos fatores que poderiam contribuir para aumentar o consumo de alimentos saud\u00e1veis entre a popula\u00e7\u00e3o \u00e9 a aproxima\u00e7\u00e3o da produ\u00e7\u00e3o com as grandes \u00e1reas urbanas O Relat\u00f3rio\u00a0Promo\u00e7\u00e3o [&hellip;]<\/p>\n","protected":false},"author":1,"featured_media":6044,"comment_status":"open","ping_status":"open","sticky":false,"template":"","format":"standard","meta":{"_jetpack_newsletter_access":"","_jetpack_dont_email_post_to_subs":false,"_jetpack_newsletter_tier_id":0,"_jetpack_memberships_contains_paywalled_content":false,"_mbp_banners":[],"_jetpack_feature_clip_id":0,"_jetpack_memberships_contains_paid_content":false,"footnotes":"","jetpack_publicize_message":"","jetpack_publicize_feature_enabled":true,"jetpack_social_post_already_shared":true,"jetpack_social_options":{"image_generator_settings":{"template":"highway","default_image_id":0,"font":"","enabled":false},"version":2},"jetpack_post_was_ever_published":false},"categories":[21],"tags":[],"class_list":["post-6043","post","type-post","status-publish","format-standard","has-post-thumbnail","category-sp-news"],"jetpack_publicize_connections":[],"jetpack-related-posts":[],"jetpack_shortlink":"https:\/\/wp.me\/p7Eq1F-1zt","jetpack_sharing_enabled":true,"jetpack_featured_media_url":"https:\/\/i0.wp.com\/guialimeira.com.br\/news\/wp-content\/uploads\/2024\/05\/seguranca-alimentar-e-nutricional-sao-fundamentais-para-saude.jpg?fit=300%2C158&ssl=1","_links":{"self":[{"href":"https:\/\/guialimeira.com.br\/news\/wp-json\/wp\/v2\/posts\/6043","targetHints":{"allow":["GET"]}}],"collection":[{"href":"https:\/\/guialimeira.com.br\/news\/wp-json\/wp\/v2\/posts"}],"about":[{"href":"https:\/\/guialimeira.com.br\/news\/wp-json\/wp\/v2\/types\/post"}],"author":[{"embeddable":true,"href":"https:\/\/guialimeira.com.br\/news\/wp-json\/wp\/v2\/users\/1"}],"replies":[{"embeddable":true,"href":"https:\/\/guialimeira.com.br\/news\/wp-json\/wp\/v2\/comments?post=6043"}],"version-history":[{"count":0,"href":"https:\/\/guialimeira.com.br\/news\/wp-json\/wp\/v2\/posts\/6043\/revisions"}],"wp:featuredmedia":[{"embeddable":true,"href":"https:\/\/guialimeira.com.br\/news\/wp-json\/wp\/v2\/media\/6044"}],"wp:attachment":[{"href":"https:\/\/guialimeira.com.br\/news\/wp-json\/wp\/v2\/media?parent=6043"}],"wp:term":[{"taxonomy":"category","embeddable":true,"href":"https:\/\/guialimeira.com.br\/news\/wp-json\/wp\/v2\/categories?post=6043"},{"taxonomy":"post_tag","embeddable":true,"href":"https:\/\/guialimeira.com.br\/news\/wp-json\/wp\/v2\/tags?post=6043"}],"curies":[{"name":"wp","href":"https:\/\/api.w.org\/{rel}","templated":true}]}}