{"id":60428,"date":"2026-04-04T17:40:10","date_gmt":"2026-04-04T20:40:10","guid":{"rendered":"https:\/\/guialimeira.com.br\/comissao-de-meio-ambiente-discute-sobre-transparencia-de-servicos-publicos-da-prefeitura\/"},"modified":"2026-04-04T17:40:10","modified_gmt":"2026-04-04T20:40:10","slug":"comissao-de-meio-ambiente-discute-sobre-transparencia-de-servicos-publicos-da-prefeitura","status":"publish","type":"post","link":"https:\/\/guialimeira.com.br\/news\/comissao-de-meio-ambiente-discute-sobre-transparencia-de-servicos-publicos-da-prefeitura\/","title":{"rendered":"Comiss\u00e3o de Meio Ambiente discute sobre transpar\u00eancia de servi\u00e7os p\u00fablicos da Prefeitura"},"content":{"rendered":"<p>Comiss\u00e3o de Meio Ambiente discute sobre transpar\u00eancia de servi\u00e7os p\u00fablicos da Prefeitura<\/p>\n<p>A Comiss\u00e3o de Meio Ambiente se reuniu nesta quinta-feira, 2 de abril, e determinou a expedi\u00e7\u00e3o de um of\u00edcio \u00e0 Prefeitura, solicitando informa\u00e7\u00f5es sobre os artigos 79 e 81 da Lei Municipal N\u00b0 7.245\/2025, que fala sobre \u00e0 transpar\u00eancia p\u00fablica de divulga\u00e7\u00e3o do cronograma de servi\u00e7os p\u00fablicos. O colegiado busca informa\u00e7\u00f5es sobre o fluxo de trabalho de zeladoria, que ser\u00e1 um dos temas da audi\u00eancia p\u00fablica agendada para 9 de abril na C\u00e2mara Municipal de Limeira.<\/p>\n<p>Servi\u00e7os p\u00fablicos<\/p>\n<p>Os artigos citados dentro da Lei Municipal N\u00b0 7.245\/2025 estabelecem que cabe ao Poder Executivo disponibilizar um cronograma de obras e servi\u00e7os p\u00fablicos, indicando o tipo de obra e servi\u00e7o, com um breve descritivo; o per\u00edodo em que ser\u00e3o realizadas as obras e servi\u00e7os, as datas e hor\u00e1rios e a localiza\u00e7\u00e3o exata com numera\u00e7\u00e3o da via p\u00fablica ou pontos de refer\u00eancia. Em caso de altera\u00e7\u00e3o no cronograma, a norma prev\u00ea que seja assegurada a transpar\u00eancia no site do Munic\u00edpio com anteced\u00eancia de at\u00e9 24 horas da execu\u00e7\u00e3o do servi\u00e7o, informando ao mun\u00edcipe o novo planejamento.<\/p>\n<p>Audi\u00eancia P\u00fablica<\/p>\n<p>A Comiss\u00e3o de Meio Ambiente pautou o assunto ao abordar tratativas para a audi\u00eancia p\u00fablica sobre zeladoria e arboriza\u00e7\u00e3o urbana em Limeira, que acontecer\u00e1 no Plen\u00e1rio da C\u00e2mara Municipal, no dia 9 de abril (quinta-feira), \u00e0s 18h30. O objetivo do evento \u00e9 debater os impactos e a responsabilidade do poder p\u00fablico, sociedade e concession\u00e1rias na manuten\u00e7\u00e3o de \u00e1reas p\u00fablicas. O debate ter\u00e1 transmiss\u00e3o ao vivo pelos canais de comunica\u00e7\u00e3o do Legislativo no Youtube, Facebook e site.<\/p>\n<p>Fazem parte da Comiss\u00e3o os vereadores Felipe Penedo (PL), presidente; Tatiane Lopes (Avante), vice-presidente; e Helder do T\u00e1xi (PSD), secret\u00e1rio. As delibera\u00e7\u00f5es est\u00e3o dispon\u00edveis em ata.<\/p>\n<hr>\n<p><em>Fonte: <a href=\"https:\/\/www.limeira.sp.leg.br\/noticias\/view\/2026-04-02_comissao-de-meio-ambiente-discute-sobre-transparencia-de-servicos-publicos-da-prefeitura\" target=\"_blank\" rel=\"noopener\">C\u00e2mara Municipal de Limeira<\/a><\/em><\/p>\n","protected":false},"excerpt":{"rendered":"<p>Comiss\u00e3o de Meio Ambiente discute sobre transpar\u00eancia de servi\u00e7os p\u00fablicos da Prefeitura<\/p>\n<p>A Comiss\u00e3o de Meio Ambiente se reuniu nesta quinta-feira, 2 de abril, e determinou a expedi\u00e7\u00e3o de um of\u00edcio \u00e0 Prefeitura, solicitando informa\u00e7\u00f5es sobre os artigos 79 e 81 da Lei Municipal N\u00b0 7.245\/2025, que fal<\/p>\n","protected":false},"author":4,"featured_media":60427,"comment_status":"","ping_status":"open","sticky":false,"template":"","format":"standard","meta":{"_jetpack_newsletter_access":"","_jetpack_dont_email_post_to_subs":false,"_jetpack_newsletter_tier_id":0,"_jetpack_memberships_contains_paywalled_content":false,"_mbp_banners":[],"_jetpack_feature_clip_id":0,"_jetpack_memberships_contains_paid_content":false,"footnotes":"","jetpack_publicize_message":"","jetpack_publicize_feature_enabled":true,"jetpack_social_post_already_shared":true,"jetpack_social_options":{"image_generator_settings":{"template":"highway","default_image_id":0,"font":"","enabled":false},"version":2},"jetpack_post_was_ever_published":false},"categories":[19],"tags":[],"class_list":["post-60428","post","type-post","status-publish","format-standard","has-post-thumbnail","category-politica"],"jetpack_publicize_connections":[],"jetpack-related-posts":[],"jetpack_shortlink":"https:\/\/wp.me\/p7Eq1F-fIE","jetpack_sharing_enabled":true,"jetpack_featured_media_url":"https:\/\/i0.wp.com\/guialimeira.com.br\/news\/wp-content\/uploads\/2026\/04\/noticia-camara-3.jpg?fit=1280%2C640&ssl=1","_links":{"self":[{"href":"https:\/\/guialimeira.com.br\/news\/wp-json\/wp\/v2\/posts\/60428","targetHints":{"allow":["GET"]}}],"collection":[{"href":"https:\/\/guialimeira.com.br\/news\/wp-json\/wp\/v2\/posts"}],"about":[{"href":"https:\/\/guialimeira.com.br\/news\/wp-json\/wp\/v2\/types\/post"}],"author":[{"embeddable":true,"href":"https:\/\/guialimeira.com.br\/news\/wp-json\/wp\/v2\/users\/4"}],"replies":[{"embeddable":true,"href":"https:\/\/guialimeira.com.br\/news\/wp-json\/wp\/v2\/comments?post=60428"}],"version-history":[{"count":0,"href":"https:\/\/guialimeira.com.br\/news\/wp-json\/wp\/v2\/posts\/60428\/revisions"}],"wp:featuredmedia":[{"embeddable":true,"href":"https:\/\/guialimeira.com.br\/news\/wp-json\/wp\/v2\/media\/60427"}],"wp:attachment":[{"href":"https:\/\/guialimeira.com.br\/news\/wp-json\/wp\/v2\/media?parent=60428"}],"wp:term":[{"taxonomy":"category","embeddable":true,"href":"https:\/\/guialimeira.com.br\/news\/wp-json\/wp\/v2\/categories?post=60428"},{"taxonomy":"post_tag","embeddable":true,"href":"https:\/\/guialimeira.com.br\/news\/wp-json\/wp\/v2\/tags?post=60428"}],"curies":[{"name":"wp","href":"https:\/\/api.w.org\/{rel}","templated":true}]}}