{"id":60274,"date":"2026-04-02T16:45:15","date_gmt":"2026-04-02T19:45:15","guid":{"rendered":"https:\/\/guialimeira.com.br\/?p=60274"},"modified":"2026-04-02T16:45:15","modified_gmt":"2026-04-02T19:45:15","slug":"cordeiropolis-adquire-novo-caminhao-pipa-apos-mais-de-20-anos-prefeitura-municipal-de-cordeiropolis","status":"publish","type":"post","link":"https:\/\/guialimeira.com.br\/news\/cordeiropolis-adquire-novo-caminhao-pipa-apos-mais-de-20-anos-prefeitura-municipal-de-cordeiropolis\/","title":{"rendered":"Cordeir\u00f3polis adquire novo caminh\u00e3o-pipa ap\u00f3s mais de 20 anos \u2013 Prefeitura Municipal de Cordeir\u00f3polis"},"content":{"rendered":"<p> <br \/>\n<\/p>\n<div>\n<p>Cordeir\u00f3polis recebeu, nesta quinta-feira (2), um novo caminh\u00e3o-pipa, mais de 20 anos depois da \u00faltima aquisi\u00e7\u00e3o de um ve\u00edculo desse tipo. O investimento foi de, aproximadamente, R$ 605 mil \u2013 sendo R$ 387,5 mil de emenda do senador Marcos Pontes e R$ 217,5 mil de contrapartida do munic\u00edpio. A prefeita Cristina Saad esteve em Bras\u00edlia para solicitar a emenda ao deputado.<\/p>\n<p>Com capacidade para armazenar 12 mil litros de \u00e1gua, o caminh\u00e3o ser\u00e1 fundamental nas a\u00e7\u00f5es da Secretaria de Servi\u00e7os P\u00fablicos. O ve\u00edculo \u00e9 multifuncional. Al\u00e9m de reservar \u00e1gua pot\u00e1vel, \u00e9 equipado para emerg\u00eancia de combate a inc\u00eandio e limpeza de rua.<\/p>\n<p>\u201cUma aquisi\u00e7\u00e3o muito importante para nosso munic\u00edpio. Minha gratid\u00e3o ao senador Marcos Pontes por essa parceria. Tamb\u00e9m agrade\u00e7o as secretarias de Servi\u00e7os P\u00fablicos, de Administra\u00e7\u00e3o e de Finan\u00e7as e Or\u00e7amento, Gabinete, al\u00e9m do N\u00facleo de A\u00e7\u00f5es Estrat\u00e9gicas (NAE), que se empenharam para que o caminh\u00e3o-pipa chegasse a Cordeir\u00f3polis\u201d, afirmou a prefeita Cristina Saad.<\/p>\n<figure class=\"wp-block-image size-large\"><\/figure>\n<\/p><\/div>\n<p><br \/>\n<br \/><a href=\"https:\/\/www.cordeiropolis.sp.gov.br\/cordeiropolis-adquire-novo-caminhao-pipa-apos-mais-de-20-anos\/\" rel=\"noopener\">Informa\u00e7\u00f5es Cordeir\u00f3polis <\/a><\/p>\n","protected":false},"excerpt":{"rendered":"<p>Cordeir\u00f3polis recebeu, nesta quinta-feira (2), um novo caminh\u00e3o-pipa, mais de 20 anos depois da \u00faltima aquisi\u00e7\u00e3o de um ve\u00edculo desse tipo. O investimento foi de, aproximadamente, R$ 605 mil \u2013 sendo R$ 387,5 mil de emenda do senador Marcos Pontes e R$ 217,5 mil de contrapartida do munic\u00edpio. A prefeita Cristina Saad esteve em Bras\u00edlia [&hellip;]<\/p>\n","protected":false},"author":1,"featured_media":60275,"comment_status":"closed","ping_status":"open","sticky":false,"template":"","format":"standard","meta":{"_jetpack_newsletter_access":"","_jetpack_dont_email_post_to_subs":false,"_jetpack_newsletter_tier_id":0,"_jetpack_memberships_contains_paywalled_content":false,"_mbp_banners":[],"_jetpack_feature_clip_id":0,"_jetpack_memberships_contains_paid_content":false,"footnotes":"","jetpack_publicize_message":"","jetpack_publicize_feature_enabled":true,"jetpack_social_post_already_shared":true,"jetpack_social_options":{"image_generator_settings":{"template":"highway","default_image_id":0,"font":"","enabled":false},"version":2},"jetpack_post_was_ever_published":false},"categories":[20],"tags":[],"class_list":["post-60274","post","type-post","status-publish","format-standard","has-post-thumbnail","category-regiao"],"jetpack_publicize_connections":[],"jetpack-related-posts":[],"jetpack_shortlink":"https:\/\/wp.me\/p7Eq1F-fGa","jetpack_sharing_enabled":true,"jetpack_featured_media_url":"https:\/\/i0.wp.com\/guialimeira.com.br\/news\/wp-content\/uploads\/2026\/04\/Cordeiropolis-adquire-novo-caminhao-pipa-apos-mais-de-20-anos-%E2%80%93.jpeg?fit=1024%2C576&ssl=1","_links":{"self":[{"href":"https:\/\/guialimeira.com.br\/news\/wp-json\/wp\/v2\/posts\/60274","targetHints":{"allow":["GET"]}}],"collection":[{"href":"https:\/\/guialimeira.com.br\/news\/wp-json\/wp\/v2\/posts"}],"about":[{"href":"https:\/\/guialimeira.com.br\/news\/wp-json\/wp\/v2\/types\/post"}],"author":[{"embeddable":true,"href":"https:\/\/guialimeira.com.br\/news\/wp-json\/wp\/v2\/users\/1"}],"replies":[{"embeddable":true,"href":"https:\/\/guialimeira.com.br\/news\/wp-json\/wp\/v2\/comments?post=60274"}],"version-history":[{"count":1,"href":"https:\/\/guialimeira.com.br\/news\/wp-json\/wp\/v2\/posts\/60274\/revisions"}],"predecessor-version":[{"id":60276,"href":"https:\/\/guialimeira.com.br\/news\/wp-json\/wp\/v2\/posts\/60274\/revisions\/60276"}],"wp:featuredmedia":[{"embeddable":true,"href":"https:\/\/guialimeira.com.br\/news\/wp-json\/wp\/v2\/media\/60275"}],"wp:attachment":[{"href":"https:\/\/guialimeira.com.br\/news\/wp-json\/wp\/v2\/media?parent=60274"}],"wp:term":[{"taxonomy":"category","embeddable":true,"href":"https:\/\/guialimeira.com.br\/news\/wp-json\/wp\/v2\/categories?post=60274"},{"taxonomy":"post_tag","embeddable":true,"href":"https:\/\/guialimeira.com.br\/news\/wp-json\/wp\/v2\/tags?post=60274"}],"curies":[{"name":"wp","href":"https:\/\/api.w.org\/{rel}","templated":true}]}}