{"id":6025,"date":"2024-05-22T20:10:50","date_gmt":"2024-05-22T23:10:50","guid":{"rendered":"https:\/\/guialimeira.com.br\/2024\/05\/22\/etecs-e-fatecs-promovem-campanhas-do-agasalho-em-todo-estado\/"},"modified":"2024-05-22T20:10:50","modified_gmt":"2024-05-22T23:10:50","slug":"etecs-e-fatecs-promovem-campanhas-do-agasalho-em-todo-estado","status":"publish","type":"post","link":"https:\/\/guialimeira.com.br\/news\/etecs-e-fatecs-promovem-campanhas-do-agasalho-em-todo-estado\/","title":{"rendered":"Etecs e Fatecs promovem campanhas do agasalho em todo estado"},"content":{"rendered":"<p> <br \/>\n<\/p>\n<div id=\"\">&#13;<br \/>\n                                <!-- Title -->&#13;<br \/>\n                                &#13;<br \/>\n&#13;<br \/>\n                                <!-- Excerpt -->&#13;<\/p>\n<p class=\"excerpt\">Confira as a\u00e7\u00f5es realizadas pelas Etecs e Fatecs e saiba como doar<\/p>\n<p>&#13;<br \/>\n&#13;<br \/>\n                                &#13;\n                            <\/p><\/div>\n<div id=\"\">&#13;<\/p>\n<figure id=\"attachment_5888868\" style=\"width: 100%;max-width: 758px\" class=\"wp-caption alignnone\"><img data-recalc-dims=\"1\" decoding=\"async\" loading=\"lazy\" class=\" wp-image-5888868\" src=\"https:\/\/i0.wp.com\/www.saopaulo.sp.gov.br\/wp-content\/uploads\/2024\/05\/2-1-300x225.jpg?resize=696%2C522&#038;ssl=1\" alt=\"\" width=\"696\" height=\"522\" srcset=\"https:\/\/www.saopaulo.sp.gov.br\/wp-content\/uploads\/2024\/05\/2-1-300x225.jpg 300w, https:\/\/www.saopaulo.sp.gov.br\/wp-content\/uploads\/2024\/05\/2-1-1024x768.jpg 1024w, https:\/\/www.saopaulo.sp.gov.br\/wp-content\/uploads\/2024\/05\/2-1-768x576.jpg 768w, https:\/\/www.saopaulo.sp.gov.br\/wp-content\/uploads\/2024\/05\/2-1-1536x1152.jpg 1536w, https:\/\/www.saopaulo.sp.gov.br\/wp-content\/uploads\/2024\/05\/2-1.jpg 1600w\" sizes=\"auto, (max-width: 758px) 100vw, 758px\"\/><figcaption class=\"wp-caption-text\">Na Campanha do Agasalho de 2023 os alunos da Etec Amim Jundi, de Osvaldo Cruz, arrecadaram mais de 1.200 pe\u00e7as<\/figcaption><\/figure>\n<p>Com a chegada do inverno e a queda nas temperaturas, estudantes, professores e servidores administrativos das Escolas T\u00e9cnicas (Etecs) e Faculdades de Tecnologia (Fatecs) estaduais do Centro Paula Souza (CPS) se re\u00fanem para arrecadar cobertores, agasalhos, cachec\u00f3is, luvas e demais itens de vestu\u00e1rio, novos ou usados, em bom estado de conserva\u00e7\u00e3o, para doa\u00e7\u00e3o.<\/p>\n<p>Entre os meses de abril e maio, a Etec Prof\u00ba Armando Jos\u00e9 Farinazzo, de Fernand\u00f3polis, recebeu mais de 3.460 donativos: roupas, cobertores e cal\u00e7ados. Todos os itens foram entregues para fam\u00edlias carentes do munic\u00edpio.<\/p>\n<p>J\u00e1 a Etec Prof\u00aa Maria Cristina Medeiros, em Ribeir\u00e3o Pires, arrecadou alimentos e roupas para fam\u00edlias que s\u00e3o assistidas por institui\u00e7\u00f5es sociais locais e tampas de garrafas pl\u00e1sticas, que ser\u00e3o doadas para uma entidade que acolhe animais abandonados. Em Monte Alto, a Etec Alcides Cestari desenvolveu uma campanha socioeducativa e recebeu diversas pe\u00e7as de roupas, agasalhos, sapatos e toalhas, que foram entregues aos cuidados da Assist\u00eancia Social do Munic\u00edpio.<\/p>\n<p>A Etec Jo\u00e3o Maria Stevanatto, de Itapira, tamb\u00e9m recebeu roupas, agasalhos e cobertores em boas condi\u00e7\u00f5es de uso destinadas ao Fundo Social de Solidariedade da cidade. E em S\u00e3o Sim\u00e3o, a Etec Prof\u00ba Francisco dos Santos, reservou os donativos para o Lar S\u00e3o Vicente de Paulo, a Casa da Crian\u00e7a \u2013 Raio de Luz e para as os moradores do Rio Grande do Sul.<\/p>\n<p>Confira abaixo a\u00e7\u00f5es realizadas pelas Etecs e Fatecs e saiba como doar. As unidades aparecem em ordem alfab\u00e9tica de munic\u00edpio:<\/p>\n<figure class=\"wp-block-table\">\n<table>\n<tbody>\n<tr>\n<td><strong>Munic\u00edpio<\/strong><\/td>\n<td><strong>Unidade<\/strong><\/td>\n<td><strong>Itens Coletados<\/strong><\/td>\n<td><strong>Dura\u00e7\u00e3o da Campanha<\/strong><\/td>\n<td><strong>Endere\u00e7o da coleta<\/strong><\/td>\n<td><strong>Destino das Doa\u00e7\u00f5es<\/strong><\/td>\n<\/tr>\n<tr>\n<td>Itatiba<\/td>\n<td>Etec Rosa Perrone Scavone<\/td>\n<td>Roupas, agasalhos e cobertores em boas condi\u00e7\u00f5es de uso<\/td>\n<td>at\u00e9 28 de junho<\/td>\n<td>Rua Jo\u00e3o dos Santos Rangel, 66 \u2013 Jardim Bel\u00e9m<\/td>\n<td>Fundo Social de Solidariedade de Itatiba<\/td>\n<\/tr>\n<tr>\n<td>Jales<\/td>\n<td>Fatec Jales<\/td>\n<td>Alimentos n\u00e3o perec\u00edveis, medicamentos, roupas e agasalhos<\/td>\n<td\/>\n<td>R. Vicente Leporace, 2630 \u2013 Jardim Trianon, Jales<\/td>\n<td>Projeto Univida, destinado \u00e0 Aldeia Ind\u00edgena em Dourados, Mato Grosso do Sul<\/td>\n<\/tr>\n<tr>\n<td rowspan=\"2\">Ja\u00fa<\/td>\n<td>Etec Prof\u00ba Urias Ferreira<\/td>\n<td>Roupas, agasalhos e cobertores em boas condi\u00e7\u00f5es de uso<\/td>\n<td>at\u00e9 28 de junho<\/td>\n<td>Rod. Dep. Le\u00f4nidas P. Ferreira, km 313+180 mts \u2013 Ja\u00fa<\/td>\n<td>Institui\u00e7\u00e3o de Caridade do Munic\u00edpio<\/td>\n<\/tr>\n<tr>\n<td>Etec Joaquim Ferreira do Amaral<\/td>\n<td>Roupas e agasalhos em boas condi\u00e7\u00f5es de uso<\/td>\n<td>at\u00e9 31 de julho<\/td>\n<td>R. Humait\u00e1, 1090 \u2013 Centro, Ja\u00fa<\/td>\n<td>Abrigo para idosos, Defesa Civil e Rio Grande do Sul<\/td>\n<\/tr>\n<tr>\n<td>Mococa<\/td>\n<td>Etec Francisco Garcia<\/td>\n<td>Roupas e agasalhos em boas condi\u00e7\u00f5es de uso<\/td>\n<td>at\u00e9 28 de junho<\/td>\n<td>Av. Monsenhor Dem\u00f3stenes Paran\u00e1 Brasil Pontes, 1507 \u2013 Jardim Lavinia, Mococa<\/td>\n<td>Associa\u00e7\u00e3o Assistencial S\u00e3o Francisco \u2013 Casa Abrigo e Lar Maria Imaculada<\/td>\n<\/tr>\n<tr>\n<td>Osvaldo Cruz<\/td>\n<td>Etec Amim Jundi<\/td>\n<td>Roupas e agasalhos em boas condi\u00e7\u00f5es de uso<\/td>\n<td>at\u00e9 24 de maio<\/td>\n<td>Rua Jap\u00e3o, 724 \u2013 Osvaldo Cruz<\/td>\n<td>Fundo Social de Solidariedade de Osvaldo Cruz<\/td>\n<\/tr>\n<tr>\n<td>Suzano<\/td>\n<td>Etec Suzano<\/td>\n<td>Roupas, agasalhos e cobertores em boas condi\u00e7\u00f5es de uso<\/td>\n<td>at\u00e9 31 de julho<\/td>\n<td>Rua Guilherme, 325 \u2013 Vila Urup\u00eas<\/td>\n<td>Fundo Social de Solidariedade de Suzano<\/td>\n<\/tr>\n<\/tbody>\n<\/table>\n<p>Siga o canal \u201cGoverno de S\u00e3o Paulo\u201d no WhatsApp:<br \/><a href=\"https:\/\/bit.ly\/govspnozap\" target=\"_blank\" rel=\"noopener noreferrer\">https:\/\/bit.ly\/govspnozap<\/a><\/p>\n<\/figure><\/div>\n<p><br \/>\n<br \/><a href=\"https:\/\/www.saopaulo.sp.gov.br\/spnoticias\/ultimas-noticias\/etecs-e-fatecs-promovem-campanhas-do-agasalho-em-todo-o-estado\/\" rel=\"noopener\">Informa\u00e7\u00f5es GOV.SP<\/a><\/p>\n","protected":false},"excerpt":{"rendered":"<p>&#13; &#13; &#13; &#13; &#13; Confira as a\u00e7\u00f5es realizadas pelas Etecs e Fatecs e saiba como doar &#13; &#13; &#13; &#13; Na Campanha do Agasalho de 2023 os alunos da Etec Amim Jundi, de Osvaldo Cruz, arrecadaram mais de 1.200 pe\u00e7as Com a chegada do inverno e a queda nas temperaturas, estudantes, professores e servidores [&hellip;]<\/p>\n","protected":false},"author":1,"featured_media":6026,"comment_status":"open","ping_status":"open","sticky":false,"template":"","format":"standard","meta":{"_jetpack_newsletter_access":"","_jetpack_dont_email_post_to_subs":false,"_jetpack_newsletter_tier_id":0,"_jetpack_memberships_contains_paywalled_content":false,"_mbp_banners":[],"_jetpack_feature_clip_id":0,"_jetpack_memberships_contains_paid_content":false,"footnotes":"","jetpack_publicize_message":"","jetpack_publicize_feature_enabled":true,"jetpack_social_post_already_shared":true,"jetpack_social_options":{"image_generator_settings":{"template":"highway","default_image_id":0,"font":"","enabled":false},"version":2},"jetpack_post_was_ever_published":false},"categories":[21],"tags":[],"class_list":["post-6025","post","type-post","status-publish","format-standard","has-post-thumbnail","category-sp-news"],"jetpack_publicize_connections":[],"jetpack-related-posts":[],"jetpack_shortlink":"https:\/\/wp.me\/p7Eq1F-1zb","jetpack_sharing_enabled":true,"jetpack_featured_media_url":"https:\/\/i0.wp.com\/guialimeira.com.br\/news\/wp-content\/uploads\/2024\/05\/Etecs-e-Fatecs-promovem-campanhas-do-agasalho-em-todo-estado.jpg?fit=300%2C225&ssl=1","_links":{"self":[{"href":"https:\/\/guialimeira.com.br\/news\/wp-json\/wp\/v2\/posts\/6025","targetHints":{"allow":["GET"]}}],"collection":[{"href":"https:\/\/guialimeira.com.br\/news\/wp-json\/wp\/v2\/posts"}],"about":[{"href":"https:\/\/guialimeira.com.br\/news\/wp-json\/wp\/v2\/types\/post"}],"author":[{"embeddable":true,"href":"https:\/\/guialimeira.com.br\/news\/wp-json\/wp\/v2\/users\/1"}],"replies":[{"embeddable":true,"href":"https:\/\/guialimeira.com.br\/news\/wp-json\/wp\/v2\/comments?post=6025"}],"version-history":[{"count":0,"href":"https:\/\/guialimeira.com.br\/news\/wp-json\/wp\/v2\/posts\/6025\/revisions"}],"wp:featuredmedia":[{"embeddable":true,"href":"https:\/\/guialimeira.com.br\/news\/wp-json\/wp\/v2\/media\/6026"}],"wp:attachment":[{"href":"https:\/\/guialimeira.com.br\/news\/wp-json\/wp\/v2\/media?parent=6025"}],"wp:term":[{"taxonomy":"category","embeddable":true,"href":"https:\/\/guialimeira.com.br\/news\/wp-json\/wp\/v2\/categories?post=6025"},{"taxonomy":"post_tag","embeddable":true,"href":"https:\/\/guialimeira.com.br\/news\/wp-json\/wp\/v2\/tags?post=6025"}],"curies":[{"name":"wp","href":"https:\/\/api.w.org\/{rel}","templated":true}]}}