{"id":60214,"date":"2026-04-02T10:12:51","date_gmt":"2026-04-02T13:12:51","guid":{"rendered":"https:\/\/guialimeira.com.br\/limeirao-comissao-de-esporte-vai-discutir-concessao-do-estadio-em-caso-da-inter-ser-administrada-por-uma-saf\/"},"modified":"2026-04-02T10:12:51","modified_gmt":"2026-04-02T13:12:51","slug":"limeirao-comissao-de-esporte-vai-discutir-concessao-do-estadio-em-caso-da-inter-ser-administrada-por-uma-saf","status":"publish","type":"post","link":"https:\/\/guialimeira.com.br\/news\/limeirao-comissao-de-esporte-vai-discutir-concessao-do-estadio-em-caso-da-inter-ser-administrada-por-uma-saf\/","title":{"rendered":"Limeir\u00e3o: Comiss\u00e3o de Esporte vai discutir concess\u00e3o do est\u00e1dio em caso da Inter ser administrada por uma SAF"},"content":{"rendered":"<p><img data-recalc-dims=\"1\" decoding=\"async\" src=\"https:\/\/i0.wp.com\/www.limeira.sp.leg.br\/assets\/uploads\/noticia\/2026-04-02_limeirao-comissao-de-esporte-vai-discutir-concessao-do-estadio-em-caso-da-inter-ser-administrada-por-uma-saf_1.jpg?w=696&#038;ssl=1\" alt=\"Limeir\u00e3o: Comiss\u00e3o de Esporte vai discutir concess\u00e3o do est\u00e1dio em caso da Inter ser administrada por uma SAF\" \/><\/p>\n<p>Limeir\u00e3o: Comiss\u00e3o de Esporte vai discutir concess\u00e3o do est\u00e1dio em caso da Inter ser administrada por uma SAF<\/p>\n<p><a href=\"https:\/\/www.limeira.sp.leg.br\/noticias\/view\/2026-04-02_limeirao-comissao-de-esporte-vai-discutir-concessao-do-estadio-em-caso-da-inter-ser-administrada-por-uma-saf\" rel=\"noopener\">Exibir artigo<\/a><\/p>\n<p><a href=\"https:\/\/www.limeira.sp.leg.br\/noticias\/view\/2026-04-02_limeirao-comissao-de-esporte-vai-discutir-concessao-do-estadio-em-caso-da-inter-ser-administrada-por-uma-saf\" target=\"_blank\" rel=\"noopener\">Read original article<\/a><\/p>\n","protected":false},"excerpt":{"rendered":"<p><img decoding=\"async\" src=\"https:\/\/www.limeira.sp.leg.br\/assets\/uploads\/noticia\/2026-04-02_limeirao-comissao-de-esporte-vai-discutir-concessao-do-estadio-em-caso-da-inter-ser-administrada-por-uma-saf_1.jpg\" alt=\"Limeir\u00e3o: Comiss\u00e3o de Esporte vai discutir concess\u00e3o do est\u00e1dio em caso da Inter ser administrada por uma SAF\" \/><\/p>\n<p>Limeir\u00e3o: Comiss\u00e3o de Esporte vai discutir concess\u00e3o do est\u00e1dio em caso da Inter ser administrada por uma SAF<\/p>\n<p><a href=\"https:\/\/www.limeira.sp.leg.br\/noticias\/view\/2026-04-02_limeirao-comissao-de-esporte-vai-discutir-concessao-do-estadio-em-caso-da-inter-ser-administrada-por-uma-saf\">Exibir artigo<\/a><\/p>\n","protected":false},"author":4,"featured_media":0,"comment_status":"","ping_status":"open","sticky":false,"template":"","format":"standard","meta":{"_jetpack_newsletter_access":"","_jetpack_dont_email_post_to_subs":false,"_jetpack_newsletter_tier_id":0,"_jetpack_memberships_contains_paywalled_content":false,"_mbp_banners":[],"_jetpack_feature_clip_id":0,"_jetpack_memberships_contains_paid_content":false,"footnotes":"","jetpack_publicize_message":"","jetpack_publicize_feature_enabled":true,"jetpack_social_post_already_shared":true,"jetpack_social_options":{"image_generator_settings":{"template":"highway","default_image_id":0,"font":"","enabled":false},"version":2},"jetpack_post_was_ever_published":false},"categories":[1],"tags":[],"class_list":["post-60214","post","type-post","status-publish","format-standard","category-geral"],"jetpack_publicize_connections":[],"jetpack-related-posts":[],"jetpack_shortlink":"https:\/\/wp.me\/p7Eq1F-fFc","jetpack_sharing_enabled":true,"jetpack_featured_media_url":"","_links":{"self":[{"href":"https:\/\/guialimeira.com.br\/news\/wp-json\/wp\/v2\/posts\/60214","targetHints":{"allow":["GET"]}}],"collection":[{"href":"https:\/\/guialimeira.com.br\/news\/wp-json\/wp\/v2\/posts"}],"about":[{"href":"https:\/\/guialimeira.com.br\/news\/wp-json\/wp\/v2\/types\/post"}],"author":[{"embeddable":true,"href":"https:\/\/guialimeira.com.br\/news\/wp-json\/wp\/v2\/users\/4"}],"replies":[{"embeddable":true,"href":"https:\/\/guialimeira.com.br\/news\/wp-json\/wp\/v2\/comments?post=60214"}],"version-history":[{"count":0,"href":"https:\/\/guialimeira.com.br\/news\/wp-json\/wp\/v2\/posts\/60214\/revisions"}],"wp:attachment":[{"href":"https:\/\/guialimeira.com.br\/news\/wp-json\/wp\/v2\/media?parent=60214"}],"wp:term":[{"taxonomy":"category","embeddable":true,"href":"https:\/\/guialimeira.com.br\/news\/wp-json\/wp\/v2\/categories?post=60214"},{"taxonomy":"post_tag","embeddable":true,"href":"https:\/\/guialimeira.com.br\/news\/wp-json\/wp\/v2\/tags?post=60214"}],"curies":[{"name":"wp","href":"https:\/\/api.w.org\/{rel}","templated":true}]}}