{"id":6019,"date":"2024-05-22T20:06:43","date_gmt":"2024-05-22T23:06:43","guid":{"rendered":"https:\/\/guialimeira.com.br\/2024\/05\/22\/lula-sanciona-lei-que-desonera-atividades-do-setor-de-eventos\/"},"modified":"2024-05-22T20:06:43","modified_gmt":"2024-05-22T23:06:43","slug":"lula-sanciona-lei-que-desonera-atividades-do-setor-de-eventos","status":"publish","type":"post","link":"https:\/\/guialimeira.com.br\/news\/lula-sanciona-lei-que-desonera-atividades-do-setor-de-eventos\/","title":{"rendered":"Lula sanciona lei que desonera atividades do setor de eventos"},"content":{"rendered":"<p> <br \/>\n<\/p>\n<div>\n<p>O presidente Luiz In\u00e1cio Lula da Silva sancionou sem vetos nesta quarta-feira (22), em cerim\u00f4nia no Pal\u00e1cio do Planalto, a lei que muda as regras do Programa Emergencial de Retomada do Setor de Eventos (Perse), para o per\u00edodo entre 2024 e 2026. O texto sancionado define o valor de R$15 bilh\u00f5es como teto de ren\u00fancia tribut\u00e1ria para beneficiar empresas com faturamento de at\u00e9 R$ 78 milh\u00f5es e que exer\u00e7am 30 atividades do setor de eventos.<img data-recalc-dims=\"1\" decoding=\"async\" src=\"https:\/\/i0.wp.com\/agenciabrasil.ebc.com.br\/ebc.png?w=696&#038;ssl=1\" style=\"width:1px; height:1px; display:inline;\"\/><img data-recalc-dims=\"1\" decoding=\"async\" src=\"https:\/\/i0.wp.com\/agenciabrasil.ebc.com.br\/ebc.gif?w=696&#038;ssl=1\" style=\"width:1px; height:1px; display:inline;\"\/><\/p>\n<p>De acordo com informa\u00e7\u00f5es divulgadas pela Secretaria de Comunica\u00e7\u00e3o do Pal\u00e1cio do Planalto, o setor responde por cerca de 3% do Produto Interno Bruno (PIB) do Brasil e emprega 7,5 milh\u00f5es de pessoas. \u201c\u00c9 muito importante a Lei do Perse prosseguir para que a gente consiga resgatar e fortalecer de maneira verdadeira esse setor que emprega tanta gente\u201d, refor\u00e7ou a ministra da Cultura, Margareth Menezes, durante a cerim\u00f4nia.<\/p>\n<p>A lei que reformula o Perse foi aprovada no Senado Federal em 30 de abril, ap\u00f3s tramitar na C\u00e2mara dos Deputados como uma alternativa \u00e0 medida provis\u00f3ria (MP) 1202\/2023, que propunha o fim do benef\u00edcio tribut\u00e1rio, ap\u00f3s <a href=\"https:\/\/agenciabrasil.ebc.com.br\/geral\/noticia\/2023-09\/fisco-alerta-sobre-fraudes-em-beneficios-setor-de-turismo-e-eventos\" target=\"_blank\" rel=\"noopener\">suspeita de fraudes<\/a>. Um acordo permitiu que a mat\u00e9ria fosse retirada da MP e tramitasse na forma da proposta apresentada pelos deputados Jos\u00e9 Guimar\u00e3es (PT-CE), l\u00edder do governo, e Odair Cunha (PT-MG).<\/p>\n<p>Criado para socorrer o setor durante a pandemia de covid-19, o Perse oferta benef\u00edcios tribut\u00e1rios, como a al\u00edquota zero no Imposto de Renda, na Contribui\u00e7\u00e3o Social sobre Lucro L\u00edquido, no Programa de Integra\u00e7\u00e3o Social e de Forma\u00e7\u00e3o do Patrim\u00f4nio do Servidor \u2013 PIS\/Pasep, e na Contribui\u00e7\u00e3o para o Financiamento da Seguridade Social \u2013 Cofins. O objetivo \u00e9 compensar o per\u00edodo em que as atividades do setor permaneceram paradas por restri\u00e7\u00f5es impostas para evitar aglomera\u00e7\u00f5es.<\/p>\n<p>Com um teto estabelecido, as 30 atividades definidas na lei poder\u00e3o se beneficiar da al\u00edquota zero desde que estivessem ativas durante o per\u00edodo de 2017 a 2021. Relat\u00f3rios emitidos a cada dois meses pela Secretaria Especial da Receita Federal informar\u00e3o o custo fiscal do benef\u00edcio, at\u00e9 que o teto seja atingido.<\/p>\n<\/p><\/div>\n<p><br \/>\n<br \/><a href=\"https:\/\/agenciabrasil.ebc.com.br\/economia\/noticia\/2024-05\/lula-sanciona-lei-que-desonera-atividades-do-setor-de-eventos\" rel=\"noopener\">Ag\u00eancia Brasil<\/a><\/p>\n","protected":false},"excerpt":{"rendered":"<p>O presidente Luiz In\u00e1cio Lula da Silva sancionou sem vetos nesta quarta-feira (22), em cerim\u00f4nia no Pal\u00e1cio do Planalto, a lei que muda as regras do Programa Emergencial de Retomada do Setor de Eventos (Perse), para o per\u00edodo entre 2024 e 2026. O texto sancionado define o valor de R$15 bilh\u00f5es como teto de ren\u00fancia [&hellip;]<\/p>\n","protected":false},"author":1,"featured_media":6020,"comment_status":"open","ping_status":"open","sticky":false,"template":"","format":"standard","meta":{"_jetpack_newsletter_access":"","_jetpack_dont_email_post_to_subs":false,"_jetpack_newsletter_tier_id":0,"_jetpack_memberships_contains_paywalled_content":false,"_mbp_banners":[],"_jetpack_feature_clip_id":0,"_jetpack_memberships_contains_paid_content":false,"footnotes":"","jetpack_publicize_message":"","jetpack_publicize_feature_enabled":true,"jetpack_social_post_already_shared":true,"jetpack_social_options":{"image_generator_settings":{"template":"highway","default_image_id":0,"font":"","enabled":false},"version":2},"jetpack_post_was_ever_published":false},"categories":[24],"tags":[],"class_list":["post-6019","post","type-post","status-publish","format-standard","has-post-thumbnail","category-economia"],"jetpack_publicize_connections":[],"jetpack-related-posts":[],"jetpack_shortlink":"https:\/\/wp.me\/p7Eq1F-1z5","jetpack_sharing_enabled":true,"jetpack_featured_media_url":"https:\/\/i0.wp.com\/guialimeira.com.br\/news\/wp-content\/uploads\/2024\/05\/ja_8550.jpg?fit=1600%2C800&ssl=1","_links":{"self":[{"href":"https:\/\/guialimeira.com.br\/news\/wp-json\/wp\/v2\/posts\/6019","targetHints":{"allow":["GET"]}}],"collection":[{"href":"https:\/\/guialimeira.com.br\/news\/wp-json\/wp\/v2\/posts"}],"about":[{"href":"https:\/\/guialimeira.com.br\/news\/wp-json\/wp\/v2\/types\/post"}],"author":[{"embeddable":true,"href":"https:\/\/guialimeira.com.br\/news\/wp-json\/wp\/v2\/users\/1"}],"replies":[{"embeddable":true,"href":"https:\/\/guialimeira.com.br\/news\/wp-json\/wp\/v2\/comments?post=6019"}],"version-history":[{"count":0,"href":"https:\/\/guialimeira.com.br\/news\/wp-json\/wp\/v2\/posts\/6019\/revisions"}],"wp:featuredmedia":[{"embeddable":true,"href":"https:\/\/guialimeira.com.br\/news\/wp-json\/wp\/v2\/media\/6020"}],"wp:attachment":[{"href":"https:\/\/guialimeira.com.br\/news\/wp-json\/wp\/v2\/media?parent=6019"}],"wp:term":[{"taxonomy":"category","embeddable":true,"href":"https:\/\/guialimeira.com.br\/news\/wp-json\/wp\/v2\/categories?post=6019"},{"taxonomy":"post_tag","embeddable":true,"href":"https:\/\/guialimeira.com.br\/news\/wp-json\/wp\/v2\/tags?post=6019"}],"curies":[{"name":"wp","href":"https:\/\/api.w.org\/{rel}","templated":true}]}}