{"id":6016,"date":"2024-05-22T19:18:48","date_gmt":"2024-05-22T22:18:48","guid":{"rendered":"https:\/\/guialimeira.com.br\/2024\/05\/22\/interdicao-na-av-fabricio-vampre-altera-transito-na-regiao\/"},"modified":"2024-05-22T19:18:48","modified_gmt":"2024-05-22T22:18:48","slug":"interdicao-na-av-fabricio-vampre-altera-transito-na-regiao","status":"publish","type":"post","link":"https:\/\/guialimeira.com.br\/news\/interdicao-na-av-fabricio-vampre-altera-transito-na-regiao\/","title":{"rendered":"Interdi\u00e7\u00e3o na Av. Fabr\u00edcio Vampr\u00e9 altera tr\u00e2nsito na regi\u00e3o"},"content":{"rendered":"<p> <br \/>\n<\/p>\n<div>\n            <main class=\"\">&#13;<br \/>\n                &#13;<br \/>\n&#13;<br \/>\n&#13;<br \/>\n&#13;<br \/>\n    <img data-recalc-dims=\"1\" decoding=\"async\" src=\"https:\/\/i0.wp.com\/ecrie.com.br\/sistema\/conteudos\/imagem\/m_137_0_1_04042024135245.jpg?w=696&#038;ssl=1\" alt=\"Interdi\u00e7\u00e3o na Av. Fabr\u00edcio Vampr\u00e9 altera tr\u00e2nsito na regi\u00e3o\"\/>&#13;<br \/>\n&#13;<\/p>\n<p>A Secretaria de Mobilidade Urbana informa que hoje (22), das 15h \u00e0s 22h, a Av. Fabr\u00edcio Vampr\u00e9 ser\u00e1 interditada nos dois sentido, nas proximidades da Par\u00f3quia Santa Rita de C\u00e1ssia, devido \u00e0 realiza\u00e7\u00e3o de missa em comemora\u00e7\u00e3o ao dia da santa.<\/p>\n<p>&#13;<\/p>\n<p>\u00a0<\/p>\n<p>&#13;<\/p>\n<p>Os motoristas que transitarem pela avenida, no sentido bairro-centro, ter\u00e3o como melhor op\u00e7\u00e3o entrar \u00e0 esquerda na Pedro Jo\u00e3o Coeli, seguir em frente at\u00e9 a Pedro Zaccaria e acessar a Od\u00e9cio Bueno de Camargo, seguindo at\u00e9 a Maria Buzolin e entrar \u00e0 direita, chegando a Rotat\u00f3ria das Tr\u00eas Avenidas, dando continuidade em seu trajeto.<\/p>\n<p>&#13;<\/p>\n<p>\u00a0<\/p>\n<p>&#13;<\/p>\n<p>J\u00e1 os motoristas que transitarem pela Fabr\u00edcio Vampr\u00e9 no sentido centro-bairro, dever\u00e3o entrar \u00e0 esquerda na Sebasti\u00e3o Monteiro dos Santos, seguir em frente at\u00e9 a Paschoal Marmo, entrar \u00e0 direita e seguir at\u00e9 a Pedro Jo\u00e3o Coeli, entrar a direita at\u00e9 retornar na Fabr\u00edcio Vampr\u00e9, entrando \u00e0 esquerda e continuar seu percurso.<\/p>\n<p>&#13;<\/p>\n<p>\u00a0<\/p>\n<p>&#13;<\/p>\n<p>Os agentes de tr\u00e2nsito estar\u00e3o nesses locais orientando os motoristas e poder\u00e3o ser acionados pelo telefone 3441-2816 e 3441-5469.<\/p>\n<p>&#13;<br \/>\n&#13;<br \/>\n&#13;<br \/>\n&#13;<\/p>\n<aside class=\"list-related no-print\">&#13;<br \/>\n        &#13;<br \/>\n&#13;<\/p>\n<article class=\"list-item noticias \">&#13;<br \/>\n                    <a class=\"list-item__img\" href=\"https:\/\/limeira.sp.gov.br\/imprensa\/noticias\/mobilidade-urbana\/trecho-da-rua-cedro-passa-a-ter-sentido-unico-de-circulacao\" tabindex=\"-1\" aria-hidden=\"true\" rel=\"noopener\">&#13;<br \/>\n                        <img data-recalc-dims=\"1\" decoding=\"async\" src=\"https:\/\/i0.wp.com\/ecrie.com.br\/sistema\/conteudos\/imagem\/m_137_0_1_16052024145231.jpg?w=696&#038;ssl=1\" alt=\"Trecho da Rua Cedro passa a ter sentido \u00fanico de circula\u00e7\u00e3o\"\/>&#13;<br \/>\n                    <\/a>&#13;<br \/>\n&#13;<br \/>\n                &#13;<br \/>\n            <\/article>\n<p>&#13;<\/p>\n<article class=\"list-item noticias \">&#13;<br \/>\n                    <a class=\"list-item__img\" href=\"https:\/\/limeira.sp.gov.br\/imprensa\/noticias\/mobilidade-urbana\/passeiosde-bike-incentivampratica-de-ciclismo-e-conscientizam-sobretransito-seguro\" tabindex=\"-1\" aria-hidden=\"true\" rel=\"noopener\">&#13;<br \/>\n                        <img data-recalc-dims=\"1\" decoding=\"async\" src=\"https:\/\/i0.wp.com\/ecrie.com.br\/sistema\/conteudos\/imagem\/m_137_0_1_14052024170531.jpg?w=696&#038;ssl=1\" alt=\"Passeios\u00a0de bike incentivam\u00a0pr\u00e1tica de ciclismo e conscientizam sobre\u00a0tr\u00e2nsito seguro\"\/>&#13;<br \/>\n                    <\/a>&#13;<br \/>\n&#13;<br \/>\n                &#13;<br \/>\n            <\/article>\n<p>&#13;<\/p>\n<article class=\"list-item noticias \">&#13;<br \/>\n                    <a class=\"list-item__img\" href=\"https:\/\/limeira.sp.gov.br\/imprensa\/noticias\/mobilidade-urbana\/barao-de-campinas-e-liberada-apos-interdicao-por-obras\" tabindex=\"-1\" aria-hidden=\"true\" rel=\"noopener\">&#13;<br \/>\n                        <img data-recalc-dims=\"1\" decoding=\"async\" src=\"https:\/\/i0.wp.com\/ecrie.com.br\/sistema\/conteudos\/imagem\/m_137_0_1_13052024170608.jpeg?w=696&#038;ssl=1\" alt=\"Bar\u00e3o de Campinas \u00e9 liberada ap\u00f3s interdi\u00e7\u00e3o por obras\"\/>&#13;<br \/>\n                    <\/a>&#13;<br \/>\n&#13;<br \/>\n                &#13;<br \/>\n            <\/article>\n<p>&#13;<br \/>\n    <\/aside>\n<p>&#13;<br \/>\n&#13;<br \/>\n            <\/main><\/p><\/div>\n<p><br \/>\n<br \/><a href=\"https:\/\/limeira.sp.gov.br\/interdicao-na-av-fabricio-vampre-altera-transito-na-regiao\" rel=\"noopener\">Informa\u00e7\u00f5es da PML <\/a><\/p>\n","protected":false},"excerpt":{"rendered":"<p>&#13; &#13; &#13; &#13; &#13; &#13; &#13; A Secretaria de Mobilidade Urbana informa que hoje (22), das 15h \u00e0s 22h, a Av. Fabr\u00edcio Vampr\u00e9 ser\u00e1 interditada nos dois sentido, nas proximidades da Par\u00f3quia Santa Rita de C\u00e1ssia, devido \u00e0 realiza\u00e7\u00e3o de missa em comemora\u00e7\u00e3o ao dia da santa. &#13; \u00a0 &#13; Os motoristas que transitarem [&hellip;]<\/p>\n","protected":false},"author":1,"featured_media":937,"comment_status":"open","ping_status":"open","sticky":false,"template":"","format":"standard","meta":{"_jetpack_newsletter_access":"","_jetpack_dont_email_post_to_subs":false,"_jetpack_newsletter_tier_id":0,"_jetpack_memberships_contains_paywalled_content":false,"_mbp_banners":[],"_jetpack_feature_clip_id":0,"_jetpack_memberships_contains_paid_content":false,"footnotes":"","jetpack_publicize_message":"","jetpack_publicize_feature_enabled":true,"jetpack_social_post_already_shared":true,"jetpack_social_options":{"image_generator_settings":{"template":"highway","default_image_id":0,"font":"","enabled":false},"version":2},"jetpack_post_was_ever_published":false},"categories":[16],"tags":[],"class_list":["post-6016","post","type-post","status-publish","format-standard","has-post-thumbnail","category-local"],"jetpack_publicize_connections":[],"jetpack-related-posts":[],"jetpack_shortlink":"https:\/\/wp.me\/p7Eq1F-1z2","jetpack_sharing_enabled":true,"jetpack_featured_media_url":"https:\/\/i0.wp.com\/guialimeira.com.br\/news\/wp-content\/uploads\/2024\/04\/m_137_0_1_04042024135245.jpg?fit=1280%2C852&ssl=1","_links":{"self":[{"href":"https:\/\/guialimeira.com.br\/news\/wp-json\/wp\/v2\/posts\/6016","targetHints":{"allow":["GET"]}}],"collection":[{"href":"https:\/\/guialimeira.com.br\/news\/wp-json\/wp\/v2\/posts"}],"about":[{"href":"https:\/\/guialimeira.com.br\/news\/wp-json\/wp\/v2\/types\/post"}],"author":[{"embeddable":true,"href":"https:\/\/guialimeira.com.br\/news\/wp-json\/wp\/v2\/users\/1"}],"replies":[{"embeddable":true,"href":"https:\/\/guialimeira.com.br\/news\/wp-json\/wp\/v2\/comments?post=6016"}],"version-history":[{"count":0,"href":"https:\/\/guialimeira.com.br\/news\/wp-json\/wp\/v2\/posts\/6016\/revisions"}],"wp:featuredmedia":[{"embeddable":true,"href":"https:\/\/guialimeira.com.br\/news\/wp-json\/wp\/v2\/media\/937"}],"wp:attachment":[{"href":"https:\/\/guialimeira.com.br\/news\/wp-json\/wp\/v2\/media?parent=6016"}],"wp:term":[{"taxonomy":"category","embeddable":true,"href":"https:\/\/guialimeira.com.br\/news\/wp-json\/wp\/v2\/categories?post=6016"},{"taxonomy":"post_tag","embeddable":true,"href":"https:\/\/guialimeira.com.br\/news\/wp-json\/wp\/v2\/tags?post=6016"}],"curies":[{"name":"wp","href":"https:\/\/api.w.org\/{rel}","templated":true}]}}