{"id":60113,"date":"2026-04-01T16:13:55","date_gmt":"2026-04-01T19:13:55","guid":{"rendered":"https:\/\/guialimeira.com.br\/?p=60113"},"modified":"2026-04-01T16:13:55","modified_gmt":"2026-04-01T19:13:55","slug":"cordeiropolis-passa-a-integrar-programa-superacao-sp-prefeitura-municipal-de-cordeiropolis","status":"publish","type":"post","link":"https:\/\/guialimeira.com.br\/news\/cordeiropolis-passa-a-integrar-programa-superacao-sp-prefeitura-municipal-de-cordeiropolis\/","title":{"rendered":"Cordeir\u00f3polis passa a integrar programa SuperA\u00e7\u00e3o SP \u2013 Prefeitura Municipal de Cordeir\u00f3polis"},"content":{"rendered":"<p> <br \/>\n<\/p>\n<div>\n<p>A prefeita Cristina Saad participou, na semana passada, no Cras do Jd. Eldorado, da apresenta\u00e7\u00e3o do programa SuperA\u00e7\u00e3o, do Governo Estadual, que visa permitir que fam\u00edlias vulner\u00e1veis tenham oportunidades mais efetivas para superar a pobreza. Estiveram presentes membros da rede intersetorial do territ\u00f3rio e do comit\u00ea do programa, al\u00e9m do vereador Rozimar Rodrigues.<\/p>\n<p>As fam\u00edlias inscritas no Cadastro \u00danico ser\u00e3o selecionadas para fazer parte do programa, que ter\u00e1 in\u00edcio na regi\u00e3o do Eldorado e depois ser\u00e1 expandido para outras regi\u00f5es do munic\u00edpio. \u201cCom essa parceria, o Cras do Eldorado ter\u00e1 diversas a\u00e7\u00f5es efetivas\u201d, afirmou Cristina. A expectativa \u00e9 que o projeto inicie os trabalhos com as fam\u00edlias a partir de 16 de abril.<\/p>\n<p>O acompanhamento no programa pode durar at\u00e9 dois anos com mais seis meses de monitoramento ap\u00f3s esse per\u00edodo. A meta \u00e9 fortalecer a rede de prote\u00e7\u00e3o social e ampliar oportunidades para a inser\u00e7\u00e3o socioprodutiva, a capacita\u00e7\u00e3o e a inclus\u00e3o no mundo de trabalho para dar autonomia \u00e0s fam\u00edlias. \u201cTemos a obriga\u00e7\u00e3o de fazer a diferen\u00e7a\u201d, enfatizou a prefeita.<\/p>\n<figure class=\"wp-block-image size-large\"><\/figure>\n<\/p><\/div>\n<p><br \/>\n<br \/><a href=\"https:\/\/www.cordeiropolis.sp.gov.br\/cordeiropolis-passa-a-integrar-programa-superacao-sp\/\" rel=\"noopener\">Informa\u00e7\u00f5es Cordeir\u00f3polis <\/a><\/p>\n","protected":false},"excerpt":{"rendered":"<p>A prefeita Cristina Saad participou, na semana passada, no Cras do Jd. Eldorado, da apresenta\u00e7\u00e3o do programa SuperA\u00e7\u00e3o, do Governo Estadual, que visa permitir que fam\u00edlias vulner\u00e1veis tenham oportunidades mais efetivas para superar a pobreza. Estiveram presentes membros da rede intersetorial do territ\u00f3rio e do comit\u00ea do programa, al\u00e9m do vereador Rozimar Rodrigues. As fam\u00edlias [&hellip;]<\/p>\n","protected":false},"author":1,"featured_media":60114,"comment_status":"closed","ping_status":"open","sticky":false,"template":"","format":"standard","meta":{"_jetpack_newsletter_access":"","_jetpack_dont_email_post_to_subs":false,"_jetpack_newsletter_tier_id":0,"_jetpack_memberships_contains_paywalled_content":false,"_mbp_banners":[],"_jetpack_feature_clip_id":0,"_jetpack_memberships_contains_paid_content":false,"footnotes":"","jetpack_publicize_message":"","jetpack_publicize_feature_enabled":true,"jetpack_social_post_already_shared":true,"jetpack_social_options":{"image_generator_settings":{"template":"highway","default_image_id":0,"font":"","enabled":false},"version":2},"jetpack_post_was_ever_published":false},"categories":[20],"tags":[],"class_list":["post-60113","post","type-post","status-publish","format-standard","has-post-thumbnail","category-regiao"],"jetpack_publicize_connections":[],"jetpack-related-posts":[],"jetpack_shortlink":"https:\/\/wp.me\/p7Eq1F-fDz","jetpack_sharing_enabled":true,"jetpack_featured_media_url":"https:\/\/i0.wp.com\/guialimeira.com.br\/news\/wp-content\/uploads\/2026\/04\/Cordeiropolis-passa-a-integrar-programa-SuperAcao-SP-%E2%80%93-Prefeitura-Municipal.jpeg?fit=1024%2C768&ssl=1","_links":{"self":[{"href":"https:\/\/guialimeira.com.br\/news\/wp-json\/wp\/v2\/posts\/60113","targetHints":{"allow":["GET"]}}],"collection":[{"href":"https:\/\/guialimeira.com.br\/news\/wp-json\/wp\/v2\/posts"}],"about":[{"href":"https:\/\/guialimeira.com.br\/news\/wp-json\/wp\/v2\/types\/post"}],"author":[{"embeddable":true,"href":"https:\/\/guialimeira.com.br\/news\/wp-json\/wp\/v2\/users\/1"}],"replies":[{"embeddable":true,"href":"https:\/\/guialimeira.com.br\/news\/wp-json\/wp\/v2\/comments?post=60113"}],"version-history":[{"count":1,"href":"https:\/\/guialimeira.com.br\/news\/wp-json\/wp\/v2\/posts\/60113\/revisions"}],"predecessor-version":[{"id":60115,"href":"https:\/\/guialimeira.com.br\/news\/wp-json\/wp\/v2\/posts\/60113\/revisions\/60115"}],"wp:featuredmedia":[{"embeddable":true,"href":"https:\/\/guialimeira.com.br\/news\/wp-json\/wp\/v2\/media\/60114"}],"wp:attachment":[{"href":"https:\/\/guialimeira.com.br\/news\/wp-json\/wp\/v2\/media?parent=60113"}],"wp:term":[{"taxonomy":"category","embeddable":true,"href":"https:\/\/guialimeira.com.br\/news\/wp-json\/wp\/v2\/categories?post=60113"},{"taxonomy":"post_tag","embeddable":true,"href":"https:\/\/guialimeira.com.br\/news\/wp-json\/wp\/v2\/tags?post=60113"}],"curies":[{"name":"wp","href":"https:\/\/api.w.org\/{rel}","templated":true}]}}