{"id":6009,"date":"2024-05-22T18:57:57","date_gmt":"2024-05-22T21:57:57","guid":{"rendered":"https:\/\/guialimeira.com.br\/2024\/05\/22\/rio-comeca-a-aplicar-segunda-dose-da-vacina-da-dengue-em-criancas\/"},"modified":"2024-05-22T18:57:57","modified_gmt":"2024-05-22T21:57:57","slug":"rio-comeca-a-aplicar-segunda-dose-da-vacina-da-dengue-em-criancas","status":"publish","type":"post","link":"https:\/\/guialimeira.com.br\/news\/rio-comeca-a-aplicar-segunda-dose-da-vacina-da-dengue-em-criancas\/","title":{"rendered":"Rio come\u00e7a a aplicar segunda dose da vacina da dengue em crian\u00e7as"},"content":{"rendered":"<p> <br \/>\n<\/p>\n<div>\n<p>A Secretaria Municipal de Sa\u00fade do Rio de Janeiro inicia, nesta quinta-feira (23),\u00a0a aplica\u00e7\u00e3o da segunda dose da vacina contra a dengue para crian\u00e7as e adolescentes de 10 a 14 anos. A vacina estar\u00e1 dispon\u00edvel em todas as 238 unidades de aten\u00e7\u00e3o prim\u00e1ria do munic\u00edpio a partir das 14h.<img data-recalc-dims=\"1\" decoding=\"async\" src=\"https:\/\/i0.wp.com\/agenciabrasil.ebc.com.br\/ebc.png?w=696&#038;ssl=1\" style=\"width:1px; height:1px; display:inline;\"\/><img data-recalc-dims=\"1\" decoding=\"async\" src=\"https:\/\/i0.wp.com\/agenciabrasil.ebc.com.br\/ebc.gif?w=696&#038;ssl=1\" style=\"width:1px; height:1px; display:inline;\"\/><\/p>\n<p>De acordo com orienta\u00e7\u00e3o do Minist\u00e9rio da Sa\u00fade, a segunda dose da vacina deve ser aplicada em crian\u00e7as e adolescentes que tomaram a primeira h\u00e1 tr\u00eas meses, conforme a data da dose inicial aplicada. A faixa et\u00e1ria da campanha foi selecionada pelo minist\u00e9rio por apresentar maior risco de hospitaliza\u00e7\u00e3o pela doen\u00e7a.<\/p>\n<p>A campanha de vacina\u00e7\u00e3o contra a dengue para este p\u00fablico-alvo come\u00e7ou no dia 23 de fevereiro e, at\u00e9 o final da primeira etapa, aplicou mais de 130 mil doses do imunizante. A partir desta quinta-feira, crian\u00e7as e adolescentes podem ir at\u00e9 uma unidade de sa\u00fade para completar o esquema vacinal, respeitando o intervalo de tr\u00eas meses da primeira dose, conferindo no seu comprovante vacinal a data marcada para a segunda dose.<\/p>\n<p>Para receber a segunda dose, o menor de idade deve estar, preferencialmente, acompanhado de um respons\u00e1vel e apresentar documento de identidade e comprovante de vacina\u00e7\u00e3o, se dispon\u00edvel. A expectativa \u00e9 que todas as crian\u00e7as e adolescentes que tomaram a primeira dose do imunizante completem o esquema vacinal, inclusive aquelas que j\u00e1 tiveram dengue. Quem teve quadro recente da doen\u00e7a deve aguardar seis meses desde o in\u00edcio dos sintomas para receber a primeira dose da vacina e 30 dias para aplica\u00e7\u00e3o da segunda dose (se o quadro de dengue foi ap\u00f3s a aplica\u00e7\u00e3o da primeira dose).<\/p>\n<p>As contraindica\u00e7\u00f5es para o imunizante s\u00e3o para quem teve alergia grave a um dos componentes da vacina ou ap\u00f3s uma dose anterior desta, indiv\u00edduos imunocomprometidos, indiv\u00edduos com infec\u00e7\u00e3o por HIV sintom\u00e1tica e gestantes ou em per\u00edodo de amamenta\u00e7\u00e3o.<\/p>\n<p>Segundo balan\u00e7o divulgado ter\u00e7a-feira (21), o Brasil j\u00e1 registra<a href=\"http:\/\/https:\/\/agenciabrasil.ebc.com.br\/saude\/noticia\/2024-05\/brasil-ultrapassa-5-milhoes-de-casos-provaveis-de-dengue\" target=\"_blank\" rel=\"noopener\"> 5.100.766 casos<\/a> prov\u00e1veis de dengue em 2024. O n\u00famero representa mais que o triplo de casos prov\u00e1veis da doen\u00e7a identificados ao longo de todo o ano passado, 1.649.144.<\/p>\n<p>Dados do painel de monitoramento de arboviroses mostram que o pa\u00eds registra ainda 2.827 mortes por dengue e 2.712 \u00f3bitos em investiga\u00e7\u00e3o. O coeficiente da doen\u00e7a, neste momento, \u00e9 2.511 casos para cada grupo de 100 mil pessoas. A letalidade em casos prov\u00e1veis \u00e9 0,06 e a letalidade em casos de dengue grave \u00e9 4,83.<\/p>\n<\/p><\/div>\n<p><br \/>\n<br \/><a href=\"https:\/\/agenciabrasil.ebc.com.br\/saude\/noticia\/2024-05\/rio-comeca-aplicar-segunda-dose-da-vacina-da-dengue-em-criancas\" rel=\"noopener\">Ag\u00eancia Brasil <\/a><\/p>\n","protected":false},"excerpt":{"rendered":"<p>A Secretaria Municipal de Sa\u00fade do Rio de Janeiro inicia, nesta quinta-feira (23),\u00a0a aplica\u00e7\u00e3o da segunda dose da vacina contra a dengue para crian\u00e7as e adolescentes de 10 a 14 anos. A vacina estar\u00e1 dispon\u00edvel em todas as 238 unidades de aten\u00e7\u00e3o prim\u00e1ria do munic\u00edpio a partir das 14h. De acordo com orienta\u00e7\u00e3o do Minist\u00e9rio [&hellip;]<\/p>\n","protected":false},"author":1,"featured_media":6010,"comment_status":"open","ping_status":"open","sticky":false,"template":"","format":"standard","meta":{"_jetpack_newsletter_access":"","_jetpack_dont_email_post_to_subs":false,"_jetpack_newsletter_tier_id":0,"_jetpack_memberships_contains_paywalled_content":false,"_mbp_banners":[],"_jetpack_feature_clip_id":0,"_jetpack_memberships_contains_paid_content":false,"footnotes":"","jetpack_publicize_message":"","jetpack_publicize_feature_enabled":true,"jetpack_social_post_already_shared":true,"jetpack_social_options":{"image_generator_settings":{"template":"highway","default_image_id":0,"font":"","enabled":false},"version":2},"jetpack_post_was_ever_published":false},"categories":[15],"tags":[],"class_list":["post-6009","post","type-post","status-publish","format-standard","has-post-thumbnail","category-saude"],"jetpack_publicize_connections":[],"jetpack-related-posts":[],"jetpack_shortlink":"https:\/\/wp.me\/p7Eq1F-1yV","jetpack_sharing_enabled":true,"jetpack_featured_media_url":"https:\/\/i0.wp.com\/guialimeira.com.br\/news\/wp-content\/uploads\/2024\/05\/instituto_butantan_esta_desenvolvendo_a_primeira_vacina_contra_a_dengue_totalmente_brasileira_0.jpg?fit=1600%2C800&ssl=1","_links":{"self":[{"href":"https:\/\/guialimeira.com.br\/news\/wp-json\/wp\/v2\/posts\/6009","targetHints":{"allow":["GET"]}}],"collection":[{"href":"https:\/\/guialimeira.com.br\/news\/wp-json\/wp\/v2\/posts"}],"about":[{"href":"https:\/\/guialimeira.com.br\/news\/wp-json\/wp\/v2\/types\/post"}],"author":[{"embeddable":true,"href":"https:\/\/guialimeira.com.br\/news\/wp-json\/wp\/v2\/users\/1"}],"replies":[{"embeddable":true,"href":"https:\/\/guialimeira.com.br\/news\/wp-json\/wp\/v2\/comments?post=6009"}],"version-history":[{"count":0,"href":"https:\/\/guialimeira.com.br\/news\/wp-json\/wp\/v2\/posts\/6009\/revisions"}],"wp:featuredmedia":[{"embeddable":true,"href":"https:\/\/guialimeira.com.br\/news\/wp-json\/wp\/v2\/media\/6010"}],"wp:attachment":[{"href":"https:\/\/guialimeira.com.br\/news\/wp-json\/wp\/v2\/media?parent=6009"}],"wp:term":[{"taxonomy":"category","embeddable":true,"href":"https:\/\/guialimeira.com.br\/news\/wp-json\/wp\/v2\/categories?post=6009"},{"taxonomy":"post_tag","embeddable":true,"href":"https:\/\/guialimeira.com.br\/news\/wp-json\/wp\/v2\/tags?post=6009"}],"curies":[{"name":"wp","href":"https:\/\/api.w.org\/{rel}","templated":true}]}}