{"id":6007,"date":"2024-05-22T18:17:51","date_gmt":"2024-05-22T21:17:51","guid":{"rendered":"https:\/\/guialimeira.com.br\/2024\/05\/22\/evento-de-adocao-e-neste-sabado-25-no-lar-temporario-de-animais\/"},"modified":"2024-05-22T18:17:51","modified_gmt":"2024-05-22T21:17:51","slug":"evento-de-adocao-e-neste-sabado-25-no-lar-temporario-de-animais","status":"publish","type":"post","link":"https:\/\/guialimeira.com.br\/news\/evento-de-adocao-e-neste-sabado-25-no-lar-temporario-de-animais\/","title":{"rendered":"Evento de ado\u00e7\u00e3o \u00e9 neste s\u00e1bado (25) no Lar Tempor\u00e1rio de Animais"},"content":{"rendered":"<p> <br \/>\n<\/p>\n<div>\n            <main class=\"\">&#13;<br \/>\n                &#13;<br \/>\n&#13;<br \/>\n&#13;<br \/>\n&#13;<br \/>\n    <img data-recalc-dims=\"1\" decoding=\"async\" src=\"https:\/\/i0.wp.com\/ecrie.com.br\/sistema\/conteudos\/imagem\/m_137_0_1_22052024163533.jpg?w=696&#038;ssl=1\" alt=\"Evento de ado\u00e7\u00e3o \u00e9 neste s\u00e1bado (25) no Lar Tempor\u00e1rio de Animais\"\/>&#13;<br \/>\n&#13;<\/p>\n<p>A Secretaria de Meio Ambiente e Agricultura de Limeira, por meio do Departamento de Prote\u00e7\u00e3o e Bem-Estar Animal (Dpbea), realiza neste s\u00e1bado (25) uma nova a\u00e7\u00e3o para ado\u00e7\u00e3o de c\u00e3es e gatos (filhotes e adultos). A atividade ocorre das 9h30 \u00e0s 12h30, no Lar Tempor\u00e1rio de Animais.<\/p>\n<p>&#13;<\/p>\n<p>Os c\u00e3es e gatos adultos ser\u00e3o disponibilizados com o esquema de vacina\u00e7\u00e3o em dia, vermifugados e castrados. No caso de filhotes, a castra\u00e7\u00e3o ser\u00e1 agendada no momento da ado\u00e7\u00e3o.<\/p>\n<p>&#13;<\/p>\n<p>Para levar um animalzinho para casa, \u00e9 necess\u00e1rio ter mais de 18 anos e apresentar RG, CPF e comprovante de endere\u00e7o. Tamb\u00e9m \u00e9 preciso ter coleira com guia, para ado\u00e7\u00e3o de c\u00e3es, e uma caixa de transporte, para gatos. Ainda durante o processo de ado\u00e7\u00e3o, os interessados passam por uma entrevista e recebem orienta\u00e7\u00f5es sobre guarda respons\u00e1vel.<\/p>\n<p>&#13;<\/p>\n<p>O Lar Tempor\u00e1rio de Animais fica na Rua S\u00f3lon Borges dos Reis, 251, no Jd. Campos El\u00edseos. Mais informa\u00e7\u00f5es podem ser obtidas pelo telefone 3443-1606.<\/p>\n<p>&#13;<\/p>\n<p>\u00a0<\/p>\n<p>&#13;<\/p>\n<p>\u00a0<\/p>\n<p>&#13;<br \/>\n&#13;<br \/>\n&#13;<br \/>\n&#13;<\/p>\n<aside class=\"list-related no-print\">&#13;<br \/>\n        &#13;<br \/>\n&#13;<\/p>\n<article class=\"list-item noticias \">&#13;<br \/>\n                    <a class=\"list-item__img\" href=\"https:\/\/limeira.sp.gov.br\/imprensa\/noticias\/meio-ambiente-e-agricultura\/limeira-intensifica-campanha-de-prevencao-e-combate-ao-greening-principal-doenca-dos-citros\" tabindex=\"-1\" aria-hidden=\"true\" rel=\"noopener\">&#13;<br \/>\n                        <img data-recalc-dims=\"1\" decoding=\"async\" src=\"https:\/\/i0.wp.com\/ecrie.com.br\/sistema\/conteudos\/imagem\/m_137_0_1_22052024160459.jpeg?w=696&#038;ssl=1\" alt=\"Limeira intensifica campanha de preven\u00e7\u00e3o e combate ao greening, principal doen\u00e7a dos citros\"\/>&#13;<br \/>\n                    <\/a>&#13;<br \/>\n&#13;<br \/>\n                &#13;<br \/>\n            <\/article>\n<p>&#13;<\/p>\n<article class=\"list-item noticias \">&#13;<br \/>\n                    <a class=\"list-item__img\" href=\"https:\/\/limeira.sp.gov.br\/imprensa\/noticias\/meio-ambiente-e-agricultura\/no-parque-cidade-alunos-conhecem-importancia-das-abelhas-nativas-sem-ferrao\" tabindex=\"-1\" aria-hidden=\"true\" rel=\"noopener\">&#13;<br \/>\n                        <img data-recalc-dims=\"1\" decoding=\"async\" src=\"https:\/\/i0.wp.com\/ecrie.com.br\/sistema\/conteudos\/imagem\/m_137_0_3_21052024160714.jpg?w=696&#038;ssl=1\" alt=\"No Parque Cidade, alunos conhecem import\u00e2ncia das abelhas-nativas-sem-ferr\u00e3o\"\/>&#13;<br \/>\n                    <\/a>&#13;<br \/>\n&#13;<br \/>\n                &#13;<br \/>\n            <\/article>\n<p>&#13;<\/p>\n<article class=\"list-item noticias \">&#13;<br \/>\n                    <a class=\"list-item__img\" href=\"https:\/\/limeira.sp.gov.br\/imprensa\/noticias\/meio-ambiente-e-agricultura\/parque-cidade-e-estadio-do-limeirao-recebem-feira-livre-noturnana-proxima-semana\" tabindex=\"-1\" aria-hidden=\"true\" rel=\"noopener\">&#13;<br \/>\n                        <img data-recalc-dims=\"1\" decoding=\"async\" src=\"https:\/\/i0.wp.com\/ecrie.com.br\/sistema\/conteudos\/imagem\/m_137_0_1_19022024120728.jpg?w=696&#038;ssl=1\" alt=\"Parque Cidade e Est\u00e1dio do Limeir\u00e3o recebem Feira Livre Noturna\u00a0na pr\u00f3xima semana\"\/>&#13;<br \/>\n                    <\/a>&#13;<br \/>\n&#13;<br \/>\n                &#13;<br \/>\n            <\/article>\n<p>&#13;<br \/>\n    <\/aside>\n<p>&#13;<br \/>\n&#13;<br \/>\n            <\/main><\/p><\/div>\n<p><br \/>\n<br \/><a href=\"https:\/\/limeira.sp.gov.br\/evento-de-adocao-e-neste-sabado-25-no-lar-temporario-de-animais\" rel=\"noopener\">Informa\u00e7\u00f5es da PML <\/a><\/p>\n","protected":false},"excerpt":{"rendered":"<p>&#13; &#13; &#13; &#13; &#13; &#13; &#13; A Secretaria de Meio Ambiente e Agricultura de Limeira, por meio do Departamento de Prote\u00e7\u00e3o e Bem-Estar Animal (Dpbea), realiza neste s\u00e1bado (25) uma nova a\u00e7\u00e3o para ado\u00e7\u00e3o de c\u00e3es e gatos (filhotes e adultos). A atividade ocorre das 9h30 \u00e0s 12h30, no Lar Tempor\u00e1rio de Animais. &#13; [&hellip;]<\/p>\n","protected":false},"author":1,"featured_media":6008,"comment_status":"open","ping_status":"open","sticky":false,"template":"","format":"standard","meta":{"_jetpack_newsletter_access":"","_jetpack_dont_email_post_to_subs":false,"_jetpack_newsletter_tier_id":0,"_jetpack_memberships_contains_paywalled_content":false,"_mbp_banners":[],"_jetpack_feature_clip_id":0,"_jetpack_memberships_contains_paid_content":false,"footnotes":"","jetpack_publicize_message":"","jetpack_publicize_feature_enabled":true,"jetpack_social_post_already_shared":true,"jetpack_social_options":{"image_generator_settings":{"template":"highway","default_image_id":0,"font":"","enabled":false},"version":2},"jetpack_post_was_ever_published":false},"categories":[16],"tags":[],"class_list":["post-6007","post","type-post","status-publish","format-standard","has-post-thumbnail","category-local"],"jetpack_publicize_connections":[],"jetpack-related-posts":[],"jetpack_shortlink":"https:\/\/wp.me\/p7Eq1F-1yT","jetpack_sharing_enabled":true,"jetpack_featured_media_url":"https:\/\/i0.wp.com\/guialimeira.com.br\/news\/wp-content\/uploads\/2024\/05\/m_137_0_1_22052024163533.jpg?fit=900%2C598&ssl=1","_links":{"self":[{"href":"https:\/\/guialimeira.com.br\/news\/wp-json\/wp\/v2\/posts\/6007","targetHints":{"allow":["GET"]}}],"collection":[{"href":"https:\/\/guialimeira.com.br\/news\/wp-json\/wp\/v2\/posts"}],"about":[{"href":"https:\/\/guialimeira.com.br\/news\/wp-json\/wp\/v2\/types\/post"}],"author":[{"embeddable":true,"href":"https:\/\/guialimeira.com.br\/news\/wp-json\/wp\/v2\/users\/1"}],"replies":[{"embeddable":true,"href":"https:\/\/guialimeira.com.br\/news\/wp-json\/wp\/v2\/comments?post=6007"}],"version-history":[{"count":0,"href":"https:\/\/guialimeira.com.br\/news\/wp-json\/wp\/v2\/posts\/6007\/revisions"}],"wp:featuredmedia":[{"embeddable":true,"href":"https:\/\/guialimeira.com.br\/news\/wp-json\/wp\/v2\/media\/6008"}],"wp:attachment":[{"href":"https:\/\/guialimeira.com.br\/news\/wp-json\/wp\/v2\/media?parent=6007"}],"wp:term":[{"taxonomy":"category","embeddable":true,"href":"https:\/\/guialimeira.com.br\/news\/wp-json\/wp\/v2\/categories?post=6007"},{"taxonomy":"post_tag","embeddable":true,"href":"https:\/\/guialimeira.com.br\/news\/wp-json\/wp\/v2\/tags?post=6007"}],"curies":[{"name":"wp","href":"https:\/\/api.w.org\/{rel}","templated":true}]}}