{"id":6003,"date":"2024-05-22T18:08:49","date_gmt":"2024-05-22T21:08:49","guid":{"rendered":"https:\/\/guialimeira.com.br\/2024\/05\/22\/bombeiros-de-sp-recebem-premio-por-resgate-do-cavalo-caramelo-no-rio-grande-do-sul\/"},"modified":"2024-05-22T18:08:49","modified_gmt":"2024-05-22T21:08:49","slug":"bombeiros-de-sp-recebem-premio-por-resgate-do-cavalo-caramelo-no-rio-grande-do-sul","status":"publish","type":"post","link":"https:\/\/guialimeira.com.br\/news\/bombeiros-de-sp-recebem-premio-por-resgate-do-cavalo-caramelo-no-rio-grande-do-sul\/","title":{"rendered":"Bombeiros de SP recebem pr\u00eamio por resgate do cavalo Caramelo no Rio Grande do Sul"},"content":{"rendered":"<p> <br \/>\n<\/p>\n<div id=\"\">&#13;<br \/>\n                                <!-- Title -->&#13;<br \/>\n                                &#13;<br \/>\n&#13;<br \/>\n                                <!-- Excerpt -->&#13;<\/p>\n<p class=\"excerpt\">A\u00e7\u00e3o dos socorristas em Canoas foi reconhecida por organiza\u00e7\u00e3o internacional<\/p>\n<p>&#13;<br \/>\n&#13;<br \/>\n                                &#13;\n                            <\/p><\/div>\n<div id=\"\">&#13;<\/p>\n<figure id=\"attachment_5886463\" style=\"width: 100%;max-width: 799px\" class=\"wp-caption alignnone\"><img data-recalc-dims=\"1\" decoding=\"async\" loading=\"lazy\" class=\"size-full wp-image-5886463\" src=\"https:\/\/i0.wp.com\/www.saopaulo.sp.gov.br\/wp-content\/uploads\/2024\/05\/D00054657-e1715969660914.jpg?resize=696%2C726&#038;ssl=1\" alt=\"\" width=\"696\" height=\"726\" srcset=\"https:\/\/www.saopaulo.sp.gov.br\/wp-content\/uploads\/2024\/05\/D00054657-e1715969660914.jpg 799w, https:\/\/www.saopaulo.sp.gov.br\/wp-content\/uploads\/2024\/05\/D00054657-e1715969660914-287x300.jpg 287w, https:\/\/www.saopaulo.sp.gov.br\/wp-content\/uploads\/2024\/05\/D00054657-e1715969660914-768x802.jpg 768w\" sizes=\"auto, (max-width: 799px) 100vw, 799px\"\/><figcaption class=\"wp-caption-text\">O\u00a0resgate do cavalo Caramelo realizado pelo Corpo de Bombeiros de SP<\/figcaption><\/figure>\n<p>O Corpo de Bombeiros de S\u00e3o Paulo foi homenageado pelo resgate do cavalo Caramelo, realizado em Canoas, no Rio Grande do Sul, em 9 de maio. O pr\u00eamio \u00e9 da organiza\u00e7\u00e3o n\u00e3o governamental Pessoas pelo Tratamento \u00c9tico dos Animais (Peta).<\/p>\n<p>O equino foi resgatado depois de ficar ilhado no telhado de uma casa em meio \u00e0s enchentes que atingiram a regi\u00e3o. As equipes dos Bombeiros de S\u00e3o Paulo, que estavam no Sul em apoio \u00e0s v\u00edtimas das chuvas, planejaram uma for\u00e7a-tarefa para resgatar o animal.<\/p>\n<p>\u201cA gente fica muito feliz e honrado. Esse pr\u00eamio reflete todo o trabalho do Corpo de Bombeiros de S\u00e3o Paulo, n\u00e3o s\u00f3 no resgate do Caramelo, mas de tantos outros animais que s\u00e3o resgatados em situa\u00e7\u00e3o dif\u00edcil, no Rio Grande do Sul e em todo o estado de S\u00e3o Paulo\u201d, afirmou o capit\u00e3o do Corpo de Bombeiros Tiago Franco.<\/p>\n<figure id=\"attachment_5889536\" style=\"width: 100%;max-width: 800px\" class=\"wp-caption alignnone\"><img data-recalc-dims=\"1\" decoding=\"async\" loading=\"lazy\" class=\"size-full wp-image-5889536\" src=\"https:\/\/i0.wp.com\/www.saopaulo.sp.gov.br\/wp-content\/uploads\/2024\/05\/D00054750-2.jpeg?resize=696%2C881&#038;ssl=1\" alt=\"\" width=\"696\" height=\"881\" srcset=\"https:\/\/www.saopaulo.sp.gov.br\/wp-content\/uploads\/2024\/05\/D00054750-2.jpeg 800w, https:\/\/www.saopaulo.sp.gov.br\/wp-content\/uploads\/2024\/05\/D00054750-2-237x300.jpeg 237w, https:\/\/www.saopaulo.sp.gov.br\/wp-content\/uploads\/2024\/05\/D00054750-2-768x972.jpeg 768w\" sizes=\"auto, (max-width: 800px) 100vw, 800px\"\/><figcaption class=\"wp-caption-text\">Profissionais que participaram da miss\u00e3o foram contemplados com o \u201cPr\u00eamio Corpo de Bombeiros com Compaix\u00e3o\u201d da organiza\u00e7\u00e3o<\/figcaption><\/figure>\n<h3>Como foi o resgate<\/h3>\n<p>O cavalo ficou quatro dias \u00e0 espera de socorro. Para a opera\u00e7\u00e3o, os bombeiros receberam o apoio de veterin\u00e1rios volunt\u00e1rios paulistas, que tamb\u00e9m se mobilizaram pelo resgate. Foram mais de dez profissionais envolvidos. O animal foi sedado para ser retirado em seguran\u00e7a em um bote. \u201cFoi um resgate muito t\u00e9cnico, realizado com embarca\u00e7\u00e3o em um momento muito dif\u00edcil da ocorr\u00eancia\u201d, disse o capit\u00e3o Franco.<\/p>\n<p>Os Bombeiros de S\u00e3o Paulo receberam da Peta um certificado e uma carta de agradecimento. \u201cO Caramelo provavelmente teria morrido naquela enchente terr\u00edvel se n\u00e3o fosse pelos atos heroicos desses corajosos bombeiros\u201d, afirmou a diretora da Peta Latino, Alicia Aguayo, \u00e0 Secretaria da Seguran\u00e7a P\u00fablica.<\/p>\n<p>Os profissionais que participaram da miss\u00e3o foram contemplados com o \u201cPr\u00eamio Corpo de Bombeiros com Compaix\u00e3o\u201d da organiza\u00e7\u00e3o, conhecida mundialmente pelos direitos dos animais. Caramelo se tornou um s\u00edmbolo de resist\u00eancia.<\/p>\n<p>\u201cA Peta encoraja a todos para que se inspirem nos que resgataram o Caramelo e ajam imediatamente quando se depararem com um animal necessitado\u201d, completou\u00a0Aguayo.<\/p>\n<\/p><\/div>\n<p><br \/>\n<br \/><a href=\"https:\/\/www.saopaulo.sp.gov.br\/spnoticias\/ultimas-noticias\/bombeiros-de-sp-recebem-premio-por-resgate-do-cavalo-caramelo-no-rio-grande-do-sul\/\" rel=\"noopener\">Informa\u00e7\u00f5es GOV.SP<\/a><\/p>\n","protected":false},"excerpt":{"rendered":"<p>&#13; &#13; &#13; &#13; &#13; A\u00e7\u00e3o dos socorristas em Canoas foi reconhecida por organiza\u00e7\u00e3o internacional &#13; &#13; &#13; &#13; O\u00a0resgate do cavalo Caramelo realizado pelo Corpo de Bombeiros de SP O Corpo de Bombeiros de S\u00e3o Paulo foi homenageado pelo resgate do cavalo Caramelo, realizado em Canoas, no Rio Grande do Sul, em 9 de [&hellip;]<\/p>\n","protected":false},"author":1,"featured_media":6004,"comment_status":"open","ping_status":"open","sticky":false,"template":"","format":"standard","meta":{"_jetpack_newsletter_access":"","_jetpack_dont_email_post_to_subs":false,"_jetpack_newsletter_tier_id":0,"_jetpack_memberships_contains_paywalled_content":false,"_mbp_banners":[],"_jetpack_feature_clip_id":0,"_jetpack_memberships_contains_paid_content":false,"footnotes":"","jetpack_publicize_message":"","jetpack_publicize_feature_enabled":true,"jetpack_social_post_already_shared":true,"jetpack_social_options":{"image_generator_settings":{"template":"highway","default_image_id":0,"font":"","enabled":false},"version":2},"jetpack_post_was_ever_published":false},"categories":[21],"tags":[],"class_list":["post-6003","post","type-post","status-publish","format-standard","has-post-thumbnail","category-sp-news"],"jetpack_publicize_connections":[],"jetpack-related-posts":[],"jetpack_shortlink":"https:\/\/wp.me\/p7Eq1F-1yP","jetpack_sharing_enabled":true,"jetpack_featured_media_url":"https:\/\/i0.wp.com\/guialimeira.com.br\/news\/wp-content\/uploads\/2024\/05\/Bombeiros-de-SP-recebem-premio-por-resgate-do-cavalo-Caramelo.jpg?fit=799%2C834&ssl=1","_links":{"self":[{"href":"https:\/\/guialimeira.com.br\/news\/wp-json\/wp\/v2\/posts\/6003","targetHints":{"allow":["GET"]}}],"collection":[{"href":"https:\/\/guialimeira.com.br\/news\/wp-json\/wp\/v2\/posts"}],"about":[{"href":"https:\/\/guialimeira.com.br\/news\/wp-json\/wp\/v2\/types\/post"}],"author":[{"embeddable":true,"href":"https:\/\/guialimeira.com.br\/news\/wp-json\/wp\/v2\/users\/1"}],"replies":[{"embeddable":true,"href":"https:\/\/guialimeira.com.br\/news\/wp-json\/wp\/v2\/comments?post=6003"}],"version-history":[{"count":0,"href":"https:\/\/guialimeira.com.br\/news\/wp-json\/wp\/v2\/posts\/6003\/revisions"}],"wp:featuredmedia":[{"embeddable":true,"href":"https:\/\/guialimeira.com.br\/news\/wp-json\/wp\/v2\/media\/6004"}],"wp:attachment":[{"href":"https:\/\/guialimeira.com.br\/news\/wp-json\/wp\/v2\/media?parent=6003"}],"wp:term":[{"taxonomy":"category","embeddable":true,"href":"https:\/\/guialimeira.com.br\/news\/wp-json\/wp\/v2\/categories?post=6003"},{"taxonomy":"post_tag","embeddable":true,"href":"https:\/\/guialimeira.com.br\/news\/wp-json\/wp\/v2\/tags?post=6003"}],"curies":[{"name":"wp","href":"https:\/\/api.w.org\/{rel}","templated":true}]}}