{"id":5996,"date":"2024-05-22T17:55:42","date_gmt":"2024-05-22T20:55:42","guid":{"rendered":"https:\/\/guialimeira.com.br\/2024\/05\/22\/prefeitura-apresentara-cumprimento-das-metas-fiscais-do-1o-quadrimestre-em-audiencia-publica\/"},"modified":"2024-05-22T17:55:42","modified_gmt":"2024-05-22T20:55:42","slug":"prefeitura-apresentara-cumprimento-das-metas-fiscais-do-1o-quadrimestre-em-audiencia-publica","status":"publish","type":"post","link":"https:\/\/guialimeira.com.br\/news\/prefeitura-apresentara-cumprimento-das-metas-fiscais-do-1o-quadrimestre-em-audiencia-publica\/","title":{"rendered":"Prefeitura apresentar\u00e1 cumprimento das metas fiscais do 1\u00ba quadrimestre em audi\u00eancia P\u00fablica"},"content":{"rendered":"<p> <br \/>\n<\/p>\n<div>\n<p>Para que a Prefeitura preste contas da aplica\u00e7\u00e3o do or\u00e7amento municipal durante o primeiro quadrimestre de 2024, de janeiro a abril, a Comiss\u00e3o de Or\u00e7amento e Finan\u00e7as da C\u00e2mara agendou uma audi\u00eancia p\u00fablica para o dia 28 de maio, a partir das 18h, no Plen\u00e1rio Vereador Vit\u00f3rio Bortolan. Haver\u00e1 transmiss\u00e3o ao vivo pelos canais de comunica\u00e7\u00e3o da Casa, no <a href=\"http:\/\/www.youtube.com\/user\/camaradelimeira\/videos\" rel=\"noopener\">Youtube<\/a>, <a href=\"https:\/\/www.facebook.com\/camaradelimeira\/\" rel=\"noopener\">Facebook<\/a> e <a href=\"http:\/\/www.limeira.sp.leg.br\/sessoes\/aovivo\" rel=\"noopener\">site<\/a>.<\/p>\n<p>No evento, um representante do Executivo dever\u00e1 apresentar o cumprimento das metas fiscais fixadas pela Lei de Diretrizes Or\u00e7ament\u00e1rias (LDO). Ele deve demonstrar \u00e0 popula\u00e7\u00e3o e aos vereadores de que forma o or\u00e7amento municipal foi aplicado no per\u00edodo para custear a\u00e7\u00f5es nas diversas \u00e1reas, como sa\u00fade, educa\u00e7\u00e3o e obras, por exemplo.<\/p>\n<p>A audi\u00eancia \u00e9 aberta ao p\u00fablico e pode ser acompanhada presencialmente no Plen\u00e1rio da C\u00e2mara, que fica na rua Pedro Zaccaria, 70, Jardim Santa Luiza. Para ter acesso ao pr\u00e9dio \u00e9 necess\u00e1rio apresentar documento de identifica\u00e7\u00e3o com foto.\u00a0<\/p>\n<p>O agendamento foi feito durante a reuni\u00e3o ordin\u00e1ria do colegiado desta quarta-feira, 22 de maio. A Comiss\u00e3o de Or\u00e7amento, Finan\u00e7as, Contabilidade e Administra\u00e7\u00e3o P\u00fablica da C\u00e2mara \u00e9 respons\u00e1vel por analisar os aspectos financeiros e or\u00e7ament\u00e1rios de todas as proposi\u00e7\u00f5es apresentadas tanto pelo Legislativo, quanto pelo Executivo.\u00a0<\/p>\n<p>Fazem parte do colegiado os vereadores Nilton Santos (Republicanos), presidente; Const\u00e2ncia F\u00e9lix (Agir), vice-presidente; e Sidney Pascotto, Lem\u00e3o da Jeov\u00e1 Raf\u00e1 (PRTB), secret\u00e1rio. Todas as delibera\u00e7\u00f5es foram registradas em <a href=\"http:\/\/consulta.limeira.sp.leg.br\/arquivo?Id=445516\" rel=\"noopener\">ata<\/a>.<\/p>\n<\/p><\/div>\n<p><br \/>\n<br \/><a href=\"https:\/\/www.limeira.sp.leg.br\/noticias\/view\/2024-05-22_prefeitura-apresentara-cumprimento-das-metas-fiscais-do-1-quadrimestre-em-audiencia-publica\" rel=\"noopener\">Informa\u00e7\u00f5es CML<\/a><\/p>\n","protected":false},"excerpt":{"rendered":"<p>Para que a Prefeitura preste contas da aplica\u00e7\u00e3o do or\u00e7amento municipal durante o primeiro quadrimestre de 2024, de janeiro a abril, a Comiss\u00e3o de Or\u00e7amento e Finan\u00e7as da C\u00e2mara agendou uma audi\u00eancia p\u00fablica para o dia 28 de maio, a partir das 18h, no Plen\u00e1rio Vereador Vit\u00f3rio Bortolan. Haver\u00e1 transmiss\u00e3o ao vivo pelos canais de [&hellip;]<\/p>\n","protected":false},"author":1,"featured_media":0,"comment_status":"open","ping_status":"open","sticky":false,"template":"","format":"standard","meta":{"_jetpack_newsletter_access":"","_jetpack_dont_email_post_to_subs":false,"_jetpack_newsletter_tier_id":0,"_jetpack_memberships_contains_paywalled_content":false,"_mbp_banners":[],"_jetpack_feature_clip_id":0,"_jetpack_memberships_contains_paid_content":false,"footnotes":"","jetpack_publicize_message":"","jetpack_publicize_feature_enabled":true,"jetpack_social_post_already_shared":true,"jetpack_social_options":{"image_generator_settings":{"template":"highway","default_image_id":0,"font":"","enabled":false},"version":2},"jetpack_post_was_ever_published":false},"categories":[19],"tags":[],"class_list":["post-5996","post","type-post","status-publish","format-standard","category-politica"],"jetpack_publicize_connections":[],"jetpack-related-posts":[],"jetpack_shortlink":"https:\/\/wp.me\/p7Eq1F-1yI","jetpack_sharing_enabled":true,"jetpack_featured_media_url":"","_links":{"self":[{"href":"https:\/\/guialimeira.com.br\/news\/wp-json\/wp\/v2\/posts\/5996","targetHints":{"allow":["GET"]}}],"collection":[{"href":"https:\/\/guialimeira.com.br\/news\/wp-json\/wp\/v2\/posts"}],"about":[{"href":"https:\/\/guialimeira.com.br\/news\/wp-json\/wp\/v2\/types\/post"}],"author":[{"embeddable":true,"href":"https:\/\/guialimeira.com.br\/news\/wp-json\/wp\/v2\/users\/1"}],"replies":[{"embeddable":true,"href":"https:\/\/guialimeira.com.br\/news\/wp-json\/wp\/v2\/comments?post=5996"}],"version-history":[{"count":0,"href":"https:\/\/guialimeira.com.br\/news\/wp-json\/wp\/v2\/posts\/5996\/revisions"}],"wp:attachment":[{"href":"https:\/\/guialimeira.com.br\/news\/wp-json\/wp\/v2\/media?parent=5996"}],"wp:term":[{"taxonomy":"category","embeddable":true,"href":"https:\/\/guialimeira.com.br\/news\/wp-json\/wp\/v2\/categories?post=5996"},{"taxonomy":"post_tag","embeddable":true,"href":"https:\/\/guialimeira.com.br\/news\/wp-json\/wp\/v2\/tags?post=5996"}],"curies":[{"name":"wp","href":"https:\/\/api.w.org\/{rel}","templated":true}]}}