{"id":5992,"date":"2024-05-22T17:16:47","date_gmt":"2024-05-22T20:16:47","guid":{"rendered":"https:\/\/guialimeira.com.br\/2024\/05\/22\/encontro-debate-empregabilidade-para-pessoa-com-deficiencia\/"},"modified":"2024-05-22T17:16:47","modified_gmt":"2024-05-22T20:16:47","slug":"encontro-debate-empregabilidade-para-pessoa-com-deficiencia","status":"publish","type":"post","link":"https:\/\/guialimeira.com.br\/news\/encontro-debate-empregabilidade-para-pessoa-com-deficiencia\/","title":{"rendered":"Encontro debate empregabilidade para pessoa com defici\u00eancia"},"content":{"rendered":"<p> <br \/>\n<\/p>\n<div id=\"\">&#13;<br \/>\n                &#13;<br \/>\n&#13;<br \/>\n&#13;<br \/>\n&#13;<br \/>\n    <img data-recalc-dims=\"1\" decoding=\"async\" src=\"https:\/\/i0.wp.com\/ecrie.com.br\/sistema\/conteudos\/imagem\/m_137_0_1_22052024164710.jpg?w=696&#038;ssl=1\" alt=\"Encontro debate empregabilidade para pessoa com defici\u00eancia\"\/>&#13;<br \/>\n&#13;<\/p>\n<p><strong>\u00a0<\/strong>O prefeito Mario Botion participou na manh\u00e3 desta quarta-feira (22), na C\u00e2mara Municipal, da abertura do evento \u201cEmpregabilidade para pessoa com defici\u00eancia e seus desafios\u201d.\u00a0Promovido pelo Conselho Municipal dos Direitos das Pessoas com Defici\u00eancia\u00a0(CMDPD), em parceria com a Escola Legislativa, e apoio da Prefeitura\u00a0de Limeira,\u00a0a iniciativa reuniu especialistas para falar sobre a lei de cotas, direitos das pessoas com defici\u00eancia e inclus\u00e3o.<\/p>\n<p>&#13;<\/p>\n<p>Al\u00e9m do prefeito, integraram a mesa de abertura, o presidente do CMDPD e chefe do Setor de Garantias de Direitos das Pessoas com Defici\u00eancia da prefeitura,\u00a0Douglas Aparecido Antonio, o Robinho, a coordenadora do Programa Estadual \u201cMeu Emprego Inclusivo\u201d, Silvana Gimenes, e a presidente do Conselho Estadual para Assuntos da Pessoa com Defici\u00eancia, Let\u00edcia Fran\u00e7oso. O vereador Elias Barbosa e o secret\u00e1rio de Comunica\u00e7\u00e3o Social, S\u00e9rgio Moreira, tamb\u00e9m acompanharam a solenidade.<\/p>\n<p>&#13;<\/p>\n<p>Botion falou sobre a import\u00e2ncia do evento, como forma de discutir os desafios e os avan\u00e7os da empregabilidade da pessoa com defici\u00eancia. Quanto \u00e0s a\u00e7\u00f5es inclusivas empreendidas pela prefeitura, ele destacou a atua\u00e7\u00e3o do PAT Limeira, que faz a intermedia\u00e7\u00e3o da m\u00e3o de obra, o Centro Educacional Jo\u00e3o Fischer Sobrinho (\u00e1reas Auditiva\/Visual) e os cursos de capacita\u00e7\u00e3o.<\/p>\n<p>&#13;<\/p>\n<p>Ele tamb\u00e9m abordou a participa\u00e7\u00e3o da Secretaria de Desenvolvimento, Turismo e Inova\u00e7\u00e3o na \u201cOficina de Recrutamento\u201d, grupo com 70 gestores de RH visando forma\u00e7\u00e3o e troca de conhecimento. Um dos pr\u00f3ximos m\u00f3dulos, citou o prefeito, tratar\u00e1 justamente da rela\u00e7\u00e3o entre mercado de trabalho e pessoas com defici\u00eancia. \u201cTemos grandes conquistas, mas ainda precisamos ampliar as oportunidades\u201d, salientou. \u201cEspero que um dia a sociedade seja mais justa e igualit\u00e1ria\u201d, completou Botion.<\/p>\n<p>&#13;<\/p>\n<p>Ao analisar o cen\u00e1rio do mercado de trabalho para a pessoa com defici\u00eancia, Robinho observou que, al\u00e9m das barreiras de contrata\u00e7\u00e3o, \u00e9 necess\u00e1rio repensar como se d\u00e1 a perman\u00eancia desses profissionais nas empresas. \u201cEsse evento pretende levar informa\u00e7\u00f5es atualizadas aos participantes, mobilizar a sociedade e conscientizar quanto aos direitos das pessoas com defici\u00eancia\u201d, afirmou.<\/p>\n<p>&#13;<\/p>\n<p>Ap\u00f3s a abertura, os presentes assistiram a duas palestras com profissionais da \u00e1rea: a especialista em Gest\u00e3o de Pessoas pelo Senac S\u00e3o Paulo, Maria Heloisa Rodrigues, e o advogado Jefferson Simelmann.<\/p>\n<p>&#13;<\/p>\n<p>\u00a0<\/p>\n<p>&#13;<\/p>\n<p>\u00a0<\/p>\n<p>&#13;<br \/>\n&#13;<br \/>\n&#13;<br \/>\n&#13;<\/p>\n<aside class=\"list-related no-print\">&#13;<br \/>\n        &#13;<br \/>\n&#13;<\/p>\n<article class=\"list-item noticias \">&#13;<br \/>\n                    <a class=\"list-item__img\" href=\"https:\/\/limeira.sp.gov.br\/imprensa\/noticias\/desenvolvimento-turismo-e-inovacao\/com-pipoca-e-refrigerante-limeira-recebe-cinema-itinerante\" tabindex=\"-1\" aria-hidden=\"true\" rel=\"noopener\">&#13;<br \/>\n                        <img data-recalc-dims=\"1\" decoding=\"async\" src=\"https:\/\/i0.wp.com\/ecrie.com.br\/sistema\/conteudos\/imagem\/m_137_0_1_21052024175103.jpg?w=696&#038;ssl=1\" alt=\"Com pipoca e refrigerante, Limeira recebe cinema itinerante\"\/>&#13;<br \/>\n                    <\/a>&#13;<br \/>\n&#13;<br \/>\n                &#13;<br \/>\n            <\/article>\n<p>&#13;<\/p>\n<article class=\"list-item noticias \">&#13;<br \/>\n                    <a class=\"list-item__img\" href=\"https:\/\/limeira.sp.gov.br\/imprensa\/noticias\/desenvolvimento-turismo-e-inovacao\/univesp-divulga-locais-de-prova-para-o-vestibular-2024\" tabindex=\"-1\" aria-hidden=\"true\" rel=\"noopener\">&#13;<br \/>\n                        <img data-recalc-dims=\"1\" decoding=\"async\" src=\"https:\/\/i0.wp.com\/ecrie.com.br\/sistema\/conteudos\/imagem\/m_137_0_1_01042024144011.jpg?w=696&#038;ssl=1\" alt=\"Univesp divulga locais de prova para o Vestibular 2024\"\/>&#13;<br \/>\n                    <\/a>&#13;<br \/>\n&#13;<br \/>\n                &#13;<br \/>\n            <\/article>\n<p>&#13;<\/p>\n<article class=\"list-item noticias \">&#13;<br \/>\n                    <a class=\"list-item__img\" href=\"https:\/\/limeira.sp.gov.br\/imprensa\/noticias\/desenvolvimento-turismo-e-inovacao\/expo-alegria-brutos-lanca-novidades-no-setor-de-semijoias-e-impulsiona-comercio-local\" tabindex=\"-1\" aria-hidden=\"true\" rel=\"noopener\">&#13;<br \/>\n                        <img data-recalc-dims=\"1\" decoding=\"async\" src=\"https:\/\/i0.wp.com\/ecrie.com.br\/sistema\/conteudos\/imagem\/m_137_0_1_21052024162017.jpg?w=696&#038;ssl=1\" alt=\"Expo Alegria Brutos lan\u00e7a novidades no setor de semijoias e impulsiona com\u00e9rcio local\"\/>&#13;<br \/>\n                    <\/a>&#13;<br \/>\n&#13;<br \/>\n                &#13;<br \/>\n            <\/article>\n<p>&#13;<br \/>\n    <\/aside>\n<p>&#13;<br \/>\n&#13;\n            <\/p><\/div>\n<p><br \/>\n<br \/><a href=\"https:\/\/limeira.sp.gov.br\/encontro-debate-empregabilidade-para-pessoa-com-deficiencia\" rel=\"noopener\">Informa\u00e7\u00f5es da PML <\/a><\/p>\n","protected":false},"excerpt":{"rendered":"<p>&#13; &#13; &#13; &#13; &#13; &#13; &#13; \u00a0O prefeito Mario Botion participou na manh\u00e3 desta quarta-feira (22), na C\u00e2mara Municipal, da abertura do evento \u201cEmpregabilidade para pessoa com defici\u00eancia e seus desafios\u201d.\u00a0Promovido pelo Conselho Municipal dos Direitos das Pessoas com Defici\u00eancia\u00a0(CMDPD), em parceria com a Escola Legislativa, e apoio da Prefeitura\u00a0de Limeira,\u00a0a iniciativa reuniu especialistas [&hellip;]<\/p>\n","protected":false},"author":1,"featured_media":5993,"comment_status":"open","ping_status":"open","sticky":false,"template":"","format":"standard","meta":{"_jetpack_newsletter_access":"","_jetpack_dont_email_post_to_subs":false,"_jetpack_newsletter_tier_id":0,"_jetpack_memberships_contains_paywalled_content":false,"_mbp_banners":[],"_jetpack_feature_clip_id":0,"_jetpack_memberships_contains_paid_content":false,"footnotes":"","jetpack_publicize_message":"","jetpack_publicize_feature_enabled":true,"jetpack_social_post_already_shared":true,"jetpack_social_options":{"image_generator_settings":{"template":"highway","default_image_id":0,"font":"","enabled":false},"version":2},"jetpack_post_was_ever_published":false},"categories":[16],"tags":[],"class_list":["post-5992","post","type-post","status-publish","format-standard","has-post-thumbnail","category-local"],"jetpack_publicize_connections":[],"jetpack-related-posts":[],"jetpack_shortlink":"https:\/\/wp.me\/p7Eq1F-1yE","jetpack_sharing_enabled":true,"jetpack_featured_media_url":"https:\/\/i0.wp.com\/guialimeira.com.br\/news\/wp-content\/uploads\/2024\/05\/m_137_0_1_22052024164710.jpg?fit=1280%2C852&ssl=1","_links":{"self":[{"href":"https:\/\/guialimeira.com.br\/news\/wp-json\/wp\/v2\/posts\/5992","targetHints":{"allow":["GET"]}}],"collection":[{"href":"https:\/\/guialimeira.com.br\/news\/wp-json\/wp\/v2\/posts"}],"about":[{"href":"https:\/\/guialimeira.com.br\/news\/wp-json\/wp\/v2\/types\/post"}],"author":[{"embeddable":true,"href":"https:\/\/guialimeira.com.br\/news\/wp-json\/wp\/v2\/users\/1"}],"replies":[{"embeddable":true,"href":"https:\/\/guialimeira.com.br\/news\/wp-json\/wp\/v2\/comments?post=5992"}],"version-history":[{"count":0,"href":"https:\/\/guialimeira.com.br\/news\/wp-json\/wp\/v2\/posts\/5992\/revisions"}],"wp:featuredmedia":[{"embeddable":true,"href":"https:\/\/guialimeira.com.br\/news\/wp-json\/wp\/v2\/media\/5993"}],"wp:attachment":[{"href":"https:\/\/guialimeira.com.br\/news\/wp-json\/wp\/v2\/media?parent=5992"}],"wp:term":[{"taxonomy":"category","embeddable":true,"href":"https:\/\/guialimeira.com.br\/news\/wp-json\/wp\/v2\/categories?post=5992"},{"taxonomy":"post_tag","embeddable":true,"href":"https:\/\/guialimeira.com.br\/news\/wp-json\/wp\/v2\/tags?post=5992"}],"curies":[{"name":"wp","href":"https:\/\/api.w.org\/{rel}","templated":true}]}}