{"id":5983,"date":"2024-05-22T16:55:56","date_gmt":"2024-05-22T19:55:56","guid":{"rendered":"https:\/\/guialimeira.com.br\/2024\/05\/22\/fiocruz-escolhe-projeto-que-valoriza-a-ciencia-para-memorial-covid-19\/"},"modified":"2024-05-22T16:55:56","modified_gmt":"2024-05-22T19:55:56","slug":"fiocruz-escolhe-projeto-que-valoriza-a-ciencia-para-memorial-covid-19","status":"publish","type":"post","link":"https:\/\/guialimeira.com.br\/news\/fiocruz-escolhe-projeto-que-valoriza-a-ciencia-para-memorial-covid-19\/","title":{"rendered":"Fiocruz escolhe projeto que valoriza a ci\u00eancia para Memorial Covid-19"},"content":{"rendered":"<p> <br \/>\n<\/p>\n<div>\n<p>O Concurso Memorial Covid-19 Fiocruz anunciou o projeto vencedor do espa\u00e7o que vai homenagear as v\u00edtimas dos efeitos da pandemia. Reconhecida\u00a0em 11 de mar\u00e7o de 2020 pela Organiza\u00e7\u00e3o Mundial da Sa\u00fade (OMS), a pandemia\u00a0foi oficialmente encerrada em 5 de maio de 2023. Durante esse per\u00edodo, foram registrados mais de 765 milh\u00f5es de casos e quase 7 milh\u00f5es de mortes em todo o mundo.<img data-recalc-dims=\"1\" decoding=\"async\" src=\"https:\/\/i0.wp.com\/agenciabrasil.ebc.com.br\/ebc.png?w=696&#038;ssl=1\" style=\"width:1px; height:1px; display:inline;\"\/><img data-recalc-dims=\"1\" decoding=\"async\" src=\"https:\/\/i0.wp.com\/agenciabrasil.ebc.com.br\/ebc.gif?w=696&#038;ssl=1\" style=\"width:1px; height:1px; display:inline;\"\/><\/p>\n<p>A competi\u00e7\u00e3o, organizada em conjunto com o Instituto de Arquitetos do Brasil (IAB-RJ), escolheu a proposta de uma equipe paulista, formada por Paulo Jos\u00e9 Tripoloni, Pablo Mora Peludo, Gabriel Costa Dantas e Fernanda Macedo Haddad. O j\u00fari considerou o trabalho apresentado por unir circula\u00e7\u00e3o e contempla\u00e7\u00e3o, al\u00e9m de demonstrar sensibilidade e entendimento sobre o memorial e o\u00a0sofrimento\u00a0a que ele remete. Tamb\u00e9m foi destacado como o projeto refor\u00e7a o papel da ci\u00eancia e como narra de forma po\u00e9tica as fases do evento pand\u00eamico.<\/p>\n<p>Na segunda coloca\u00e7\u00e3o, ficou a equipe composta por Gabriela Giraldez Barros, Guilherme Albamonte Mejias, Pedro Augusto Galbiati Silva Giachini, Danielle Mascaro Pioli e Norma Mejias Quinteiro.\u00a0<\/p>\n<p>O j\u00fari concedeu ainda cinco men\u00e7\u00f5es honrosas, entregues \u00e0s equipes lideradas pelos seguintes respons\u00e1veis t\u00e9cnicos: Eron Costin (PR), Antonio Roberto Zanolla (SP), Maria Cristina Motta Oliverio (SP), Matheus Augusto de Oliveira e Carvalho (DF) e Duarte Vaz Guedes e Silva (RJ).<\/p>\n<p>\u201cAs propostas oferecidas responderam bem ao edital e seguramente tanto a Fiocruz quanto o IAB-RJ estar\u00e3o oferecendo \u00e0 sociedade um espa\u00e7o de mem\u00f3ria\u201d, disse Marcela Abla, presidente do Departamento Rio de Janeiro do Instituto de Arquitetos do Brasil (IAB-RJ).<\/p>\n<h2>Projeto vencedor<\/h2>\n<p>O espa\u00e7o projetado pela equipe vencedora pretende oferecer reflex\u00e3o e transforma\u00e7\u00e3o para aqueles que o visitarem. \u00a0Dos momentos vividos durante a pandemia, foram destacados: ang\u00fastias, preocupa\u00e7\u00f5es, isolamento, mudan\u00e7as, esperan\u00e7a de supera\u00e7\u00e3o e o conceito de continuidade da vida.<\/p>\n<p>A proposta prev\u00ea uma pra\u00e7a protegida na \u00e1rea pr\u00f3xima \u00e0 Avenida Brasil e \u00e0\u00a0entrada principal do compus sede da Fiocruz. A ideia \u00e9 que os\u00a0olhares dos que circularem pelo memorial\u00a0sejam direcionados para a natureza existente.<\/p>\n<p>\u201cFomos inspirados a criar empenas que, servindo de prote\u00e7\u00e3o ac\u00fastica e visual, tamb\u00e9m preservam um espa\u00e7o de acolhimento da alma. Este \u00e9 um isolamento \u00e0s avessas da pandemia. Um local de paz, verdade e ao som dos p\u00e1ssaros que nele habitam\u201d, explicam os autores na proposta enviada.<\/p>\n<p>Segundo os autores, as empenas brancas que envolvem o conjunto s\u00e3o como len\u00e7os que enxugam as l\u00e1grimas. A \u00e1gua que cai como l\u00e1grimas flui em dire\u00e7\u00e3o aos lagos, simbolizando a transforma\u00e7\u00e3o e o renascimento. Ao percorrer o memorial, os visitantes s\u00e3o guiados \u00e0 contempla\u00e7\u00e3o e incentivados a continuar atrav\u00e9s da intera\u00e7\u00e3o l\u00fadica com os espa\u00e7os naturais.<\/p>\n<\/p><\/div>\n<p><br \/>\n<br \/><a href=\"https:\/\/agenciabrasil.ebc.com.br\/saude\/noticia\/2024-05\/fiocruz-escolhe-projeto-que-valoriza-ciencia-para-memorial-covid-19\" rel=\"noopener\">Ag\u00eancia Brasil <\/a><\/p>\n","protected":false},"excerpt":{"rendered":"<p>O Concurso Memorial Covid-19 Fiocruz anunciou o projeto vencedor do espa\u00e7o que vai homenagear as v\u00edtimas dos efeitos da pandemia. Reconhecida\u00a0em 11 de mar\u00e7o de 2020 pela Organiza\u00e7\u00e3o Mundial da Sa\u00fade (OMS), a pandemia\u00a0foi oficialmente encerrada em 5 de maio de 2023. Durante esse per\u00edodo, foram registrados mais de 765 milh\u00f5es de casos e quase [&hellip;]<\/p>\n","protected":false},"author":1,"featured_media":1769,"comment_status":"open","ping_status":"open","sticky":false,"template":"","format":"standard","meta":{"_jetpack_newsletter_access":"","_jetpack_dont_email_post_to_subs":false,"_jetpack_newsletter_tier_id":0,"_jetpack_memberships_contains_paywalled_content":false,"_mbp_banners":[],"_jetpack_feature_clip_id":0,"_jetpack_memberships_contains_paid_content":false,"footnotes":"","jetpack_publicize_message":"","jetpack_publicize_feature_enabled":true,"jetpack_social_post_already_shared":true,"jetpack_social_options":{"image_generator_settings":{"template":"highway","default_image_id":0,"font":"","enabled":false},"version":2},"jetpack_post_was_ever_published":false},"categories":[15],"tags":[],"class_list":["post-5983","post","type-post","status-publish","format-standard","has-post-thumbnail","category-saude"],"jetpack_publicize_connections":[],"jetpack-related-posts":[],"jetpack_shortlink":"https:\/\/wp.me\/p7Eq1F-1yv","jetpack_sharing_enabled":true,"jetpack_featured_media_url":"https:\/\/i0.wp.com\/guialimeira.com.br\/news\/wp-content\/uploads\/2024\/04\/fiocruz_completa_122_anos_ffraz_abr_190522_30.jpg?fit=1600%2C800&ssl=1","_links":{"self":[{"href":"https:\/\/guialimeira.com.br\/news\/wp-json\/wp\/v2\/posts\/5983","targetHints":{"allow":["GET"]}}],"collection":[{"href":"https:\/\/guialimeira.com.br\/news\/wp-json\/wp\/v2\/posts"}],"about":[{"href":"https:\/\/guialimeira.com.br\/news\/wp-json\/wp\/v2\/types\/post"}],"author":[{"embeddable":true,"href":"https:\/\/guialimeira.com.br\/news\/wp-json\/wp\/v2\/users\/1"}],"replies":[{"embeddable":true,"href":"https:\/\/guialimeira.com.br\/news\/wp-json\/wp\/v2\/comments?post=5983"}],"version-history":[{"count":0,"href":"https:\/\/guialimeira.com.br\/news\/wp-json\/wp\/v2\/posts\/5983\/revisions"}],"wp:featuredmedia":[{"embeddable":true,"href":"https:\/\/guialimeira.com.br\/news\/wp-json\/wp\/v2\/media\/1769"}],"wp:attachment":[{"href":"https:\/\/guialimeira.com.br\/news\/wp-json\/wp\/v2\/media?parent=5983"}],"wp:term":[{"taxonomy":"category","embeddable":true,"href":"https:\/\/guialimeira.com.br\/news\/wp-json\/wp\/v2\/categories?post=5983"},{"taxonomy":"post_tag","embeddable":true,"href":"https:\/\/guialimeira.com.br\/news\/wp-json\/wp\/v2\/tags?post=5983"}],"curies":[{"name":"wp","href":"https:\/\/api.w.org\/{rel}","templated":true}]}}