{"id":5982,"date":"2024-05-22T16:54:49","date_gmt":"2024-05-22T19:54:49","guid":{"rendered":"https:\/\/guialimeira.com.br\/2024\/05\/22\/camara-promove-palestra-sobre-empregabilidade-para-pessoas-com-deficiencia-e-seus-desafios\/"},"modified":"2024-05-22T16:54:49","modified_gmt":"2024-05-22T19:54:49","slug":"camara-promove-palestra-sobre-empregabilidade-para-pessoas-com-deficiencia-e-seus-desafios","status":"publish","type":"post","link":"https:\/\/guialimeira.com.br\/news\/camara-promove-palestra-sobre-empregabilidade-para-pessoas-com-deficiencia-e-seus-desafios\/","title":{"rendered":"C\u00e2mara promove palestra sobre Empregabilidade para Pessoas com Defici\u00eancia e seus Desafios"},"content":{"rendered":"<p> <br \/>\n<\/p>\n<div>\n<p>Na manh\u00e3 desta quarta-feira, 22 de maio, foi realizada no Plen\u00e1rio da C\u00e2mara Municipal de Limeira, a palestra Empregabilidade para Pessoas com Defici\u00eancia, organizada pela Escola Legislativa Paulo Freire em parceria com o Conselho Municipal dos Direitos das Pessoas com Defici\u00eancia (CMDPD).<\/p>\n<p>Estiveram presentes no evento o presidente do Legislativo, Everton Ferreira (PSD), e os vereadores Elias Barbosa (PRTB) e Jorge de Freitas (PRD). Compondo a mesa de autoridades, o prefeito de Limeira, Mario Botion (PSD), o presidente do CMDPD, Douglas Robinho, a presidente do Conselho Estadual para Assuntos da Pessoa com Defici\u00eancia do estado de S\u00e3o Paulo, Let\u00edcia Fran\u00e7oso, e a coordenadora do programa estadual Meu Emprego Inclusivo, Silvana Gimenes.<\/p>\n<p>A primeira palestra abordou o tema \u201crecrutamento e sele\u00e7\u00e3o para pessoas com defici\u00eancia\u201d, ministrada por Maria Helo\u00edsa Marini Rodrigues, bacharel em Administra\u00e7\u00e3o, com p\u00f3s-gradua\u00e7\u00e3o em Gest\u00e3o de Pessoas e professora de Administra\u00e7\u00e3o, Neg\u00f3cios e Gest\u00e3o pelo SENAC Limeira.\u00a0<\/p>\n<p>A palestrante abordou a import\u00e2ncia da Diversidade e Inclus\u00e3o (D&amp;I) dentro das empresas e enfatizou que a dificuldade de contrata\u00e7\u00e3o de PCD, se d\u00e1 pela falta de conhecimento acerca dos direitos dessas pessoas.\u00a0<\/p>\n<p>No segundo bloco do evento, Jefferson Pompeu Simelmann, advogado p\u00f3s-graduado em Direito da Seguridade Social, especialista em Benef\u00edcios Previdenci\u00e1rios e atuante na \u00e1rea de aposentadoria e benef\u00edcios por incapacidade laboral, palestrou sobre \u201cdireitos da pessoa com defici\u00eancia\u201d.<\/p>\n<p>Durante a palestra foram abordados os principais direitos e deveres de empresas e candidatos durante a contrata\u00e7\u00e3o de PCD. Jefferson ainda respondeu d\u00favidas do p\u00fablico presente sobre benef\u00edcios previdenci\u00e1rios e aposentadoria.<\/p>\n<p>Douglas Robinho, presidente do CMDPD, enfatizou a import\u00e2ncia da dissemina\u00e7\u00e3o de conhecimento e informa\u00e7\u00f5es acerca do tema para que haja avan\u00e7os na empregabilidade de Pessoas com Defici\u00eancia no munic\u00edpio. \u201cRomper preconceitos e entender que todas as pessoas, independente de uma defici\u00eancia, s\u00e3o capazes e merecem a oportunidade de conquistar espa\u00e7os no mercado de trabalho\u201d, declarou.<\/p>\n<p>A palestra pode ser conferida em v\u00eddeo na \u00edntegra por meio deste <a href=\"https:\/\/www.youtube.com\/live\/jO4L-XOFotU?si=WBYZ7EfEzzLqHljE&amp;t=1361\" rel=\"noopener\">link<\/a>.<\/p>\n<\/p><\/div>\n<p><br \/>\n<br \/><a href=\"https:\/\/www.limeira.sp.leg.br\/noticias\/view\/2024-05-22_camara-promove-palestra-sobre-empregabilidade-para-pessoas-com-deficiencia-e-seus-desafios\" rel=\"noopener\">Informa\u00e7\u00f5es CML<\/a><\/p>\n","protected":false},"excerpt":{"rendered":"<p>Na manh\u00e3 desta quarta-feira, 22 de maio, foi realizada no Plen\u00e1rio da C\u00e2mara Municipal de Limeira, a palestra Empregabilidade para Pessoas com Defici\u00eancia, organizada pela Escola Legislativa Paulo Freire em parceria com o Conselho Municipal dos Direitos das Pessoas com Defici\u00eancia (CMDPD). Estiveram presentes no evento o presidente do Legislativo, Everton Ferreira (PSD), e os [&hellip;]<\/p>\n","protected":false},"author":1,"featured_media":0,"comment_status":"open","ping_status":"open","sticky":false,"template":"","format":"standard","meta":{"_jetpack_newsletter_access":"","_jetpack_dont_email_post_to_subs":false,"_jetpack_newsletter_tier_id":0,"_jetpack_memberships_contains_paywalled_content":false,"_mbp_banners":[],"_jetpack_feature_clip_id":0,"_jetpack_memberships_contains_paid_content":false,"footnotes":"","jetpack_publicize_message":"","jetpack_publicize_feature_enabled":true,"jetpack_social_post_already_shared":true,"jetpack_social_options":{"image_generator_settings":{"template":"highway","default_image_id":0,"font":"","enabled":false},"version":2},"jetpack_post_was_ever_published":false},"categories":[19],"tags":[],"class_list":["post-5982","post","type-post","status-publish","format-standard","category-politica"],"jetpack_publicize_connections":[],"jetpack-related-posts":[],"jetpack_shortlink":"https:\/\/wp.me\/p7Eq1F-1yu","jetpack_sharing_enabled":true,"jetpack_featured_media_url":"","_links":{"self":[{"href":"https:\/\/guialimeira.com.br\/news\/wp-json\/wp\/v2\/posts\/5982","targetHints":{"allow":["GET"]}}],"collection":[{"href":"https:\/\/guialimeira.com.br\/news\/wp-json\/wp\/v2\/posts"}],"about":[{"href":"https:\/\/guialimeira.com.br\/news\/wp-json\/wp\/v2\/types\/post"}],"author":[{"embeddable":true,"href":"https:\/\/guialimeira.com.br\/news\/wp-json\/wp\/v2\/users\/1"}],"replies":[{"embeddable":true,"href":"https:\/\/guialimeira.com.br\/news\/wp-json\/wp\/v2\/comments?post=5982"}],"version-history":[{"count":0,"href":"https:\/\/guialimeira.com.br\/news\/wp-json\/wp\/v2\/posts\/5982\/revisions"}],"wp:attachment":[{"href":"https:\/\/guialimeira.com.br\/news\/wp-json\/wp\/v2\/media?parent=5982"}],"wp:term":[{"taxonomy":"category","embeddable":true,"href":"https:\/\/guialimeira.com.br\/news\/wp-json\/wp\/v2\/categories?post=5982"},{"taxonomy":"post_tag","embeddable":true,"href":"https:\/\/guialimeira.com.br\/news\/wp-json\/wp\/v2\/tags?post=5982"}],"curies":[{"name":"wp","href":"https:\/\/api.w.org\/{rel}","templated":true}]}}