{"id":5967,"date":"2024-05-22T14:13:45","date_gmt":"2024-05-22T17:13:45","guid":{"rendered":"https:\/\/guialimeira.com.br\/2024\/05\/22\/dia-d-da-campanha-do-agasalho-acontece-sabado-25-no-bairro-dos-pires\/"},"modified":"2024-05-22T14:13:45","modified_gmt":"2024-05-22T17:13:45","slug":"dia-d-da-campanha-do-agasalho-acontece-sabado-25-no-bairro-dos-pires","status":"publish","type":"post","link":"https:\/\/guialimeira.com.br\/news\/dia-d-da-campanha-do-agasalho-acontece-sabado-25-no-bairro-dos-pires\/","title":{"rendered":"Dia D da Campanha do Agasalho acontece s\u00e1bado (25) no bairro dos Pires"},"content":{"rendered":"<p> <br \/>\n<\/p>\n<div>\n            <main class=\"\">&#13;<br \/>\n                &#13;<br \/>\n&#13;<br \/>\n&#13;<br \/>\n&#13;<br \/>\n    <img data-recalc-dims=\"1\" decoding=\"async\" src=\"https:\/\/i0.wp.com\/ecrie.com.br\/sistema\/conteudos\/imagem\/m_137_0_1_22052024125057.jpg?w=696&#038;ssl=1\" alt=\"Dia D da Campanha do Agasalho acontece s\u00e1bado (25) no bairro dos Pires\"\/>&#13;<br \/>\n&#13;<\/p>\n<p style=\"text-align: justify;\" align=\"justify\">O Fundo Social de Limeira vai realizar no s\u00e1bado (25) o Dia D da Campanha do Agasalho. A a\u00e7\u00e3o vai ocorrer, das 8h \u00e0s 12h, na Via Martim Lutero, na rotat\u00f3ria do Bairro dos Pires (entre Pires de Cima e Pires de Baixo). A popula\u00e7\u00e3o pode doar agasalhos, cobertores, roupas e sapatos em boas condi\u00e7\u00f5es de uso.<\/p>\n<p>&#13;<\/p>\n<p style=\"text-align: justify;\" align=\"justify\">A iniciativa tem parceria da EPTV e apoio dos grupos de escoteiros Limeira e Tatuibi, que estar\u00e3o no local recolhendo as doa\u00e7\u00f5es. \u201c\u00c9 a primeira vez que vamos realizar o Dia D na \u00e1rea rural. A participa\u00e7\u00e3o dos volunt\u00e1rios e parceiros \u00e9 fundamental para alcan\u00e7armos o maior n\u00famero poss\u00edvel de doa\u00e7\u00f5es\u201d, destaca a primeira-dama e presidente do Fundo Social, Roberta Botion.<\/p>\n<p>&#13;<\/p>\n<p style=\"text-align: justify;\" align=\"justify\">Mais informa\u00e7\u00f5es\u00a0da campanha podem ser conferidas no site (<a href=\"https:\/\/www.limeira.sp.gov.br\/campanhadoagasalho\" target=\"_blank\" rel=\"noopener\">www.limeira.sp.gov.br\/campanhadoagasalho<\/a>)\u00a0ou\u00a0pelo WhatsApp do Fundo Social: (19) 99989-8267.\u00a0<\/p>\n<p>&#13;<\/p>\n<p style=\"text-align: justify;\" align=\"justify\">SERVI\u00c7O:<\/p>\n<p>&#13;<\/p>\n<p style=\"text-align: justify;\" align=\"justify\">Dia D da Campanha do Agasalho<\/p>\n<p>&#13;<\/p>\n<p style=\"text-align: justify;\" align=\"justify\">S\u00e1bado (25 de maio)<\/p>\n<p>&#13;<\/p>\n<p style=\"text-align: justify;\" align=\"justify\">8h \u00e0s 12h<\/p>\n<p>&#13;<\/p>\n<p style=\"text-align: justify;\" align=\"justify\">Via Martim Lutero &#8211; na rotat\u00f3ria do Bairro dos Pires (entre Pires de Cima e Pires de Baixo)<\/p>\n<p>&#13;<br \/>\n&#13;<br \/>\n&#13;<br \/>\n&#13;<\/p>\n<aside class=\"list-related no-print\">&#13;<br \/>\n        &#13;<br \/>\n&#13;<\/p>\n<article class=\"list-item noticias \">&#13;<br \/>\n                    <a class=\"list-item__img\" href=\"https:\/\/limeira.sp.gov.br\/imprensa\/noticias\/fundo-social-de-limeira\/campanha-do-agasalho-realiza-drive-thru-na-vila-teixeira-marques\" tabindex=\"-1\" aria-hidden=\"true\" rel=\"noopener\">&#13;<br \/>\n                        <img data-recalc-dims=\"1\" decoding=\"async\" src=\"https:\/\/i0.wp.com\/ecrie.com.br\/sistema\/conteudos\/imagem\/m_137_0_1_21052024170347.jpg?w=696&#038;ssl=1\" alt=\"Campanha do Agasalho realiza drive-thru na Vila Teixeira Marques\"\/>&#13;<br \/>\n                    <\/a>&#13;<br \/>\n&#13;<br \/>\n                &#13;<br \/>\n            <\/article>\n<p>&#13;<\/p>\n<article class=\"list-item noticias \">&#13;<br \/>\n                    <a class=\"list-item__img\" href=\"https:\/\/limeira.sp.gov.br\/imprensa\/noticias\/fundo-social-de-limeira\/fundo-social-envia-nova-remessa-de-doacoes-para-o-rio-grande-do-sul\" tabindex=\"-1\" aria-hidden=\"true\" rel=\"noopener\">&#13;<br \/>\n                        <img data-recalc-dims=\"1\" decoding=\"async\" src=\"https:\/\/i0.wp.com\/ecrie.com.br\/sistema\/conteudos\/imagem\/m_137_0_1_20052024173803.jpg?w=696&#038;ssl=1\" alt=\"Fundo Social envia nova remessa de doa\u00e7\u00f5es para o Rio Grande do Sul\"\/>&#13;<br \/>\n                    <\/a>&#13;<br \/>\n&#13;<br \/>\n                &#13;<br \/>\n            <\/article>\n<p>&#13;<\/p>\n<article class=\"list-item noticias \">&#13;<br \/>\n                    <a class=\"list-item__img\" href=\"https:\/\/limeira.sp.gov.br\/imprensa\/noticias\/fundo-social-de-limeira\/prefeitura-de-limeira-aguardara-novas-orientacoes-sobre-arrecadacao-para-o-sul\" tabindex=\"-1\" aria-hidden=\"true\" rel=\"noopener\">&#13;<br \/>\n                        <img data-recalc-dims=\"1\" decoding=\"async\" src=\"https:\/\/i0.wp.com\/ecrie.com.br\/sistema\/conteudos\/imagem\/m_137_0_1_17052024170753.jpg?w=696&#038;ssl=1\" alt=\"Prefeitura de Limeira aguardar\u00e1 novas orienta\u00e7\u00f5es sobre arrecada\u00e7\u00e3o para o Sul\"\/>&#13;<br \/>\n                    <\/a>&#13;<br \/>\n&#13;<br \/>\n                &#13;<br \/>\n            <\/article>\n<p>&#13;<br \/>\n    <\/aside>\n<p>&#13;<br \/>\n&#13;<br \/>\n            <\/main><\/p><\/div>\n<p><br \/>\n<br \/><a href=\"https:\/\/limeira.sp.gov.br\/dia-d-da-campanha-do-agasalho-acontece-sabado-25-no-bairro-dos-pires\" rel=\"noopener\">Informa\u00e7\u00f5es da PML <\/a><\/p>\n","protected":false},"excerpt":{"rendered":"<p>&#13; &#13; &#13; &#13; &#13; &#13; &#13; O Fundo Social de Limeira vai realizar no s\u00e1bado (25) o Dia D da Campanha do Agasalho. A a\u00e7\u00e3o vai ocorrer, das 8h \u00e0s 12h, na Via Martim Lutero, na rotat\u00f3ria do Bairro dos Pires (entre Pires de Cima e Pires de Baixo). A popula\u00e7\u00e3o pode doar agasalhos, [&hellip;]<\/p>\n","protected":false},"author":1,"featured_media":5968,"comment_status":"open","ping_status":"open","sticky":false,"template":"","format":"standard","meta":{"_jetpack_newsletter_access":"","_jetpack_dont_email_post_to_subs":false,"_jetpack_newsletter_tier_id":0,"_jetpack_memberships_contains_paywalled_content":false,"_mbp_banners":[],"_jetpack_feature_clip_id":0,"_jetpack_memberships_contains_paid_content":false,"footnotes":"","jetpack_publicize_message":"","jetpack_publicize_feature_enabled":true,"jetpack_social_post_already_shared":true,"jetpack_social_options":{"image_generator_settings":{"template":"highway","default_image_id":0,"font":"","enabled":false},"version":2},"jetpack_post_was_ever_published":false},"categories":[16],"tags":[],"class_list":["post-5967","post","type-post","status-publish","format-standard","has-post-thumbnail","category-local"],"jetpack_publicize_connections":[],"jetpack-related-posts":[],"jetpack_shortlink":"https:\/\/wp.me\/p7Eq1F-1yf","jetpack_sharing_enabled":true,"jetpack_featured_media_url":"https:\/\/i0.wp.com\/guialimeira.com.br\/news\/wp-content\/uploads\/2024\/05\/m_137_0_1_22052024125057.jpg?fit=900%2C511&ssl=1","_links":{"self":[{"href":"https:\/\/guialimeira.com.br\/news\/wp-json\/wp\/v2\/posts\/5967","targetHints":{"allow":["GET"]}}],"collection":[{"href":"https:\/\/guialimeira.com.br\/news\/wp-json\/wp\/v2\/posts"}],"about":[{"href":"https:\/\/guialimeira.com.br\/news\/wp-json\/wp\/v2\/types\/post"}],"author":[{"embeddable":true,"href":"https:\/\/guialimeira.com.br\/news\/wp-json\/wp\/v2\/users\/1"}],"replies":[{"embeddable":true,"href":"https:\/\/guialimeira.com.br\/news\/wp-json\/wp\/v2\/comments?post=5967"}],"version-history":[{"count":0,"href":"https:\/\/guialimeira.com.br\/news\/wp-json\/wp\/v2\/posts\/5967\/revisions"}],"wp:featuredmedia":[{"embeddable":true,"href":"https:\/\/guialimeira.com.br\/news\/wp-json\/wp\/v2\/media\/5968"}],"wp:attachment":[{"href":"https:\/\/guialimeira.com.br\/news\/wp-json\/wp\/v2\/media?parent=5967"}],"wp:term":[{"taxonomy":"category","embeddable":true,"href":"https:\/\/guialimeira.com.br\/news\/wp-json\/wp\/v2\/categories?post=5967"},{"taxonomy":"post_tag","embeddable":true,"href":"https:\/\/guialimeira.com.br\/news\/wp-json\/wp\/v2\/tags?post=5967"}],"curies":[{"name":"wp","href":"https:\/\/api.w.org\/{rel}","templated":true}]}}