{"id":59669,"date":"2026-03-27T17:38:14","date_gmt":"2026-03-27T20:38:14","guid":{"rendered":"https:\/\/guialimeira.com.br\/?p=59669"},"modified":"2026-03-27T17:38:14","modified_gmt":"2026-03-27T20:38:14","slug":"cordeiropolis-realiza-dia-d-de-vacinacao-contra-a-gripe-neste-sabado-prefeitura-municipal-de-cordeiropolis","status":"publish","type":"post","link":"https:\/\/guialimeira.com.br\/news\/cordeiropolis-realiza-dia-d-de-vacinacao-contra-a-gripe-neste-sabado-prefeitura-municipal-de-cordeiropolis\/","title":{"rendered":"Cordeir\u00f3polis realiza Dia D de vacina\u00e7\u00e3o contra a gripe neste s\u00e1bado \u2013 Prefeitura Municipal de Cordeir\u00f3polis"},"content":{"rendered":"<p> <br \/>\n<\/p>\n<div>\n<p>A Prefeitura de Cordeir\u00f3polis promove, neste s\u00e1bado (28), o Dia D de vacina\u00e7\u00e3o contra a gripe, com atendimento em todas as unidades de sa\u00fade do munic\u00edpio. A a\u00e7\u00e3o acontece das 8h \u00e0s 15h, com o objetivo de ampliar a cobertura vacinal entre os p\u00fablicos priorit\u00e1rios. A iniciativa marca o in\u00edcio da campanha contra a influenza em 2026.<\/p>\n<p>Na \u00e1rea rural, o atendimento ser\u00e1 realizado das 8h \u00e0s 13h com uma unidade m\u00f3vel do Programa de Atendimento Domiciliar (PAD). J\u00e1 o posto de sa\u00fade de Cascalho ter\u00e1 hor\u00e1rio diferenciado, das 8h \u00e0s 11h. Al\u00e9m disso, haver\u00e1 um ponto m\u00f3vel no Engenho Velho, funcionando das 12h \u00e0s 15h, para facilitar o acesso da popula\u00e7\u00e3o \u00e0 vacina.<\/p>\n<p>A campanha \u00e9 voltada \u00e0s crian\u00e7as de 6 meses a menores de 6 anos (5 anos, 11 meses e 29 dias), idosos com 60 anos ou mais e gestantes, entre outros, conforme definido pelo Minist\u00e9rio da Sa\u00fade. Por\u00e9m, de acordo com a Secretaria de Sa\u00fade, todos que procurarem as unidades de sa\u00fade, mesmo que n\u00e3o fizerem parte do p\u00fablico-alvo, poder\u00e3o se vacinar.<\/p>\n<p>\u201c\u00c9 muito importante que os grupos priorit\u00e1rios e nossa popula\u00e7\u00e3o se imunizem como forma de preven\u00e7\u00e3o contra complica\u00e7\u00f5es causadas pelo v\u00edrus da gripe\u201d, afirma a secret\u00e1ria de Sa\u00fade, Regiane Portes Mendes. \u00c9 necess\u00e1rio apresentar documento com foto, cart\u00e3o SUS e carteira de vacina\u00e7\u00e3o.<\/p>\n<\/p><\/div>\n<p><br \/>\n<br \/><a href=\"https:\/\/www.cordeiropolis.sp.gov.br\/cordeiropolis-realiza-dia-d-de-vacinacao-contra-a-gripe-neste-sabado\/\" rel=\"noopener\">Informa\u00e7\u00f5es Cordeir\u00f3polis <\/a><\/p>\n","protected":false},"excerpt":{"rendered":"<p>A Prefeitura de Cordeir\u00f3polis promove, neste s\u00e1bado (28), o Dia D de vacina\u00e7\u00e3o contra a gripe, com atendimento em todas as unidades de sa\u00fade do munic\u00edpio. A a\u00e7\u00e3o acontece das 8h \u00e0s 15h, com o objetivo de ampliar a cobertura vacinal entre os p\u00fablicos priorit\u00e1rios. A iniciativa marca o in\u00edcio da campanha contra a influenza [&hellip;]<\/p>\n","protected":false},"author":1,"featured_media":0,"comment_status":"closed","ping_status":"open","sticky":false,"template":"","format":"standard","meta":{"_jetpack_newsletter_access":"","_jetpack_dont_email_post_to_subs":false,"_jetpack_newsletter_tier_id":0,"_jetpack_memberships_contains_paywalled_content":false,"_mbp_banners":[],"_jetpack_feature_clip_id":0,"_jetpack_memberships_contains_paid_content":false,"footnotes":"","jetpack_publicize_message":"","jetpack_publicize_feature_enabled":true,"jetpack_social_post_already_shared":true,"jetpack_social_options":{"image_generator_settings":{"template":"highway","default_image_id":0,"font":"","enabled":false},"version":2},"jetpack_post_was_ever_published":false},"categories":[20],"tags":[],"class_list":["post-59669","post","type-post","status-publish","format-standard","category-regiao"],"jetpack_publicize_connections":[],"jetpack-related-posts":[],"jetpack_shortlink":"https:\/\/wp.me\/p7Eq1F-fwp","jetpack_sharing_enabled":true,"jetpack_featured_media_url":"","_links":{"self":[{"href":"https:\/\/guialimeira.com.br\/news\/wp-json\/wp\/v2\/posts\/59669","targetHints":{"allow":["GET"]}}],"collection":[{"href":"https:\/\/guialimeira.com.br\/news\/wp-json\/wp\/v2\/posts"}],"about":[{"href":"https:\/\/guialimeira.com.br\/news\/wp-json\/wp\/v2\/types\/post"}],"author":[{"embeddable":true,"href":"https:\/\/guialimeira.com.br\/news\/wp-json\/wp\/v2\/users\/1"}],"replies":[{"embeddable":true,"href":"https:\/\/guialimeira.com.br\/news\/wp-json\/wp\/v2\/comments?post=59669"}],"version-history":[{"count":1,"href":"https:\/\/guialimeira.com.br\/news\/wp-json\/wp\/v2\/posts\/59669\/revisions"}],"predecessor-version":[{"id":59670,"href":"https:\/\/guialimeira.com.br\/news\/wp-json\/wp\/v2\/posts\/59669\/revisions\/59670"}],"wp:attachment":[{"href":"https:\/\/guialimeira.com.br\/news\/wp-json\/wp\/v2\/media?parent=59669"}],"wp:term":[{"taxonomy":"category","embeddable":true,"href":"https:\/\/guialimeira.com.br\/news\/wp-json\/wp\/v2\/categories?post=59669"},{"taxonomy":"post_tag","embeddable":true,"href":"https:\/\/guialimeira.com.br\/news\/wp-json\/wp\/v2\/tags?post=59669"}],"curies":[{"name":"wp","href":"https:\/\/api.w.org\/{rel}","templated":true}]}}