{"id":5956,"date":"2024-05-22T13:12:47","date_gmt":"2024-05-22T16:12:47","guid":{"rendered":"https:\/\/guialimeira.com.br\/2024\/05\/22\/biblioteca-municipal-realiza-hora-do-conto-para-as-criancas-nesta-sexta-5-2\/"},"modified":"2024-05-22T13:12:47","modified_gmt":"2024-05-22T16:12:47","slug":"biblioteca-municipal-realiza-hora-do-conto-para-as-criancas-nesta-sexta-5-2","status":"publish","type":"post","link":"https:\/\/guialimeira.com.br\/news\/biblioteca-municipal-realiza-hora-do-conto-para-as-criancas-nesta-sexta-5-2\/","title":{"rendered":"Biblioteca Municipal realiza \u201cHora do Conto\u201d para as crian\u00e7as, nesta sexta (5)"},"content":{"rendered":"<p> <br \/>\n<\/p>\n<div>\n            <main class=\"\">&#13;<br \/>\n                &#13;<br \/>\n&#13;<br \/>\n&#13;<br \/>\n&#13;<br \/>\n    <img data-recalc-dims=\"1\" decoding=\"async\" src=\"https:\/\/i0.wp.com\/ecrie.com.br\/sistema\/conteudos\/imagem\/m_137_0_1_22052024130805.jpeg?w=696&#038;ssl=1\" alt=\"Biblioteca Municipal realiza \u201cHora do Conto\u201d para as crian\u00e7as, nesta sexta (5)\"\/>&#13;<br \/>\n&#13;<\/p>\n<p dir=\"ltr\" style=\"text-align: justify;\">Nesta sexta-feira (24), acontece a \u201cHora do Conto\u201d com o Recanto das Hist\u00f3rias, na Biblioteca Municipal Professor Jo\u00e3o de Sousa Ferraz, \u00e0s 14h. A a\u00e7\u00e3o \u00e9 promovida pela Prefeitura de Limeira, por meio da Secretaria de Cultura em parceria com a Secretaria de Educa\u00e7\u00e3o.<\/p>\n<p>&#13;<\/p>\n<p dir=\"ltr\" style=\"text-align: justify;\">As crian\u00e7as poder\u00e3o mergulhar no universo das hist\u00f3rias infantis com as contadoras: Mara Belo, Amanda Hergert e Priscilla Celestino.\u00a0<\/p>\n<p>&#13;<\/p>\n<div class=\"adL\">\n<div class=\"im\">\n<p dir=\"ltr\" style=\"text-align: justify;\">A Biblioteca Municipal est\u00e1 localizada no Parque Cidade. Mais informa\u00e7\u00f5es podem ser obtidas pelo telefone 3442-6539.<\/p>\n<\/div>\n<\/div>\n<p>&#13;<br \/>\n&#13;<br \/>\n&#13;<br \/>\n&#13;<\/p>\n<aside class=\"list-related no-print\">&#13;<br \/>\n        &#13;<br \/>\n&#13;<\/p>\n<article class=\"list-item noticias \">&#13;<br \/>\n                    <a class=\"list-item__img\" href=\"https:\/\/limeira.sp.gov.br\/imprensa\/noticias\/cultura\/mabe-cultural-exibe-curta-metragem-popolocas\" tabindex=\"-1\" aria-hidden=\"true\" rel=\"noopener\">&#13;<br \/>\n                        <img data-recalc-dims=\"1\" decoding=\"async\" src=\"https:\/\/i0.wp.com\/ecrie.com.br\/sistema\/conteudos\/imagem\/m_137_0_1_22052024115239.jpg?w=696&#038;ssl=1\" alt=\"MaB\u00ea Cultural exibe curta-metragem \u201cPopolocas\u201d\"\/>&#13;<br \/>\n                    <\/a>&#13;<br \/>\n&#13;<br \/>\n                &#13;<br \/>\n            <\/article>\n<p>&#13;<\/p>\n<article class=\"list-item noticias \">&#13;<br \/>\n                    <a class=\"list-item__img\" href=\"https:\/\/limeira.sp.gov.br\/imprensa\/noticias\/cultura\/curso-sobre-desenvolvimento-humano-e-organizacional-acontece-nesta-quarta-23\" tabindex=\"-1\" aria-hidden=\"true\" rel=\"noopener\">&#13;<br \/>\n                        <img data-recalc-dims=\"1\" decoding=\"async\" src=\"https:\/\/i0.wp.com\/ecrie.com.br\/sistema\/conteudos\/imagem\/m_137_0_1_17042024123058.png?w=696&#038;ssl=1\" alt=\"Curso sobre desenvolvimento humano e organizacional acontece nesta quarta (23)\"\/>&#13;<br \/>\n                    <\/a>&#13;<br \/>\n&#13;<br \/>\n                &#13;<br \/>\n            <\/article>\n<p>&#13;<\/p>\n<article class=\"list-item noticias \">&#13;<br \/>\n                    <a class=\"list-item__img\" href=\"https:\/\/limeira.sp.gov.br\/imprensa\/noticias\/cultura\/biblioteca-municipal-nao-atende-publico-nesta-quinta-23\" tabindex=\"-1\" aria-hidden=\"true\" rel=\"noopener\">&#13;<br \/>\n                        <img data-recalc-dims=\"1\" decoding=\"async\" src=\"https:\/\/i0.wp.com\/ecrie.com.br\/sistema\/conteudos\/imagem\/m_137_0_1_08042024105319.jpg?w=696&#038;ssl=1\" alt=\"Biblioteca Municipal n\u00e3o atende p\u00fablico nesta quinta (23)\"\/>&#13;<br \/>\n                    <\/a>&#13;<br \/>\n&#13;<br \/>\n                &#13;<br \/>\n            <\/article>\n<p>&#13;<br \/>\n    <\/aside>\n<p>&#13;<br \/>\n&#13;<br \/>\n            <\/main><\/p><\/div>\n<p><br \/>\n<br \/><a href=\"https:\/\/limeira.sp.gov.br\/biblioteca-municipal-realiza-hora-do-conto-para-as-criancas-nesta-sexta-5-1\" rel=\"noopener\">Informa\u00e7\u00f5es da PML <\/a><\/p>\n","protected":false},"excerpt":{"rendered":"<p>&#13; &#13; &#13; &#13; &#13; &#13; &#13; Nesta sexta-feira (24), acontece a \u201cHora do Conto\u201d com o Recanto das Hist\u00f3rias, na Biblioteca Municipal Professor Jo\u00e3o de Sousa Ferraz, \u00e0s 14h. A a\u00e7\u00e3o \u00e9 promovida pela Prefeitura de Limeira, por meio da Secretaria de Cultura em parceria com a Secretaria de Educa\u00e7\u00e3o. &#13; As crian\u00e7as poder\u00e3o [&hellip;]<\/p>\n","protected":false},"author":1,"featured_media":5957,"comment_status":"open","ping_status":"open","sticky":false,"template":"","format":"standard","meta":{"_jetpack_newsletter_access":"","_jetpack_dont_email_post_to_subs":false,"_jetpack_newsletter_tier_id":0,"_jetpack_memberships_contains_paywalled_content":false,"_mbp_banners":[],"_jetpack_feature_clip_id":0,"_jetpack_memberships_contains_paid_content":false,"footnotes":"","jetpack_publicize_message":"","jetpack_publicize_feature_enabled":true,"jetpack_social_post_already_shared":true,"jetpack_social_options":{"image_generator_settings":{"template":"highway","default_image_id":0,"font":"","enabled":false},"version":2},"jetpack_post_was_ever_published":false},"categories":[16],"tags":[],"class_list":["post-5956","post","type-post","status-publish","format-standard","has-post-thumbnail","category-local"],"jetpack_publicize_connections":[],"jetpack-related-posts":[],"jetpack_shortlink":"https:\/\/wp.me\/p7Eq1F-1y4","jetpack_sharing_enabled":true,"jetpack_featured_media_url":"https:\/\/i0.wp.com\/guialimeira.com.br\/news\/wp-content\/uploads\/2024\/05\/m_137_0_1_22052024130805.jpeg?fit=900%2C900&ssl=1","_links":{"self":[{"href":"https:\/\/guialimeira.com.br\/news\/wp-json\/wp\/v2\/posts\/5956","targetHints":{"allow":["GET"]}}],"collection":[{"href":"https:\/\/guialimeira.com.br\/news\/wp-json\/wp\/v2\/posts"}],"about":[{"href":"https:\/\/guialimeira.com.br\/news\/wp-json\/wp\/v2\/types\/post"}],"author":[{"embeddable":true,"href":"https:\/\/guialimeira.com.br\/news\/wp-json\/wp\/v2\/users\/1"}],"replies":[{"embeddable":true,"href":"https:\/\/guialimeira.com.br\/news\/wp-json\/wp\/v2\/comments?post=5956"}],"version-history":[{"count":0,"href":"https:\/\/guialimeira.com.br\/news\/wp-json\/wp\/v2\/posts\/5956\/revisions"}],"wp:featuredmedia":[{"embeddable":true,"href":"https:\/\/guialimeira.com.br\/news\/wp-json\/wp\/v2\/media\/5957"}],"wp:attachment":[{"href":"https:\/\/guialimeira.com.br\/news\/wp-json\/wp\/v2\/media?parent=5956"}],"wp:term":[{"taxonomy":"category","embeddable":true,"href":"https:\/\/guialimeira.com.br\/news\/wp-json\/wp\/v2\/categories?post=5956"},{"taxonomy":"post_tag","embeddable":true,"href":"https:\/\/guialimeira.com.br\/news\/wp-json\/wp\/v2\/tags?post=5956"}],"curies":[{"name":"wp","href":"https:\/\/api.w.org\/{rel}","templated":true}]}}