{"id":5947,"date":"2024-05-22T12:50:50","date_gmt":"2024-05-22T15:50:50","guid":{"rendered":"https:\/\/guialimeira.com.br\/2024\/05\/22\/helio-mauro-missono-recebe-titulo-de-cidadao-limeirense\/"},"modified":"2024-05-22T12:50:50","modified_gmt":"2024-05-22T15:50:50","slug":"helio-mauro-missono-recebe-titulo-de-cidadao-limeirense","status":"publish","type":"post","link":"https:\/\/guialimeira.com.br\/news\/helio-mauro-missono-recebe-titulo-de-cidadao-limeirense\/","title":{"rendered":"H\u00e9lio Mauro Missono recebe T\u00edtulo de Cidad\u00e3o Limeirense"},"content":{"rendered":"<p> <br \/>\n<\/p>\n<div>\n<p>Durante sess\u00e3o solene realizada na noite desta ter\u00e7a-feira, 21 de maio, H\u00e9lio Mauro Missono recebeu o T\u00edtulo de Cidad\u00e3o Limeirense. A homenagem foi concedida por meio do <a href=\"http:\/\/consulta.limeira.sp.leg.br\/Documentos\/Documento\/309974\" rel=\"noopener\">Decreto Legislativo N\u00b0 10\/2023<\/a>, de autoria do vereador Marco Xavier (PP).\u00a0<\/p>\n<p>Estiveram presentes no evento os vereadores Jorge de Freitas (PRD), que presidiu a mesa de abertura; Marco Xavier (PP), autor da homenagem, M\u00e1rcio do Estacionamento (DC), Elias Barbosa (PRTB), Sidney Pascotto (PRTB), a vereadora Const\u00e2ncia F\u00e9lix (AGIR), Francisco Maurino do Santos, o Cear\u00e1; e Nilton Santos, ambos do Republicanos. Compareceu representando a Prefeitura o coordenador odontol\u00f3gico da Secretaria Municipal de Sa\u00fade, Oswaldo Donatti Junior.<\/p>\n<p>H\u00e9lio nasceu em 2 de mar\u00e7o de 1970, em Brotas-SP. Estudou at\u00e9 o ensino m\u00e9dio em escola p\u00fablica e cursou Odontologia na Funda\u00e7\u00e3o Herm\u00ednio Ometto (5\u00aa turma\/1993). Mudou-se para Limeira em 1994, quando instalou seu primeiro consult\u00f3rio no Jardim Morro Branco. O homenageado \u00e9 casado com Cristina Kelly Teixeira Peres e pai de tr\u00eas filhos, Luisa, Ot\u00e1vio e Jo\u00e3o Marcelo.<\/p>\n<p>Efetivado por concurso p\u00fablico municipal no ano de 1996, presta desde ent\u00e3o, servi\u00e7os odontol\u00f3gicos na rede municipal. Atualmente, realiza atendimentos no Centro de Sa\u00fade da Fam\u00edlia Dr. Heitor Franco de Oliveira.\u00a0<\/p>\n<p>Atuou como volunt\u00e1rio no antigo &#8220;Lar dos Mo\u00e7os&#8221;, onde desenvolvia atividades em festas e eventos como cozinheiro. Desde 2015, \u00e9 s\u00f3cio do Dr. Kebab Food Truck, com o qual desempenha atividades de cunho social.\u00a0<\/p>\n<p>\u201cNa pandemia, H\u00e9lio trabalhou ativamente no combate \u00e0 covid-19 e participou das campanhas de vacina\u00e7\u00e3o, levando alegria e descontra\u00e7\u00e3o naquele momento t\u00e3o dif\u00edcil que todos passavam\u201d, destacou o vereador na justificativa \u00e0 homenagem.<\/p>\n<p>A sess\u00e3o solene foi transmitida pelos canais de comunica\u00e7\u00e3o do Legislativo e pode ser conferida por meio deste <a href=\"https:\/\/www.youtube.com\/live\/sys32DkY3Yg?si=0kX-1FI7wVK4sCjH&amp;t=1512\" rel=\"noopener\">link<\/a>.<\/p>\n<\/p><\/div>\n<p><br \/>\n<br \/><a href=\"https:\/\/www.limeira.sp.leg.br\/noticias\/view\/2024-05-22_helio-mauro-missono-recebe-titulo-de-cidadao-limeirense\" rel=\"noopener\">Informa\u00e7\u00f5es CML<\/a><\/p>\n","protected":false},"excerpt":{"rendered":"<p>Durante sess\u00e3o solene realizada na noite desta ter\u00e7a-feira, 21 de maio, H\u00e9lio Mauro Missono recebeu o T\u00edtulo de Cidad\u00e3o Limeirense. A homenagem foi concedida por meio do Decreto Legislativo N\u00b0 10\/2023, de autoria do vereador Marco Xavier (PP).\u00a0 Estiveram presentes no evento os vereadores Jorge de Freitas (PRD), que presidiu a mesa de abertura; Marco [&hellip;]<\/p>\n","protected":false},"author":1,"featured_media":0,"comment_status":"open","ping_status":"open","sticky":false,"template":"","format":"standard","meta":{"_jetpack_newsletter_access":"","_jetpack_dont_email_post_to_subs":false,"_jetpack_newsletter_tier_id":0,"_jetpack_memberships_contains_paywalled_content":false,"_mbp_banners":[],"_jetpack_feature_clip_id":0,"_jetpack_memberships_contains_paid_content":false,"footnotes":"","jetpack_publicize_message":"","jetpack_publicize_feature_enabled":true,"jetpack_social_post_already_shared":true,"jetpack_social_options":{"image_generator_settings":{"template":"highway","default_image_id":0,"font":"","enabled":false},"version":2},"jetpack_post_was_ever_published":false},"categories":[19],"tags":[],"class_list":["post-5947","post","type-post","status-publish","format-standard","category-politica"],"jetpack_publicize_connections":[],"jetpack-related-posts":[],"jetpack_shortlink":"https:\/\/wp.me\/p7Eq1F-1xV","jetpack_sharing_enabled":true,"jetpack_featured_media_url":"","_links":{"self":[{"href":"https:\/\/guialimeira.com.br\/news\/wp-json\/wp\/v2\/posts\/5947","targetHints":{"allow":["GET"]}}],"collection":[{"href":"https:\/\/guialimeira.com.br\/news\/wp-json\/wp\/v2\/posts"}],"about":[{"href":"https:\/\/guialimeira.com.br\/news\/wp-json\/wp\/v2\/types\/post"}],"author":[{"embeddable":true,"href":"https:\/\/guialimeira.com.br\/news\/wp-json\/wp\/v2\/users\/1"}],"replies":[{"embeddable":true,"href":"https:\/\/guialimeira.com.br\/news\/wp-json\/wp\/v2\/comments?post=5947"}],"version-history":[{"count":0,"href":"https:\/\/guialimeira.com.br\/news\/wp-json\/wp\/v2\/posts\/5947\/revisions"}],"wp:attachment":[{"href":"https:\/\/guialimeira.com.br\/news\/wp-json\/wp\/v2\/media?parent=5947"}],"wp:term":[{"taxonomy":"category","embeddable":true,"href":"https:\/\/guialimeira.com.br\/news\/wp-json\/wp\/v2\/categories?post=5947"},{"taxonomy":"post_tag","embeddable":true,"href":"https:\/\/guialimeira.com.br\/news\/wp-json\/wp\/v2\/tags?post=5947"}],"curies":[{"name":"wp","href":"https:\/\/api.w.org\/{rel}","templated":true}]}}