{"id":5943,"date":"2024-05-22T12:11:46","date_gmt":"2024-05-22T15:11:46","guid":{"rendered":"https:\/\/guialimeira.com.br\/2024\/05\/22\/mabe-cultural-exibe-curta-metragem-popolocas\/"},"modified":"2024-05-22T12:11:46","modified_gmt":"2024-05-22T15:11:46","slug":"mabe-cultural-exibe-curta-metragem-popolocas","status":"publish","type":"post","link":"https:\/\/guialimeira.com.br\/news\/mabe-cultural-exibe-curta-metragem-popolocas\/","title":{"rendered":"MaB\u00ea Cultural exibe curta-metragem \u201cPopolocas\u201d"},"content":{"rendered":"<p> <br \/>\n<\/p>\n<div>\n            <main class=\"\">&#13;<br \/>\n                &#13;<br \/>\n&#13;<br \/>\n&#13;<br \/>\n&#13;<br \/>\n    <img data-recalc-dims=\"1\" decoding=\"async\" src=\"https:\/\/i0.wp.com\/ecrie.com.br\/sistema\/conteudos\/imagem\/m_137_0_1_22052024115239.jpg?w=696&#038;ssl=1\" alt=\"MaB\u00ea Cultural exibe curta-metragem \u201cPopolocas\u201d\"\/>&#13;<br \/>\n&#13;<\/p>\n<p dir=\"ltr\" style=\"text-align: justify;\">O espa\u00e7o MaB\u00ea Cultural exibe o curta-metragem \u201cPopolocas\u201d, na quinta-feira (23) e no s\u00e1bado (25), \u00e0s 19h. O filme parte de um paradoxo hist\u00f3rico, mergulhando nas complexidades do encontro entre culturas durante a conquista da Am\u00e9rica pelos europeus. A classifica\u00e7\u00e3o indicativa \u00e9 a partir de 12 anos. O projeto \u00e9 contemplado com recursos da Lei Paulo Gustavo do Minist\u00e9rio da Cultura do Governo Federal do Brasil e Prefeitura de Limeira, por meio da Secretaria de Cultura.<\/p>\n<p>&#13;<\/p>\n<p dir=\"ltr\" style=\"text-align: justify;\">Dirigido por Allan Louren\u00e7o, o filme questiona as no\u00e7\u00f5es preconcebidas de humanidade e confronta as ideias de superioridade e inferioridade cultural e racial que permearam esse per\u00edodo da hist\u00f3ria. Com uma montagem cinematogr\u00e1fica que tensiona os discursos colonizadores e os relatos ind\u00edgenas, s\u00e3o expostas as vis\u00f5es \u00a0euroc\u00eantricas que desumanizavam os povos nativos, associando sua nudez \u00e0 aus\u00eancia de cultura e humanidade. Fragmentos de relatos de Crist\u00f3v\u00e3o Colombo, Pero Vaz de Caminha, Am\u00e9rico Vesp\u00facio, Hernan Cort\u00e9s e Frei Tomas Ortiz s\u00e3o confrontados com relatos astecas do s\u00e9culo XVI, criando uma alegoria sobre esse per\u00edodo hist\u00f3rico.<\/p>\n<p>&#13;<\/p>\n<p dir=\"ltr\" style=\"text-align: justify;\">A produ\u00e7\u00e3o \u00e9 uma colabora\u00e7\u00e3o com a MaB\u00ea Cultural e DeCarli Films, convidando o espectador a refletir sobre os postulados colonialistas e racistas que moldaram o mundo contempor\u00e2neo, desafiando as fronteiras entre o \u201cb\u00e1rbaro\u201d e o \u201ccivilizado\u201d, \u00a0suspendendo os bin\u00f4mios que fundamentam a estrutura de poder.\u00a0<\/p>\n<p>&#13;<\/p>\n<p dir=\"ltr\" style=\"text-align: justify;\">O espa\u00e7o MaB\u00ea Cultural fica na Rua Major Antonio Machado de Campos, 280 &#8211; <a href=\"http:\/\/jd.piratininga\/\" target=\"_blank\" rel=\"noopener noreferrer\" data-saferedirecturl=\"https:\/\/www.google.com\/url?q=http:\/\/Jd.Piratininga&amp;source=gmail&amp;ust=1716475079348000&amp;usg=AOvVaw1C9SmCcOOoyIDz2HoAgZhI\">Jd.Piratininga<\/a>.<\/p>\n<p>&#13;<br \/>\n&#13;<br \/>\n&#13;<br \/>\n&#13;<\/p>\n<aside class=\"list-related no-print\">&#13;<br \/>\n        &#13;<br \/>\n&#13;<\/p>\n<article class=\"list-item noticias \">&#13;<br \/>\n                    <a class=\"list-item__img\" href=\"https:\/\/limeira.sp.gov.br\/imprensa\/noticias\/cultura\/curso-sobre-desenvolvimento-humano-e-organizacional-acontece-nesta-quarta-23\" tabindex=\"-1\" aria-hidden=\"true\" rel=\"noopener\">&#13;<br \/>\n                        <img data-recalc-dims=\"1\" decoding=\"async\" src=\"https:\/\/i0.wp.com\/ecrie.com.br\/sistema\/conteudos\/imagem\/m_137_0_1_17042024123058.png?w=696&#038;ssl=1\" alt=\"Curso sobre desenvolvimento humano e organizacional acontece nesta quarta (23)\"\/>&#13;<br \/>\n                    <\/a>&#13;<br \/>\n&#13;<br \/>\n                &#13;<br \/>\n            <\/article>\n<p>&#13;<\/p>\n<article class=\"list-item noticias \">&#13;<br \/>\n                    <a class=\"list-item__img\" href=\"https:\/\/limeira.sp.gov.br\/imprensa\/noticias\/cultura\/biblioteca-municipal-nao-atende-publico-nesta-quinta-23\" tabindex=\"-1\" aria-hidden=\"true\" rel=\"noopener\">&#13;<br \/>\n                        <img data-recalc-dims=\"1\" decoding=\"async\" src=\"https:\/\/i0.wp.com\/ecrie.com.br\/sistema\/conteudos\/imagem\/m_137_0_1_08042024105319.jpg?w=696&#038;ssl=1\" alt=\"Biblioteca Municipal n\u00e3o atende p\u00fablico nesta quinta (23)\"\/>&#13;<br \/>\n                    <\/a>&#13;<br \/>\n&#13;<br \/>\n                &#13;<br \/>\n            <\/article>\n<p>&#13;<\/p>\n<article class=\"list-item noticias \">&#13;<br \/>\n                    <a class=\"list-item__img\" href=\"https:\/\/limeira.sp.gov.br\/imprensa\/noticias\/cultura\/orquestra-sinfonica-apresenta-concerto-requiem-faure-nesta-quinta-23\" tabindex=\"-1\" aria-hidden=\"true\" rel=\"noopener\">&#13;<br \/>\n                        <img data-recalc-dims=\"1\" decoding=\"async\" src=\"https:\/\/i0.wp.com\/ecrie.com.br\/sistema\/conteudos\/imagem\/m_137_0_1_21052024112444.jpg?w=696&#038;ssl=1\" alt=\"Orquestra Sinf\u00f4nica apresenta concerto \u201cR\u00e9quiem Faur\u00e9\u201d nesta quinta (23)\"\/>&#13;<br \/>\n                    <\/a>&#13;<br \/>\n&#13;<br \/>\n                &#13;<br \/>\n            <\/article>\n<p>&#13;<br \/>\n    <\/aside>\n<p>&#13;<br \/>\n&#13;<br \/>\n            <\/main><\/p><\/div>\n<p><br \/>\n<br \/><a href=\"https:\/\/limeira.sp.gov.br\/mabe-cultural-exibe-curta-metragem-popolocas\" rel=\"noopener\">Informa\u00e7\u00f5es da PML <\/a><\/p>\n","protected":false},"excerpt":{"rendered":"<p>&#13; &#13; &#13; &#13; &#13; &#13; &#13; O espa\u00e7o MaB\u00ea Cultural exibe o curta-metragem \u201cPopolocas\u201d, na quinta-feira (23) e no s\u00e1bado (25), \u00e0s 19h. O filme parte de um paradoxo hist\u00f3rico, mergulhando nas complexidades do encontro entre culturas durante a conquista da Am\u00e9rica pelos europeus. A classifica\u00e7\u00e3o indicativa \u00e9 a partir de 12 anos. O [&hellip;]<\/p>\n","protected":false},"author":1,"featured_media":5944,"comment_status":"open","ping_status":"open","sticky":false,"template":"","format":"standard","meta":{"_jetpack_newsletter_access":"","_jetpack_dont_email_post_to_subs":false,"_jetpack_newsletter_tier_id":0,"_jetpack_memberships_contains_paywalled_content":false,"_mbp_banners":[],"_jetpack_feature_clip_id":0,"_jetpack_memberships_contains_paid_content":false,"footnotes":"","jetpack_publicize_message":"","jetpack_publicize_feature_enabled":true,"jetpack_social_post_already_shared":true,"jetpack_social_options":{"image_generator_settings":{"template":"highway","default_image_id":0,"font":"","enabled":false},"version":2},"jetpack_post_was_ever_published":false},"categories":[16],"tags":[],"class_list":["post-5943","post","type-post","status-publish","format-standard","has-post-thumbnail","category-local"],"jetpack_publicize_connections":[],"jetpack-related-posts":[],"jetpack_shortlink":"https:\/\/wp.me\/p7Eq1F-1xR","jetpack_sharing_enabled":true,"jetpack_featured_media_url":"https:\/\/i0.wp.com\/guialimeira.com.br\/news\/wp-content\/uploads\/2024\/05\/m_137_0_1_22052024115239.jpg?fit=900%2C506&ssl=1","_links":{"self":[{"href":"https:\/\/guialimeira.com.br\/news\/wp-json\/wp\/v2\/posts\/5943","targetHints":{"allow":["GET"]}}],"collection":[{"href":"https:\/\/guialimeira.com.br\/news\/wp-json\/wp\/v2\/posts"}],"about":[{"href":"https:\/\/guialimeira.com.br\/news\/wp-json\/wp\/v2\/types\/post"}],"author":[{"embeddable":true,"href":"https:\/\/guialimeira.com.br\/news\/wp-json\/wp\/v2\/users\/1"}],"replies":[{"embeddable":true,"href":"https:\/\/guialimeira.com.br\/news\/wp-json\/wp\/v2\/comments?post=5943"}],"version-history":[{"count":0,"href":"https:\/\/guialimeira.com.br\/news\/wp-json\/wp\/v2\/posts\/5943\/revisions"}],"wp:featuredmedia":[{"embeddable":true,"href":"https:\/\/guialimeira.com.br\/news\/wp-json\/wp\/v2\/media\/5944"}],"wp:attachment":[{"href":"https:\/\/guialimeira.com.br\/news\/wp-json\/wp\/v2\/media?parent=5943"}],"wp:term":[{"taxonomy":"category","embeddable":true,"href":"https:\/\/guialimeira.com.br\/news\/wp-json\/wp\/v2\/categories?post=5943"},{"taxonomy":"post_tag","embeddable":true,"href":"https:\/\/guialimeira.com.br\/news\/wp-json\/wp\/v2\/tags?post=5943"}],"curies":[{"name":"wp","href":"https:\/\/api.w.org\/{rel}","templated":true}]}}