{"id":59404,"date":"2026-03-25T15:30:05","date_gmt":"2026-03-25T18:30:05","guid":{"rendered":"https:\/\/guialimeira.com.br\/?p=59404"},"modified":"2026-03-25T15:30:05","modified_gmt":"2026-03-25T18:30:05","slug":"cordeiropolis-run-vai-celebrar-aniversario-da-cidade-em-junho-prefeitura-municipal-de-cordeiropolis","status":"publish","type":"post","link":"https:\/\/guialimeira.com.br\/news\/cordeiropolis-run-vai-celebrar-aniversario-da-cidade-em-junho-prefeitura-municipal-de-cordeiropolis\/","title":{"rendered":"Cordeir\u00f3polis RUN vai celebrar anivers\u00e1rio da cidade em junho \u2013 Prefeitura Municipal de Cordeir\u00f3polis"},"content":{"rendered":"<p> <br \/>\n<\/p>\n<div>\n<p>Os 78 anos de Cordeir\u00f3polis ter\u00e3o uma s\u00e9rie de eventos preparados pela Prefeitura. No esporte, o Cordeir\u00f3polis RUN ser\u00e1 em 7 de junho (domingo), no Gin\u00e1sio de Esportes \u201cGovernador Orestes Qu\u00e9rcia\u201d, no Centro, com provas de corrida e caminhada. As inscri\u00e7\u00f5es j\u00e1 est\u00e3o abertas e podem ser feitas pelo site da TicketBR (<a href=\"http:\/\/www.ticketbr.com.br\/evento\/07-06-2026-cordeiropolis-run-5-10k-cordeiropolis-sp\/396\" rel=\"noopener\">www.ticketbr.com.br\/evento\/07-06-2026-cordeiropolis-run-5-10k-cordeiropolis-sp\/396<\/a>).<\/p>\n<p>O evento \u00e9 realizado pela Secretaria de Esporte e Lazer e pela Mix Sport, respons\u00e1vel por toda a estrutura da corrida, e parceria da Horta na Hora. O valor das inscri\u00e7\u00f5es varia entre R$ 46,70 \u2013 acima de 60 anos \u2013 e R$ 87,70 \u2013 demais idades. Parte do valor arrecadado ser\u00e1 destinada ao Fundo Municipal do Esporte. A concentra\u00e7\u00e3o est\u00e1 marcada para as 7h30, com sa\u00eddas a partir das 8h.<\/p>\n<p>\u201cO Cordeir\u00f3polis RUN tem a proposta de celebrar o anivers\u00e1rio da nossa cidade de maneira ativa e saud\u00e1vel, levando o esporte para toda a popula\u00e7\u00e3o. Ser\u00e1 um evento para as fam\u00edlias e para os competidores que j\u00e1 praticam a corrida de rua, trazendo muita competitividade para o evento. Todos est\u00e3o convidados\u201d, afirmou a secret\u00e1ria de Esporte e Lazer, Layla Penas.<\/p>\n<p><strong>Servi\u00e7o \u2013 Cordeir\u00f3polis RUN<\/strong><\/p>\n<p>Quando: 7 de junho<\/p>\n<p>Concentra\u00e7\u00e3o: 7h30<\/p>\n<p>Sa\u00eddas: a partir das 8h<\/p>\n<p>Local: Gin\u00e1sio de Esportes \u201cGovernador Orestes Qu\u00e9rcia\u201d, no Centro de Cordeir\u00f3polis<\/p>\n<p>Inscri\u00e7\u00f5es: <a href=\"https:\/\/www.ticketbr.com.br\/evento\/07-06-2026-cordeiropolis-run-5-10k-cordeiropolis-sp\/396\" rel=\"noopener\">https:\/\/www.ticketbr.com.br\/evento\/07-06-2026-cordeiropolis-run-5-10k-cordeiropolis-sp\/396<\/a><\/p>\n<\/p><\/div>\n<p><br \/>\n<br \/><a href=\"https:\/\/www.cordeiropolis.sp.gov.br\/cordeiropolis-run-vai-celebrar-aniversario-da-cidade-em-junho\/\" rel=\"noopener\">Informa\u00e7\u00f5es Cordeir\u00f3polis <\/a><\/p>\n","protected":false},"excerpt":{"rendered":"<p>Os 78 anos de Cordeir\u00f3polis ter\u00e3o uma s\u00e9rie de eventos preparados pela Prefeitura. No esporte, o Cordeir\u00f3polis RUN ser\u00e1 em 7 de junho (domingo), no Gin\u00e1sio de Esportes \u201cGovernador Orestes Qu\u00e9rcia\u201d, no Centro, com provas de corrida e caminhada. As inscri\u00e7\u00f5es j\u00e1 est\u00e3o abertas e podem ser feitas pelo site da TicketBR (www.ticketbr.com.br\/evento\/07-06-2026-cordeiropolis-run-5-10k-cordeiropolis-sp\/396). O evento [&hellip;]<\/p>\n","protected":false},"author":1,"featured_media":0,"comment_status":"closed","ping_status":"open","sticky":false,"template":"","format":"standard","meta":{"_jetpack_newsletter_access":"","_jetpack_dont_email_post_to_subs":false,"_jetpack_newsletter_tier_id":0,"_jetpack_memberships_contains_paywalled_content":false,"_mbp_banners":[],"_jetpack_feature_clip_id":0,"_jetpack_memberships_contains_paid_content":false,"footnotes":"","jetpack_publicize_message":"","jetpack_publicize_feature_enabled":true,"jetpack_social_post_already_shared":true,"jetpack_social_options":{"image_generator_settings":{"template":"highway","default_image_id":0,"font":"","enabled":false},"version":2},"jetpack_post_was_ever_published":false},"categories":[20],"tags":[],"class_list":["post-59404","post","type-post","status-publish","format-standard","category-regiao"],"jetpack_publicize_connections":[],"jetpack-related-posts":[],"jetpack_shortlink":"https:\/\/wp.me\/p7Eq1F-fs8","jetpack_sharing_enabled":true,"jetpack_featured_media_url":"","_links":{"self":[{"href":"https:\/\/guialimeira.com.br\/news\/wp-json\/wp\/v2\/posts\/59404","targetHints":{"allow":["GET"]}}],"collection":[{"href":"https:\/\/guialimeira.com.br\/news\/wp-json\/wp\/v2\/posts"}],"about":[{"href":"https:\/\/guialimeira.com.br\/news\/wp-json\/wp\/v2\/types\/post"}],"author":[{"embeddable":true,"href":"https:\/\/guialimeira.com.br\/news\/wp-json\/wp\/v2\/users\/1"}],"replies":[{"embeddable":true,"href":"https:\/\/guialimeira.com.br\/news\/wp-json\/wp\/v2\/comments?post=59404"}],"version-history":[{"count":1,"href":"https:\/\/guialimeira.com.br\/news\/wp-json\/wp\/v2\/posts\/59404\/revisions"}],"predecessor-version":[{"id":59405,"href":"https:\/\/guialimeira.com.br\/news\/wp-json\/wp\/v2\/posts\/59404\/revisions\/59405"}],"wp:attachment":[{"href":"https:\/\/guialimeira.com.br\/news\/wp-json\/wp\/v2\/media?parent=59404"}],"wp:term":[{"taxonomy":"category","embeddable":true,"href":"https:\/\/guialimeira.com.br\/news\/wp-json\/wp\/v2\/categories?post=59404"},{"taxonomy":"post_tag","embeddable":true,"href":"https:\/\/guialimeira.com.br\/news\/wp-json\/wp\/v2\/tags?post=59404"}],"curies":[{"name":"wp","href":"https:\/\/api.w.org\/{rel}","templated":true}]}}