{"id":59395,"date":"2026-03-25T14:29:07","date_gmt":"2026-03-25T17:29:07","guid":{"rendered":"https:\/\/guialimeira.com.br\/?p=59395"},"modified":"2026-03-25T14:29:07","modified_gmt":"2026-03-25T17:29:07","slug":"secretaria-de-seguranca-publica-de-cordeiropolis-participa-de-congresso-nacional-prefeitura-municipal-de-cordeiropolis","status":"publish","type":"post","link":"https:\/\/guialimeira.com.br\/news\/secretaria-de-seguranca-publica-de-cordeiropolis-participa-de-congresso-nacional-prefeitura-municipal-de-cordeiropolis\/","title":{"rendered":"Secretaria de Seguran\u00e7a P\u00fablica de Cordeir\u00f3polis participa de congresso nacional \u2013 Prefeitura Municipal de Cordeir\u00f3polis"},"content":{"rendered":"<p> <br \/>\n<\/p>\n<div>\n<p>O secret\u00e1rio de Seguran\u00e7a P\u00fablica e Tr\u00e2nsito de Cordeir\u00f3polis, Amarildo Zorzo, participa nesta quarta-feira (25) do XIII Congresso Brasileiro de Guardas Municipais de Seguran\u00e7a P\u00fablica. Ele est\u00e1 acompanhado da equipe da pasta. O evento ocorre em Vinhedo e \u00e9 considerado o principal f\u00f3rum de debate e integra\u00e7\u00e3o das guardas municipais do pa\u00eds.<\/p>\n<p>Na programa\u00e7\u00e3o do dia, tem um encontro das Patrulhas Maria da Penha e exposi\u00e7\u00e3o de ve\u00edculos t\u00e1ticos. \u201cA participa\u00e7\u00e3o da nossa equipe nesse f\u00f3rum busca aprimorar, cada vez mais, nossa atua\u00e7\u00e3o em Cordeir\u00f3polis, com a\u00e7\u00f5es cada vez mais integradas\u201d, afirmou Zorzo. Recentemente, o munic\u00edpio convocou 16 novos GCMs \u2013 12 em janeiro e 4 em mar\u00e7o \u2013, que est\u00e3o em treinamento.<\/p>\n<\/p><\/div>\n<p><br \/>\n<br \/><a href=\"https:\/\/www.cordeiropolis.sp.gov.br\/secretaria-de-seguranca-publica-de-cordeiropolis-participa-de-congresso-nacional\/\" rel=\"noopener\">Informa\u00e7\u00f5es Cordeir\u00f3polis <\/a><\/p>\n","protected":false},"excerpt":{"rendered":"<p>O secret\u00e1rio de Seguran\u00e7a P\u00fablica e Tr\u00e2nsito de Cordeir\u00f3polis, Amarildo Zorzo, participa nesta quarta-feira (25) do XIII Congresso Brasileiro de Guardas Municipais de Seguran\u00e7a P\u00fablica. Ele est\u00e1 acompanhado da equipe da pasta. O evento ocorre em Vinhedo e \u00e9 considerado o principal f\u00f3rum de debate e integra\u00e7\u00e3o das guardas municipais do pa\u00eds. Na programa\u00e7\u00e3o do [&hellip;]<\/p>\n","protected":false},"author":1,"featured_media":0,"comment_status":"closed","ping_status":"open","sticky":false,"template":"","format":"standard","meta":{"_jetpack_newsletter_access":"","_jetpack_dont_email_post_to_subs":false,"_jetpack_newsletter_tier_id":0,"_jetpack_memberships_contains_paywalled_content":false,"_mbp_banners":[],"_jetpack_feature_clip_id":0,"_jetpack_memberships_contains_paid_content":false,"footnotes":"","jetpack_publicize_message":"","jetpack_publicize_feature_enabled":true,"jetpack_social_post_already_shared":true,"jetpack_social_options":{"image_generator_settings":{"template":"highway","default_image_id":0,"font":"","enabled":false},"version":2},"jetpack_post_was_ever_published":false},"categories":[20],"tags":[],"class_list":["post-59395","post","type-post","status-publish","format-standard","category-regiao"],"jetpack_publicize_connections":[],"jetpack-related-posts":[],"jetpack_shortlink":"https:\/\/wp.me\/p7Eq1F-frZ","jetpack_sharing_enabled":true,"jetpack_featured_media_url":"","_links":{"self":[{"href":"https:\/\/guialimeira.com.br\/news\/wp-json\/wp\/v2\/posts\/59395","targetHints":{"allow":["GET"]}}],"collection":[{"href":"https:\/\/guialimeira.com.br\/news\/wp-json\/wp\/v2\/posts"}],"about":[{"href":"https:\/\/guialimeira.com.br\/news\/wp-json\/wp\/v2\/types\/post"}],"author":[{"embeddable":true,"href":"https:\/\/guialimeira.com.br\/news\/wp-json\/wp\/v2\/users\/1"}],"replies":[{"embeddable":true,"href":"https:\/\/guialimeira.com.br\/news\/wp-json\/wp\/v2\/comments?post=59395"}],"version-history":[{"count":1,"href":"https:\/\/guialimeira.com.br\/news\/wp-json\/wp\/v2\/posts\/59395\/revisions"}],"predecessor-version":[{"id":59396,"href":"https:\/\/guialimeira.com.br\/news\/wp-json\/wp\/v2\/posts\/59395\/revisions\/59396"}],"wp:attachment":[{"href":"https:\/\/guialimeira.com.br\/news\/wp-json\/wp\/v2\/media?parent=59395"}],"wp:term":[{"taxonomy":"category","embeddable":true,"href":"https:\/\/guialimeira.com.br\/news\/wp-json\/wp\/v2\/categories?post=59395"},{"taxonomy":"post_tag","embeddable":true,"href":"https:\/\/guialimeira.com.br\/news\/wp-json\/wp\/v2\/tags?post=59395"}],"curies":[{"name":"wp","href":"https:\/\/api.w.org\/{rel}","templated":true}]}}