{"id":59385,"date":"2026-03-25T13:28:13","date_gmt":"2026-03-25T16:28:13","guid":{"rendered":"https:\/\/guialimeira.com.br\/?p=59385"},"modified":"2026-03-25T13:28:13","modified_gmt":"2026-03-25T16:28:13","slug":"nova-feira-de-adocao-pet-e-neste-domingo-29-em-cordeiropolis-prefeitura-municipal-de-cordeiropolis","status":"publish","type":"post","link":"https:\/\/guialimeira.com.br\/news\/nova-feira-de-adocao-pet-e-neste-domingo-29-em-cordeiropolis-prefeitura-municipal-de-cordeiropolis\/","title":{"rendered":"Nova feira de ado\u00e7\u00e3o pet \u00e9 neste domingo (29) em Cordeir\u00f3polis \u2013 Prefeitura Municipal de Cordeir\u00f3polis"},"content":{"rendered":"<p> <br \/>\n<\/p>\n<div>\n<p>Cordeir\u00f3polis recebe, neste domingo (29), mais uma edi\u00e7\u00e3o da Feira de Ado\u00e7\u00e3o Pet, iniciativa que busca incentivar a ado\u00e7\u00e3o respons\u00e1vel e oferecer um novo lar para c\u00e3es. O evento ser\u00e1 realizado das 9h \u00e0s 13h, na loja 3 da Agronutri, em Cascalho, \u00e0s margens da Rodovia Constante Peruchi. <\/p>\n<p>Durante a feira, a popula\u00e7\u00e3o poder\u00e1 conhecer animais que aguardam por um novo lar, receber orienta\u00e7\u00f5es sobre guarda respons\u00e1vel e entender a import\u00e2ncia da ado\u00e7\u00e3o consciente. A realiza\u00e7\u00e3o \u00e9 da Secretaria de Meio Ambiente, por meio do Bem-Estar Animal, e da Agronutri, com apoio da Tr\u00eas Vias Seguros, Caf\u00e9 Garden e UniVC Loja.<\/p>\n<figure class=\"wp-block-gallery has-nested-images columns-default is-cropped wp-block-gallery-1 is-layout-flex wp-block-gallery-is-layout-flex\">\n<figure class=\"wp-block-image size-large\"><figcaption class=\"wp-element-caption\">Screenshot<\/figcaption><\/figure>\n<figure class=\"wp-block-image size-large\"><img data-recalc-dims=\"1\" decoding=\"async\" data-attachment-id=\"32425\" data-permalink=\"https:\/\/guialimeira.com.br\/news\/justica-barra-assinatura-da-compra-do-banco-master-pelo-brb-agencia-brasil\/brb-foto-paulo-h-carvalho-agencia-brasilia-jpeg\/\" data-orig-file=\"https:\/\/i0.wp.com\/guialimeira.com.br\/news\/wp-content\/uploads\/2025\/05\/brb.-foto-paulo-h.-carvalho-agencia-brasilia.jpeg?fit=1600%2C800&amp;ssl=1\" data-orig-size=\"1600,800\" data-comments-opened=\"1\" data-image-meta=\"{&quot;aperture&quot;:&quot;0&quot;,&quot;credit&quot;:&quot;&quot;,&quot;camera&quot;:&quot;&quot;,&quot;caption&quot;:&quot;&quot;,&quot;created_timestamp&quot;:&quot;0&quot;,&quot;copyright&quot;:&quot;&quot;,&quot;focal_length&quot;:&quot;0&quot;,&quot;iso&quot;:&quot;0&quot;,&quot;shutter_speed&quot;:&quot;0&quot;,&quot;title&quot;:&quot;&quot;,&quot;orientation&quot;:&quot;0&quot;}\" data-image-title=\"brb.-foto-paulo-h.-carvalho-agencia-brasilia.jpeg\" data-image-description=\"\" data-image-caption=\"\" data-large-file=\"https:\/\/i0.wp.com\/guialimeira.com.br\/news\/wp-content\/uploads\/2025\/05\/brb.-foto-paulo-h.-carvalho-agencia-brasilia.jpeg?fit=696%2C348&amp;ssl=1\" loading=\"lazy\" width=\"669\" height=\"1024\" data-id=\"32425\" src=\"https:\/\/i0.wp.com\/guialimeira.com.br\/wp-content\/uploads\/2026\/03\/1774456091_426_Nova-feira-de-adocao-pet-e-neste-domingo-29-em.jpg?resize=669%2C1024&#038;ssl=1\" alt=\"\" class=\"wp-image-32425\" \/><figcaption class=\"wp-element-caption\">Screenshot<\/figcaption><\/figure>\n<figure class=\"wp-block-image size-large\"><img data-recalc-dims=\"1\" decoding=\"async\" loading=\"lazy\" width=\"592\" height=\"1024\" data-id=\"32424\" src=\"https:\/\/i0.wp.com\/guialimeira.com.br\/wp-content\/uploads\/2026\/03\/1774456091_280_Nova-feira-de-adocao-pet-e-neste-domingo-29-em.jpg?resize=592%2C1024&#038;ssl=1\" alt=\"\" class=\"wp-image-32424\" \/><figcaption class=\"wp-element-caption\">Screenshot<\/figcaption><\/figure>\n<figure class=\"wp-block-image size-large\"><img data-recalc-dims=\"1\" decoding=\"async\" loading=\"lazy\" width=\"696\" height=\"683\" data-id=\"32423\" src=\"https:\/\/i0.wp.com\/guialimeira.com.br\/wp-content\/uploads\/2026\/03\/1774456092_201_Nova-feira-de-adocao-pet-e-neste-domingo-29-em.jpg?resize=696%2C683&#038;ssl=1\" alt=\"\" class=\"wp-image-32423\" \/><figcaption class=\"wp-element-caption\">Screenshot<\/figcaption><\/figure>\n<figure class=\"wp-block-image size-large\"><img data-recalc-dims=\"1\" decoding=\"async\" loading=\"lazy\" width=\"626\" height=\"1024\" data-id=\"32422\" src=\"https:\/\/i0.wp.com\/guialimeira.com.br\/wp-content\/uploads\/2026\/03\/1774456092_87_Nova-feira-de-adocao-pet-e-neste-domingo-29-em.jpg?resize=626%2C1024&#038;ssl=1\" alt=\"\" class=\"wp-image-32422\" \/><figcaption class=\"wp-element-caption\">Screenshot<\/figcaption><\/figure>\n<figure class=\"wp-block-image size-large\"><img data-recalc-dims=\"1\" decoding=\"async\" loading=\"lazy\" width=\"696\" height=\"872\" data-id=\"32421\" src=\"https:\/\/i0.wp.com\/guialimeira.com.br\/wp-content\/uploads\/2026\/03\/1774456092_92_Nova-feira-de-adocao-pet-e-neste-domingo-29-em.jpg?resize=696%2C872&#038;ssl=1\" alt=\"\" class=\"wp-image-32421\" \/><figcaption class=\"wp-element-caption\">Screenshot<\/figcaption><\/figure>\n<figure class=\"wp-block-image size-large\"><img data-recalc-dims=\"1\" decoding=\"async\" data-attachment-id=\"32420\" data-permalink=\"https:\/\/guialimeira.com.br\/news\/copa-do-mundo-de-beach-soccer-brasil-goleia-oma-por-11-a-1\/img-20250506-wa0031-jpg\/\" data-orig-file=\"https:\/\/i0.wp.com\/guialimeira.com.br\/news\/wp-content\/uploads\/2025\/05\/img-20250506-wa0031.jpg?fit=1600%2C800&amp;ssl=1\" data-orig-size=\"1600,800\" data-comments-opened=\"1\" data-image-meta=\"{&quot;aperture&quot;:&quot;0&quot;,&quot;credit&quot;:&quot;&quot;,&quot;camera&quot;:&quot;&quot;,&quot;caption&quot;:&quot;&quot;,&quot;created_timestamp&quot;:&quot;0&quot;,&quot;copyright&quot;:&quot;&quot;,&quot;focal_length&quot;:&quot;0&quot;,&quot;iso&quot;:&quot;0&quot;,&quot;shutter_speed&quot;:&quot;0&quot;,&quot;title&quot;:&quot;&quot;,&quot;orientation&quot;:&quot;0&quot;}\" data-image-title=\"img-20250506-wa0031.jpg\" data-image-description=\"\" data-image-caption=\"\" data-large-file=\"https:\/\/i0.wp.com\/guialimeira.com.br\/news\/wp-content\/uploads\/2025\/05\/img-20250506-wa0031.jpg?fit=696%2C348&amp;ssl=1\" loading=\"lazy\" width=\"696\" height=\"902\" data-id=\"32420\" src=\"https:\/\/i0.wp.com\/guialimeira.com.br\/wp-content\/uploads\/2026\/03\/1774456092_577_Nova-feira-de-adocao-pet-e-neste-domingo-29-em.jpg?resize=696%2C902&#038;ssl=1\" alt=\"\" class=\"wp-image-32420\" \/><figcaption class=\"wp-element-caption\">Screenshot<\/figcaption><\/figure>\n<\/figure><\/div>\n<p><br \/>\n<br \/><a href=\"https:\/\/www.cordeiropolis.sp.gov.br\/nova-feira-de-adocao-pet-e-neste-domingo-29-em-cordeiropolis\/\" rel=\"noopener\">Informa\u00e7\u00f5es Cordeir\u00f3polis <\/a><\/p>\n","protected":false},"excerpt":{"rendered":"<p>Cordeir\u00f3polis recebe, neste domingo (29), mais uma edi\u00e7\u00e3o da Feira de Ado\u00e7\u00e3o Pet, iniciativa que busca incentivar a ado\u00e7\u00e3o respons\u00e1vel e oferecer um novo lar para c\u00e3es. O evento ser\u00e1 realizado das 9h \u00e0s 13h, na loja 3 da Agronutri, em Cascalho, \u00e0s margens da Rodovia Constante Peruchi. Durante a feira, a popula\u00e7\u00e3o poder\u00e1 conhecer [&hellip;]<\/p>\n","protected":false},"author":1,"featured_media":59386,"comment_status":"closed","ping_status":"open","sticky":false,"template":"","format":"standard","meta":{"_jetpack_newsletter_access":"","_jetpack_dont_email_post_to_subs":false,"_jetpack_newsletter_tier_id":0,"_jetpack_memberships_contains_paywalled_content":false,"_mbp_banners":[],"_jetpack_feature_clip_id":0,"_jetpack_memberships_contains_paid_content":false,"footnotes":"","jetpack_publicize_message":"","jetpack_publicize_feature_enabled":true,"jetpack_social_post_already_shared":true,"jetpack_social_options":{"image_generator_settings":{"template":"highway","default_image_id":0,"font":"","enabled":false},"version":2},"jetpack_post_was_ever_published":false},"categories":[20],"tags":[],"class_list":["post-59385","post","type-post","status-publish","format-standard","has-post-thumbnail","category-regiao"],"jetpack_publicize_connections":[],"jetpack-related-posts":[],"jetpack_shortlink":"https:\/\/wp.me\/p7Eq1F-frP","jetpack_sharing_enabled":true,"jetpack_featured_media_url":"https:\/\/i0.wp.com\/guialimeira.com.br\/news\/wp-content\/uploads\/2026\/03\/1774456092_Nova-feira-de-adocao-pet-e-neste-domingo-29-em.jpg?fit=1024%2C1005&ssl=1","_links":{"self":[{"href":"https:\/\/guialimeira.com.br\/news\/wp-json\/wp\/v2\/posts\/59385","targetHints":{"allow":["GET"]}}],"collection":[{"href":"https:\/\/guialimeira.com.br\/news\/wp-json\/wp\/v2\/posts"}],"about":[{"href":"https:\/\/guialimeira.com.br\/news\/wp-json\/wp\/v2\/types\/post"}],"author":[{"embeddable":true,"href":"https:\/\/guialimeira.com.br\/news\/wp-json\/wp\/v2\/users\/1"}],"replies":[{"embeddable":true,"href":"https:\/\/guialimeira.com.br\/news\/wp-json\/wp\/v2\/comments?post=59385"}],"version-history":[{"count":1,"href":"https:\/\/guialimeira.com.br\/news\/wp-json\/wp\/v2\/posts\/59385\/revisions"}],"predecessor-version":[{"id":59387,"href":"https:\/\/guialimeira.com.br\/news\/wp-json\/wp\/v2\/posts\/59385\/revisions\/59387"}],"wp:featuredmedia":[{"embeddable":true,"href":"https:\/\/guialimeira.com.br\/news\/wp-json\/wp\/v2\/media\/59386"}],"wp:attachment":[{"href":"https:\/\/guialimeira.com.br\/news\/wp-json\/wp\/v2\/media?parent=59385"}],"wp:term":[{"taxonomy":"category","embeddable":true,"href":"https:\/\/guialimeira.com.br\/news\/wp-json\/wp\/v2\/categories?post=59385"},{"taxonomy":"post_tag","embeddable":true,"href":"https:\/\/guialimeira.com.br\/news\/wp-json\/wp\/v2\/tags?post=59385"}],"curies":[{"name":"wp","href":"https:\/\/api.w.org\/{rel}","templated":true}]}}