{"id":5938,"date":"2024-05-22T11:49:43","date_gmt":"2024-05-22T14:49:43","guid":{"rendered":"https:\/\/guialimeira.com.br\/2024\/05\/22\/constituicao-justica-e-redacao-cinco-projetos-recebem-pareceres-favoraveis-do-colegiado\/"},"modified":"2024-05-22T11:49:43","modified_gmt":"2024-05-22T14:49:43","slug":"constituicao-justica-e-redacao-cinco-projetos-recebem-pareceres-favoraveis-do-colegiado","status":"publish","type":"post","link":"https:\/\/guialimeira.com.br\/news\/constituicao-justica-e-redacao-cinco-projetos-recebem-pareceres-favoraveis-do-colegiado\/","title":{"rendered":"Constitui\u00e7\u00e3o, Justi\u00e7a e Reda\u00e7\u00e3o: cinco projetos recebem pareceres favor\u00e1veis do colegiado"},"content":{"rendered":"<p> <br \/>\n<\/p>\n<div>\n<p><i>Demais proposi\u00e7\u00f5es permanecem em estudo ou foram encaminhadas para Procuradoria\u00a0<\/i><\/p>\n<p>Na reuni\u00e3o desta quarta-feira, 22 de maio, a Comiss\u00e3o de Constitui\u00e7\u00e3o, Justi\u00e7a e Reda\u00e7\u00e3o (CCJR) analisou dez proposi\u00e7\u00f5es que estavam na <a href=\"http:\/\/consulta.limeira.sp.leg.br\/Sessoes\/Documento\/346521\" rel=\"noopener\">pauta<\/a>. Dentre essas, cinco receberam pareceres favor\u00e1veis para tramitar nas comiss\u00f5es permanentes da Casa; outras permanecem em estudo ou foram encaminhadas para a Procuradoria Legislativa para elabora\u00e7\u00e3o de parecer, conforme a <a href=\"http:\/\/consulta.limeira.sp.leg.br\/Sessoes\/Documento\/346598\" rel=\"noopener\">ata<\/a>.\u00a0<\/p>\n<p>A CCJR se manifesta sobre o aspecto constitucional, legal, regimental, gramatical e l\u00f3gico de todas as proposi\u00e7\u00f5es que tramitam na C\u00e2mara.\u00a0 Fazem parte do colegiado os vereadores Jorge de Freitas (PRD), presidente; Mariana Calsa (MDB), vice-presidente; e Anderson Pereira (PSD), secret\u00e1rio.\u00a0<\/p>\n<p>As reuni\u00f5es acontecem regimentalmente \u00e0s quartas-feiras, \u00e0s 9h.<\/p>\n<p>Projetos que receberam pareceres favor\u00e1veis:\u00a0<\/p>\n<p><a href=\"http:\/\/consulta.limeira.sp.leg.br\/Documentos\/Documento\/346231\" rel=\"noopener\">Projeto de Lei N\u00ba 75\/2024<\/a>, do vereador Sidney Pascotto (PRTB), declara de Utilidade P\u00fablica a Associa\u00e7\u00e3o de Pastores Evang\u00e9licos de Limeira (APEL).<\/p>\n<p><a href=\"http:\/\/consulta.limeira.sp.leg.br\/Documentos\/Documento\/346298\" rel=\"noopener\">Projeto de Lei N\u00ba 76\/2024<\/a>, do vereador Helder do T\u00e1xi (PSD), institui e inclui no Calend\u00e1rio Oficial de Eventos de Limeira o Dia Municipal do Ter\u00e7o dos Homens.<\/p>\n<p><a href=\"http:\/\/consulta.limeira.sp.leg.br\/Documentos\/Documento\/346116\" rel=\"noopener\">Projeto de Resolu\u00e7\u00e3o N\u00ba 10\/2024<\/a>, dos vereadores Isabelly Carvalho (PT), Jo\u00e3o Bano (SD) e Sidney Pascotto (PRTB), institui no \u00e2mbito da C\u00e2mara Municipal de Limeira a Semana Municipal do Combate ao Abuso e Explora\u00e7\u00e3o Sexual contra Crian\u00e7as e Adolescentes.<\/p>\n<p><a href=\"http:\/\/consulta.limeira.sp.leg.br\/Documentos\/Documento\/346117\" rel=\"noopener\">Projeto de Resolu\u00e7\u00e3o N\u00ba 11\/2024<\/a>, dos vereadores Isabelly Carvalho (PT), Jo\u00e3o Bano (SD) e Sidney Pascotto (PRTB), institui no \u00e2mbito da C\u00e2mara Municipal de Limeira a \u201cSemana Municipal do Combate ao Trabalho Infantil.\u00a0\u00a0\u00a0<\/p>\n<p><a href=\"http:\/\/consulta.limeira.sp.leg.br\/Documentos\/Documento\/344777\" rel=\"noopener\">Substitutivo N\u00ba 11 ao Projeto de Lei N\u00ba 125\/2021<\/a>, da vereadora Tatiane Lopes (Avante), que disp\u00f5e sobre o C\u00f3digo Municipal dos Direitos dos Animais.\u00a0<\/p>\n<\/p><\/div>\n<p><br \/>\n<br \/><a href=\"https:\/\/www.limeira.sp.leg.br\/noticias\/view\/2024-05-22_constituicao-justica-e-redacao-cinco-projetos-recebem-pareceres-favoraveis-do-colegiado\" rel=\"noopener\">Informa\u00e7\u00f5es CML<\/a><\/p>\n","protected":false},"excerpt":{"rendered":"<p>Demais proposi\u00e7\u00f5es permanecem em estudo ou foram encaminhadas para Procuradoria\u00a0 Na reuni\u00e3o desta quarta-feira, 22 de maio, a Comiss\u00e3o de Constitui\u00e7\u00e3o, Justi\u00e7a e Reda\u00e7\u00e3o (CCJR) analisou dez proposi\u00e7\u00f5es que estavam na pauta. Dentre essas, cinco receberam pareceres favor\u00e1veis para tramitar nas comiss\u00f5es permanentes da Casa; outras permanecem em estudo ou foram encaminhadas para a Procuradoria [&hellip;]<\/p>\n","protected":false},"author":1,"featured_media":0,"comment_status":"open","ping_status":"open","sticky":false,"template":"","format":"standard","meta":{"_jetpack_newsletter_access":"","_jetpack_dont_email_post_to_subs":false,"_jetpack_newsletter_tier_id":0,"_jetpack_memberships_contains_paywalled_content":false,"_mbp_banners":[],"_jetpack_feature_clip_id":0,"_jetpack_memberships_contains_paid_content":false,"footnotes":"","jetpack_publicize_message":"","jetpack_publicize_feature_enabled":true,"jetpack_social_post_already_shared":true,"jetpack_social_options":{"image_generator_settings":{"template":"highway","default_image_id":0,"font":"","enabled":false},"version":2},"jetpack_post_was_ever_published":false},"categories":[19],"tags":[],"class_list":["post-5938","post","type-post","status-publish","format-standard","category-politica"],"jetpack_publicize_connections":[],"jetpack-related-posts":[],"jetpack_shortlink":"https:\/\/wp.me\/p7Eq1F-1xM","jetpack_sharing_enabled":true,"jetpack_featured_media_url":"","_links":{"self":[{"href":"https:\/\/guialimeira.com.br\/news\/wp-json\/wp\/v2\/posts\/5938","targetHints":{"allow":["GET"]}}],"collection":[{"href":"https:\/\/guialimeira.com.br\/news\/wp-json\/wp\/v2\/posts"}],"about":[{"href":"https:\/\/guialimeira.com.br\/news\/wp-json\/wp\/v2\/types\/post"}],"author":[{"embeddable":true,"href":"https:\/\/guialimeira.com.br\/news\/wp-json\/wp\/v2\/users\/1"}],"replies":[{"embeddable":true,"href":"https:\/\/guialimeira.com.br\/news\/wp-json\/wp\/v2\/comments?post=5938"}],"version-history":[{"count":0,"href":"https:\/\/guialimeira.com.br\/news\/wp-json\/wp\/v2\/posts\/5938\/revisions"}],"wp:attachment":[{"href":"https:\/\/guialimeira.com.br\/news\/wp-json\/wp\/v2\/media?parent=5938"}],"wp:term":[{"taxonomy":"category","embeddable":true,"href":"https:\/\/guialimeira.com.br\/news\/wp-json\/wp\/v2\/categories?post=5938"},{"taxonomy":"post_tag","embeddable":true,"href":"https:\/\/guialimeira.com.br\/news\/wp-json\/wp\/v2\/tags?post=5938"}],"curies":[{"name":"wp","href":"https:\/\/api.w.org\/{rel}","templated":true}]}}