{"id":5937,"date":"2024-05-22T11:10:47","date_gmt":"2024-05-22T14:10:47","guid":{"rendered":"https:\/\/guialimeira.com.br\/2024\/05\/22\/curso-sobre-desenvolvimento-humano-e-organizacional-acontece-nesta-quarta-23\/"},"modified":"2024-05-22T11:10:47","modified_gmt":"2024-05-22T14:10:47","slug":"curso-sobre-desenvolvimento-humano-e-organizacional-acontece-nesta-quarta-23","status":"publish","type":"post","link":"https:\/\/guialimeira.com.br\/news\/curso-sobre-desenvolvimento-humano-e-organizacional-acontece-nesta-quarta-23\/","title":{"rendered":"Curso sobre desenvolvimento humano e organizacional acontece nesta quarta (23)"},"content":{"rendered":"<p> <br \/>\n<br \/><img data-recalc-dims=\"1\" decoding=\"async\" src=\"https:\/\/i0.wp.com\/ecrie.com.br\/sistema\/conteudos\/imagem\/m_137_0_1_17042024123058.png?w=696&#038;ssl=1\" \/><\/p>\n<div>\n<p dir=\"ltr\" style=\"text-align: justify;\">Nesta quinta-feira (23), acontece o curso \u201cDesenvolvimento humano e organizacional no atendimento aos p\u00fablicos\u201d, na Biblioteca Municipal Professor Jo\u00e3o de Sousa Ferraz, das 9h \u00e0s 16h. A atividade \u00e9 voltada para o p\u00fablico a partir de 18 anos, sendo profissionais das \u00e1reas da Cultura, Biblioteconomia e Ci\u00eancia da Informa\u00e7\u00e3o, Leitura e Literatura, ou interessados no tema.\u00a0<\/p>\n<p dir=\"ltr\" style=\"text-align: justify;\">Ministrado por Jos\u00e9 Mario de Oliveira Mendes, o curso tem como proposta apresentar e dialogar sobre pilares, compet\u00eancias e habilidades necess\u00e1rias para o atendimento aos p\u00fablicos nas bibliotecas. Ser\u00e1 discutido sobre as trocas de informa\u00e7\u00e3o, rea\u00e7\u00f5es e, principalmente, rela\u00e7\u00f5es. O desenvolvimento humano e organizacional no atendimento aos p\u00fablicos deve ser prestado com base na igualdade de acesso para todos.<\/p>\n<div style=\"text-align: justify;\">Os interessados em participar devem se inscrever pelo link:\u00a0<a href=\"https:\/\/siseb.sp.gov.br\/agenda\/\" target=\"_blank\" rel=\"noopener noreferrer\" data-saferedirecturl=\"https:\/\/www.google.com\/url?q=https:\/\/siseb.sp.gov.br\/agenda\/&amp;source=gmail&amp;ust=1716465701051000&amp;usg=AOvVaw2E10d8DXvfX3jHDuah-7rJ\">https:\/\/siseb.sp.gov.br\/<wbr\/>agenda\/<\/a>.\u00a0A realiza\u00e7\u00e3o \u00e9 da Secretaria da Cultura e Economia Criativa do Estado de S\u00e3o Paulo, atrav\u00e9s do SisEB (Sistema Estadual de Bibliotecas P\u00fablicas de S\u00e3o Paulo) da SP Leituras (Associa\u00e7\u00e3o Paulista de Bibliotecas), com apoio da Prefeitura de Limeira, por meio da Secretaria de Cultura.<\/div>\n<\/div>\n<p><br \/>\n<br \/><a href=\"https:\/\/limeira.sp.gov.br\/curso-sobre-desenvolvimento-humano-e-organizacional-acontece-nesta-quarta-23\" rel=\"noopener\">Informa\u00e7\u00f5es da PML <\/a><\/p>\n","protected":false},"excerpt":{"rendered":"<p>Nesta quinta-feira (23), acontece o curso \u201cDesenvolvimento humano e organizacional no atendimento aos p\u00fablicos\u201d, na Biblioteca Municipal Professor Jo\u00e3o de Sousa Ferraz, das 9h \u00e0s 16h. A atividade \u00e9 voltada para o p\u00fablico a partir de 18 anos, sendo profissionais das \u00e1reas da Cultura, Biblioteconomia e Ci\u00eancia da Informa\u00e7\u00e3o, Leitura e Literatura, ou interessados no [&hellip;]<\/p>\n","protected":false},"author":1,"featured_media":1746,"comment_status":"open","ping_status":"open","sticky":false,"template":"","format":"standard","meta":{"_jetpack_newsletter_access":"","_jetpack_dont_email_post_to_subs":false,"_jetpack_newsletter_tier_id":0,"_jetpack_memberships_contains_paywalled_content":false,"_mbp_banners":[],"_jetpack_feature_clip_id":0,"_jetpack_memberships_contains_paid_content":false,"footnotes":"","jetpack_publicize_message":"","jetpack_publicize_feature_enabled":true,"jetpack_social_post_already_shared":true,"jetpack_social_options":{"image_generator_settings":{"template":"highway","default_image_id":0,"font":"","enabled":false},"version":2},"jetpack_post_was_ever_published":false},"categories":[16],"tags":[],"class_list":["post-5937","post","type-post","status-publish","format-standard","has-post-thumbnail","category-local"],"jetpack_publicize_connections":[],"jetpack-related-posts":[],"jetpack_shortlink":"https:\/\/wp.me\/p7Eq1F-1xL","jetpack_sharing_enabled":true,"jetpack_featured_media_url":"https:\/\/i0.wp.com\/guialimeira.com.br\/news\/wp-content\/uploads\/2024\/04\/m_137_0_1_17042024123058.png?fit=1287%2C727&ssl=1","_links":{"self":[{"href":"https:\/\/guialimeira.com.br\/news\/wp-json\/wp\/v2\/posts\/5937","targetHints":{"allow":["GET"]}}],"collection":[{"href":"https:\/\/guialimeira.com.br\/news\/wp-json\/wp\/v2\/posts"}],"about":[{"href":"https:\/\/guialimeira.com.br\/news\/wp-json\/wp\/v2\/types\/post"}],"author":[{"embeddable":true,"href":"https:\/\/guialimeira.com.br\/news\/wp-json\/wp\/v2\/users\/1"}],"replies":[{"embeddable":true,"href":"https:\/\/guialimeira.com.br\/news\/wp-json\/wp\/v2\/comments?post=5937"}],"version-history":[{"count":0,"href":"https:\/\/guialimeira.com.br\/news\/wp-json\/wp\/v2\/posts\/5937\/revisions"}],"wp:featuredmedia":[{"embeddable":true,"href":"https:\/\/guialimeira.com.br\/news\/wp-json\/wp\/v2\/media\/1746"}],"wp:attachment":[{"href":"https:\/\/guialimeira.com.br\/news\/wp-json\/wp\/v2\/media?parent=5937"}],"wp:term":[{"taxonomy":"category","embeddable":true,"href":"https:\/\/guialimeira.com.br\/news\/wp-json\/wp\/v2\/categories?post=5937"},{"taxonomy":"post_tag","embeddable":true,"href":"https:\/\/guialimeira.com.br\/news\/wp-json\/wp\/v2\/tags?post=5937"}],"curies":[{"name":"wp","href":"https:\/\/api.w.org\/{rel}","templated":true}]}}