{"id":592,"date":"2024-03-30T18:57:45","date_gmt":"2024-03-30T21:57:45","guid":{"rendered":"https:\/\/guialimeira.com.br\/2024\/03\/30\/homem-e-preso-no-galeao-transportando-32-kg-de-maconha-em-peixes\/"},"modified":"2024-03-30T18:57:45","modified_gmt":"2024-03-30T21:57:45","slug":"homem-e-preso-no-galeao-transportando-32-kg-de-maconha-em-peixes","status":"publish","type":"post","link":"https:\/\/guialimeira.com.br\/news\/homem-e-preso-no-galeao-transportando-32-kg-de-maconha-em-peixes\/","title":{"rendered":"Homem \u00e9 preso no Gale\u00e3o, transportando 3,2 kg de maconha em peixes"},"content":{"rendered":"<p> <br \/>\n<\/p>\n<div>\n<p>A Pol\u00edcia Federal apreendeu 3,2 quilos de maconha que estavam sendo transportados dentro de peixes. A apreens\u00e3o foi feita na manh\u00e3 deste s\u00e1bado no Aeroporto do Gale\u00e3o.<img data-recalc-dims=\"1\" decoding=\"async\" src=\"https:\/\/i0.wp.com\/agenciabrasil.ebc.com.br\/ebc.png?w=696&#038;ssl=1\" style=\"width:1px; height:1px; display:inline;\"\/><img data-recalc-dims=\"1\" decoding=\"async\" src=\"https:\/\/i0.wp.com\/agenciabrasil.ebc.com.br\/ebc.gif?w=696&#038;ssl=1\" style=\"width:1px; height:1px; display:inline;\"\/><\/p>\n<p>De acordo com a PF, a carga era de um homem que estava desembarcando de voo proveniente de Manaus.<\/p>\n<p>O homem, de 22 anos, foi preso em flagrante e, segundo a PF, encaminhado ao sistema prisional do estado onde permanecer\u00e1 \u00e0 disposi\u00e7\u00e3o da Justi\u00e7a.<\/p>\n<p>Ele responder\u00e1 pelo crime de tr\u00e1fico interestadual de drogas, cuja pena pode chegar a 15 anos de reclus\u00e3o.<\/p>\n<p>A droga foi identificada pelos policiais federais lotados na Delegacia Especial da PF no Aeroporto Internacional do Gale\u00e3o (DEAIN), ap\u00f3s fiscaliza\u00e7\u00e3o de rotina. A droga estava acondicionada de forma oculta dentro de peixes em uma caixa de isopor.<\/p>\n<\/p><\/div>\n<p><br \/>\n<br \/><a href=\"https:\/\/agenciabrasil.ebc.com.br\/geral\/noticia\/2024-03\/homem-e-preso-no-galeao-transportando-32-kg-de-maconha-em-peixes\" rel=\"noopener\">Ag\u00eancia Brasil<\/a><\/p>\n","protected":false},"excerpt":{"rendered":"<p>A Pol\u00edcia Federal apreendeu 3,2 quilos de maconha que estavam sendo transportados dentro de peixes. A apreens\u00e3o foi feita na manh\u00e3 deste s\u00e1bado no Aeroporto do Gale\u00e3o. De acordo com a PF, a carga era de um homem que estava desembarcando de voo proveniente de Manaus. O homem, de 22 anos, foi preso em flagrante [&hellip;]<\/p>\n","protected":false},"author":1,"featured_media":593,"comment_status":"open","ping_status":"open","sticky":false,"template":"","format":"standard","meta":{"_jetpack_newsletter_access":"","_jetpack_dont_email_post_to_subs":false,"_jetpack_newsletter_tier_id":0,"_jetpack_memberships_contains_paywalled_content":false,"_mbp_banners":[],"_jetpack_feature_clip_id":0,"_jetpack_memberships_contains_paid_content":false,"footnotes":"","jetpack_publicize_message":"","jetpack_publicize_feature_enabled":true,"jetpack_social_post_already_shared":true,"jetpack_social_options":{"image_generator_settings":{"template":"highway","default_image_id":0,"font":"","enabled":false},"version":2},"jetpack_post_was_ever_published":false},"categories":[1],"tags":[],"class_list":["post-592","post","type-post","status-publish","format-standard","has-post-thumbnail","category-geral"],"jetpack_publicize_connections":[],"jetpack-related-posts":[],"jetpack_shortlink":"https:\/\/wp.me\/p7Eq1F-9y","jetpack_sharing_enabled":true,"jetpack_featured_media_url":"https:\/\/i0.wp.com\/guialimeira.com.br\/news\/wp-content\/uploads\/2024\/03\/mg_3973.jpg?fit=1600%2C800&ssl=1","_links":{"self":[{"href":"https:\/\/guialimeira.com.br\/news\/wp-json\/wp\/v2\/posts\/592","targetHints":{"allow":["GET"]}}],"collection":[{"href":"https:\/\/guialimeira.com.br\/news\/wp-json\/wp\/v2\/posts"}],"about":[{"href":"https:\/\/guialimeira.com.br\/news\/wp-json\/wp\/v2\/types\/post"}],"author":[{"embeddable":true,"href":"https:\/\/guialimeira.com.br\/news\/wp-json\/wp\/v2\/users\/1"}],"replies":[{"embeddable":true,"href":"https:\/\/guialimeira.com.br\/news\/wp-json\/wp\/v2\/comments?post=592"}],"version-history":[{"count":0,"href":"https:\/\/guialimeira.com.br\/news\/wp-json\/wp\/v2\/posts\/592\/revisions"}],"wp:featuredmedia":[{"embeddable":true,"href":"https:\/\/guialimeira.com.br\/news\/wp-json\/wp\/v2\/media\/593"}],"wp:attachment":[{"href":"https:\/\/guialimeira.com.br\/news\/wp-json\/wp\/v2\/media?parent=592"}],"wp:term":[{"taxonomy":"category","embeddable":true,"href":"https:\/\/guialimeira.com.br\/news\/wp-json\/wp\/v2\/categories?post=592"},{"taxonomy":"post_tag","embeddable":true,"href":"https:\/\/guialimeira.com.br\/news\/wp-json\/wp\/v2\/tags?post=592"}],"curies":[{"name":"wp","href":"https:\/\/api.w.org\/{rel}","templated":true}]}}