{"id":58902,"date":"2026-03-20T17:47:31","date_gmt":"2026-03-20T20:47:31","guid":{"rendered":"https:\/\/guialimeira.com.br\/?p=58902"},"modified":"2026-03-20T17:47:31","modified_gmt":"2026-03-20T20:47:31","slug":"confira-as-rotas-de-acesso-ao-rodeio-em-cordeiropolis-prefeitura-municipal-de-cordeiropolis","status":"publish","type":"post","link":"https:\/\/guialimeira.com.br\/news\/confira-as-rotas-de-acesso-ao-rodeio-em-cordeiropolis-prefeitura-municipal-de-cordeiropolis\/","title":{"rendered":"Confira as rotas de acesso ao rodeio em Cordeir\u00f3polis \u2013 Prefeitura Municipal de Cordeir\u00f3polis"},"content":{"rendered":"<p> <br \/>\n<\/p>\n<div>\n<p>O Limeira Rodeo Music (LRM), em Cordeir\u00f3polis, acontece na pr\u00f3xima semana, entre os dias 26 e 28, na Avenida Aristeu Marcicano, altura do n\u00famero 3.376, ao lado do posto de sa\u00fade do Jd. Cordeiro. Por conta da festa, haver\u00e1 altera\u00e7\u00f5es no tr\u00e2nsito de toda a regi\u00e3o. Os principais acessos ao recinto ser\u00e3o pela Rodovia Washington Lu\u00eds e pela Rodovia Limeira-Cordeir\u00f3polis. Haver\u00e1 uma ampla \u00e1rea de estacionamento de responsabilidade da organiza\u00e7\u00e3o da festa.<\/p>\n<p>Quem vier de Limeira pela Rodovia Dr. C\u00e1ssio de Freitas Levy (Limeira-Cordeiro), dever\u00e1 acessar a Rua Jacob Siqueira (primeira rotat\u00f3ria, pr\u00f3ximo \u00e0 Zat Concreto) e seguir as orienta\u00e7\u00f5es do tr\u00e2nsito at\u00e9 o recinto. Quem estiver na Washington Lu\u00eds, vindo de Rio Claro ou Santa Gertrudes, dever\u00e1 utilizar o acesso do km 162, que estar\u00e1 sinalizado. Visitantes de Limeira, Araras e regi\u00e3o podem utilizar a Anhanguera e, depois, o acesso pelo km 162 da Washington Lu\u00eds.<\/p>\n<p>O rodeio come\u00e7a no dia 26 com o show de Panda; no dia 27, sobe ao palco Luan Santana; e dia 28, Gusttavo Lima encerra a edi\u00e7\u00e3o 2026 do Limeira Rodeo Music em Cordeir\u00f3polis \u2013 no mesmo dia, tem tamb\u00e9m Serest\u00e3o do Z\u00e9. A venda de ingressos ocorre pelos canais oficiais da festa.<\/p>\n<\/p><\/div>\n<p><br \/>\n<br \/><a href=\"https:\/\/www.cordeiropolis.sp.gov.br\/confira-as-rotas-de-acesso-ao-rodeio-em-cordeiropolis\/\" rel=\"noopener\">Informa\u00e7\u00f5es Cordeir\u00f3polis <\/a><\/p>\n","protected":false},"excerpt":{"rendered":"<p>O Limeira Rodeo Music (LRM), em Cordeir\u00f3polis, acontece na pr\u00f3xima semana, entre os dias 26 e 28, na Avenida Aristeu Marcicano, altura do n\u00famero 3.376, ao lado do posto de sa\u00fade do Jd. Cordeiro. Por conta da festa, haver\u00e1 altera\u00e7\u00f5es no tr\u00e2nsito de toda a regi\u00e3o. Os principais acessos ao recinto ser\u00e3o pela Rodovia Washington [&hellip;]<\/p>\n","protected":false},"author":1,"featured_media":0,"comment_status":"closed","ping_status":"open","sticky":false,"template":"","format":"standard","meta":{"_jetpack_newsletter_access":"","_jetpack_dont_email_post_to_subs":false,"_jetpack_newsletter_tier_id":0,"_jetpack_memberships_contains_paywalled_content":false,"_mbp_banners":[],"_jetpack_feature_clip_id":0,"_jetpack_memberships_contains_paid_content":false,"footnotes":"","jetpack_publicize_message":"","jetpack_publicize_feature_enabled":true,"jetpack_social_post_already_shared":true,"jetpack_social_options":{"image_generator_settings":{"template":"highway","default_image_id":0,"font":"","enabled":false},"version":2},"jetpack_post_was_ever_published":false},"categories":[20],"tags":[],"class_list":["post-58902","post","type-post","status-publish","format-standard","category-regiao"],"jetpack_publicize_connections":[],"jetpack-related-posts":[],"jetpack_shortlink":"https:\/\/wp.me\/p7Eq1F-fk2","jetpack_sharing_enabled":true,"jetpack_featured_media_url":"","_links":{"self":[{"href":"https:\/\/guialimeira.com.br\/news\/wp-json\/wp\/v2\/posts\/58902","targetHints":{"allow":["GET"]}}],"collection":[{"href":"https:\/\/guialimeira.com.br\/news\/wp-json\/wp\/v2\/posts"}],"about":[{"href":"https:\/\/guialimeira.com.br\/news\/wp-json\/wp\/v2\/types\/post"}],"author":[{"embeddable":true,"href":"https:\/\/guialimeira.com.br\/news\/wp-json\/wp\/v2\/users\/1"}],"replies":[{"embeddable":true,"href":"https:\/\/guialimeira.com.br\/news\/wp-json\/wp\/v2\/comments?post=58902"}],"version-history":[{"count":1,"href":"https:\/\/guialimeira.com.br\/news\/wp-json\/wp\/v2\/posts\/58902\/revisions"}],"predecessor-version":[{"id":58903,"href":"https:\/\/guialimeira.com.br\/news\/wp-json\/wp\/v2\/posts\/58902\/revisions\/58903"}],"wp:attachment":[{"href":"https:\/\/guialimeira.com.br\/news\/wp-json\/wp\/v2\/media?parent=58902"}],"wp:term":[{"taxonomy":"category","embeddable":true,"href":"https:\/\/guialimeira.com.br\/news\/wp-json\/wp\/v2\/categories?post=58902"},{"taxonomy":"post_tag","embeddable":true,"href":"https:\/\/guialimeira.com.br\/news\/wp-json\/wp\/v2\/tags?post=58902"}],"curies":[{"name":"wp","href":"https:\/\/api.w.org\/{rel}","templated":true}]}}