{"id":58895,"date":"2026-03-20T16:46:03","date_gmt":"2026-03-20T19:46:03","guid":{"rendered":"https:\/\/guialimeira.com.br\/?p=58895"},"modified":"2026-03-20T16:46:03","modified_gmt":"2026-03-20T19:46:03","slug":"escola-municipal-levy-recebe-premio-excelencia-educacional-do-estado-prefeitura-municipal-de-cordeiropolis","status":"publish","type":"post","link":"https:\/\/guialimeira.com.br\/news\/escola-municipal-levy-recebe-premio-excelencia-educacional-do-estado-prefeitura-municipal-de-cordeiropolis\/","title":{"rendered":"Escola municipal Levy recebe pr\u00eamio Excel\u00eancia Educacional do Estado \u2013 Prefeitura Municipal de Cordeir\u00f3polis"},"content":{"rendered":"<p> <br \/>\n<\/p>\n<div>\n<p>A Emef Cel. Jos\u00e9 Levy, da rede municipal de ensino de Cordeir\u00f3polis, recebeu o pr\u00eamio Excel\u00eancia Educacional, dentro do programa Alfabetiza Juntos SP, do Governo Estadual. A iniciativa reconhece as escolas com destaque na alfabetiza\u00e7\u00e3o em 2025. A secret\u00e1ria de Educa\u00e7\u00e3o, Regiani Castellar Dias, esteve em S\u00e3o Paulo com a equipe da pasta para receber o pr\u00eamio.<\/p>\n<p>Al\u00e9m do trof\u00e9u, a escola Levy tamb\u00e9m receber\u00e1 um valor em premia\u00e7\u00e3o. \u201cEsse resultado \u00e9 fruto de muito trabalho de toda equipe escolar da Emef Levy e da gest\u00e3o da secret\u00e1ria Regiani e sua equipe. Estamos formando nossa futura gera\u00e7\u00e3o e investir em educa\u00e7\u00e3o de qualidade ser\u00e1 sempre nossa prioridade\u201d, afirmou a prefeita Cristina Saad.<\/p>\n<p>\u201cParabenizo toda a equipe escolar pelo excelente resultado, principalmente os nossos professores, verdadeiros protagonistas dessa conquista. A escola Levy \u00e9 uma refer\u00eancia dos bons frutos que temos colhido em todas as escolas. Que venham novos desafios e avan\u00e7os para nossa rede municipal de ensino\u201d, destacou a secret\u00e1ria de Educa\u00e7\u00e3o.<\/p>\n<p><strong>Flu\u00eancia leitora<\/strong><\/p>\n<p>Dentro do mesmo programa, Alfabetiza Juntos, Cordeir\u00f3polis foi destaque com 41% de crian\u00e7as leitoras fluentes na rede municipal. O objetivo \u00e9 garantir que crian\u00e7as at\u00e9 8 anos estejam alfabetizadas, conforme orienta o Compromisso Nacional Crian\u00e7a Alfabetizada (CNCA). \u00c9 a primeira vez, desde que o \u00edndice foi criado, que o munic\u00edpio atinge essa marca.<\/p>\n<p>Em 2025, 41% das crian\u00e7as foram avaliadas como leitoras fluentes, enquanto 39% ficaram na categoria iniciantes. Entre os avaliados, 20% est\u00e3o entre os n\u00edveis de pr\u00e9-leitor, de 1 a 4. Em 2024, eram 28% leitoras fluentes e 55% iniciantes; em 2023, 15% fluentes e 62% iniciantes.<\/p>\n<\/p><\/div>\n<p><br \/>\n<br \/><a href=\"https:\/\/www.cordeiropolis.sp.gov.br\/escola-municipal-levy-recebe-premio-excelencia-educacional-do-estado\/\" rel=\"noopener\">Informa\u00e7\u00f5es Cordeir\u00f3polis <\/a><\/p>\n","protected":false},"excerpt":{"rendered":"<p>A Emef Cel. Jos\u00e9 Levy, da rede municipal de ensino de Cordeir\u00f3polis, recebeu o pr\u00eamio Excel\u00eancia Educacional, dentro do programa Alfabetiza Juntos SP, do Governo Estadual. A iniciativa reconhece as escolas com destaque na alfabetiza\u00e7\u00e3o em 2025. A secret\u00e1ria de Educa\u00e7\u00e3o, Regiani Castellar Dias, esteve em S\u00e3o Paulo com a equipe da pasta para receber [&hellip;]<\/p>\n","protected":false},"author":1,"featured_media":0,"comment_status":"closed","ping_status":"open","sticky":false,"template":"","format":"standard","meta":{"_jetpack_newsletter_access":"","_jetpack_dont_email_post_to_subs":false,"_jetpack_newsletter_tier_id":0,"_jetpack_memberships_contains_paywalled_content":false,"_mbp_banners":[],"_jetpack_feature_clip_id":0,"_jetpack_memberships_contains_paid_content":false,"footnotes":"","jetpack_publicize_message":"","jetpack_publicize_feature_enabled":true,"jetpack_social_post_already_shared":true,"jetpack_social_options":{"image_generator_settings":{"template":"highway","default_image_id":0,"font":"","enabled":false},"version":2},"jetpack_post_was_ever_published":false},"categories":[20],"tags":[],"class_list":["post-58895","post","type-post","status-publish","format-standard","category-regiao"],"jetpack_publicize_connections":[],"jetpack-related-posts":[],"jetpack_shortlink":"https:\/\/wp.me\/p7Eq1F-fjV","jetpack_sharing_enabled":true,"jetpack_featured_media_url":"","_links":{"self":[{"href":"https:\/\/guialimeira.com.br\/news\/wp-json\/wp\/v2\/posts\/58895","targetHints":{"allow":["GET"]}}],"collection":[{"href":"https:\/\/guialimeira.com.br\/news\/wp-json\/wp\/v2\/posts"}],"about":[{"href":"https:\/\/guialimeira.com.br\/news\/wp-json\/wp\/v2\/types\/post"}],"author":[{"embeddable":true,"href":"https:\/\/guialimeira.com.br\/news\/wp-json\/wp\/v2\/users\/1"}],"replies":[{"embeddable":true,"href":"https:\/\/guialimeira.com.br\/news\/wp-json\/wp\/v2\/comments?post=58895"}],"version-history":[{"count":1,"href":"https:\/\/guialimeira.com.br\/news\/wp-json\/wp\/v2\/posts\/58895\/revisions"}],"predecessor-version":[{"id":58896,"href":"https:\/\/guialimeira.com.br\/news\/wp-json\/wp\/v2\/posts\/58895\/revisions\/58896"}],"wp:attachment":[{"href":"https:\/\/guialimeira.com.br\/news\/wp-json\/wp\/v2\/media?parent=58895"}],"wp:term":[{"taxonomy":"category","embeddable":true,"href":"https:\/\/guialimeira.com.br\/news\/wp-json\/wp\/v2\/categories?post=58895"},{"taxonomy":"post_tag","embeddable":true,"href":"https:\/\/guialimeira.com.br\/news\/wp-json\/wp\/v2\/tags?post=58895"}],"curies":[{"name":"wp","href":"https:\/\/api.w.org\/{rel}","templated":true}]}}