{"id":58872,"date":"2026-03-20T15:12:49","date_gmt":"2026-03-20T18:12:49","guid":{"rendered":"https:\/\/guialimeira.com.br\/comissao-de-obras-vistoria-estrutura-de-centro-comunitario-no-parque-hipolito\/"},"modified":"2026-03-20T15:12:49","modified_gmt":"2026-03-20T18:12:49","slug":"comissao-de-obras-vistoria-estrutura-de-centro-comunitario-no-parque-hipolito","status":"publish","type":"post","link":"https:\/\/guialimeira.com.br\/news\/comissao-de-obras-vistoria-estrutura-de-centro-comunitario-no-parque-hipolito\/","title":{"rendered":"Comiss\u00e3o de Obras vistoria estrutura de Centro Comunit\u00e1rio no Parque Hip\u00f3lito"},"content":{"rendered":"<p><img data-recalc-dims=\"1\" decoding=\"async\" src=\"https:\/\/i0.wp.com\/www.limeira.sp.leg.br\/assets\/uploads\/noticia\/2026-03-20_comissao-de-obras-vistoria-estrutura-de-centro-comunitario-no-parque-hipolito_1.jpg?w=696&#038;ssl=1\" alt=\"Comiss\u00e3o de Obras vistoria estrutura de Centro Comunit\u00e1rio no Parque Hip\u00f3lito\u00a0\" \/><\/p>\n<p>Comiss\u00e3o de Obras vistoria estrutura de Centro Comunit\u00e1rio no Parque Hip\u00f3lito\u00a0<\/p>\n<p><a href=\"https:\/\/www.limeira.sp.leg.br\/noticias\/view\/2026-03-20_comissao-de-obras-vistoria-estrutura-de-centro-comunitario-no-parque-hipolito\" rel=\"noopener\">Exibir artigo<\/a><\/p>\n<p><a href=\"https:\/\/www.limeira.sp.leg.br\/noticias\/view\/2026-03-20_comissao-de-obras-vistoria-estrutura-de-centro-comunitario-no-parque-hipolito\" target=\"_blank\" rel=\"noopener\">Read original article<\/a><\/p>\n","protected":false},"excerpt":{"rendered":"<p><img decoding=\"async\" src=\"https:\/\/www.limeira.sp.leg.br\/assets\/uploads\/noticia\/2026-03-20_comissao-de-obras-vistoria-estrutura-de-centro-comunitario-no-parque-hipolito_1.jpg\" alt=\"Comiss\u00e3o de Obras vistoria estrutura de Centro Comunit\u00e1rio no Parque Hip\u00f3lito\u00a0\" \/><\/p>\n<p>Comiss\u00e3o de Obras vistoria estrutura de Centro Comunit\u00e1rio no Parque Hip\u00f3lito\u00a0<\/p>\n<p><a href=\"https:\/\/www.limeira.sp.leg.br\/noticias\/view\/2026-03-20_comissao-de-obras-vistoria-estrutura-de-centro-comunitario-no-parque-hipolito\">Exibir artigo<\/a><\/p>\n","protected":false},"author":4,"featured_media":0,"comment_status":"","ping_status":"open","sticky":false,"template":"","format":"standard","meta":{"_jetpack_newsletter_access":"","_jetpack_dont_email_post_to_subs":false,"_jetpack_newsletter_tier_id":0,"_jetpack_memberships_contains_paywalled_content":false,"_mbp_banners":[],"_jetpack_feature_clip_id":0,"_jetpack_memberships_contains_paid_content":false,"footnotes":"","jetpack_publicize_message":"","jetpack_publicize_feature_enabled":true,"jetpack_social_post_already_shared":true,"jetpack_social_options":{"image_generator_settings":{"template":"highway","default_image_id":0,"font":"","enabled":false},"version":2},"jetpack_post_was_ever_published":false},"categories":[1],"tags":[],"class_list":["post-58872","post","type-post","status-publish","format-standard","category-geral"],"jetpack_publicize_connections":[],"jetpack-related-posts":[],"jetpack_shortlink":"https:\/\/wp.me\/p7Eq1F-fjy","jetpack_sharing_enabled":true,"jetpack_featured_media_url":"","_links":{"self":[{"href":"https:\/\/guialimeira.com.br\/news\/wp-json\/wp\/v2\/posts\/58872","targetHints":{"allow":["GET"]}}],"collection":[{"href":"https:\/\/guialimeira.com.br\/news\/wp-json\/wp\/v2\/posts"}],"about":[{"href":"https:\/\/guialimeira.com.br\/news\/wp-json\/wp\/v2\/types\/post"}],"author":[{"embeddable":true,"href":"https:\/\/guialimeira.com.br\/news\/wp-json\/wp\/v2\/users\/4"}],"replies":[{"embeddable":true,"href":"https:\/\/guialimeira.com.br\/news\/wp-json\/wp\/v2\/comments?post=58872"}],"version-history":[{"count":0,"href":"https:\/\/guialimeira.com.br\/news\/wp-json\/wp\/v2\/posts\/58872\/revisions"}],"wp:attachment":[{"href":"https:\/\/guialimeira.com.br\/news\/wp-json\/wp\/v2\/media?parent=58872"}],"wp:term":[{"taxonomy":"category","embeddable":true,"href":"https:\/\/guialimeira.com.br\/news\/wp-json\/wp\/v2\/categories?post=58872"},{"taxonomy":"post_tag","embeddable":true,"href":"https:\/\/guialimeira.com.br\/news\/wp-json\/wp\/v2\/tags?post=58872"}],"curies":[{"name":"wp","href":"https:\/\/api.w.org\/{rel}","templated":true}]}}