{"id":5876,"date":"2024-05-21T21:44:47","date_gmt":"2024-05-22T00:44:47","guid":{"rendered":"https:\/\/guialimeira.com.br\/2024\/05\/21\/haddad-descarta-taxar-comercio-online-para-compensar-desoneracao\/"},"modified":"2024-05-21T21:44:47","modified_gmt":"2024-05-22T00:44:47","slug":"haddad-descarta-taxar-comercio-online-para-compensar-desoneracao","status":"publish","type":"post","link":"https:\/\/guialimeira.com.br\/news\/haddad-descarta-taxar-comercio-online-para-compensar-desoneracao\/","title":{"rendered":"Haddad descarta taxar com\u00e9rcio online para compensar desonera\u00e7\u00e3o"},"content":{"rendered":"<p> <br \/>\n<\/p>\n<div>\n<p>A taxa\u00e7\u00e3o de compras internacionais <em>online<\/em> de at\u00e9 US$ 50 n\u00e3o integra as medidas do governo para compensar a desonera\u00e7\u00e3o da folha de pagamento, disse nesta noite (21) o ministro da Fazenda, Fernando Haddad. Segundo ele, a medida n\u00e3o arrecadaria o suficiente para compensar o impacto do benef\u00edcio para 17 setores da economia, estimado em R$ 7,2 bilh\u00f5es em 2024.<img data-recalc-dims=\"1\" decoding=\"async\" src=\"https:\/\/i0.wp.com\/agenciabrasil.ebc.com.br\/ebc.png?w=696&#038;ssl=1\" style=\"width:1px; height:1px; display:inline;\"\/><img data-recalc-dims=\"1\" decoding=\"async\" src=\"https:\/\/i0.wp.com\/agenciabrasil.ebc.com.br\/ebc.gif?w=696&#038;ssl=1\" style=\"width:1px; height:1px; display:inline;\"\/><\/p>\n<p>Nas \u00faltimas semanas, diversas entidades ligadas ao com\u00e9rcio e \u00e0 ind\u00fastria t\u00eam pressionado o governo para taxar as compras <em>online<\/em>. Segundo a Federa\u00e7\u00e3o das Ind\u00fastrias do Estado de S\u00e3o Paulo (Fiesp), a manuten\u00e7\u00e3o da isen\u00e7\u00e3o provoca perda de empregos e preju\u00edzo \u00e0 ind\u00fastria nacional.<\/p>\n<h2>Envio<\/h2>\n<p>Ao chegar de reuni\u00e3o com o presidente Luiz In\u00e1cio Lula da Silva, Haddad afirmou que o governo pretende divulgar, nesta semana, as medidas da equipe econ\u00f4mica para compensar o acordo que estendeu a desonera\u00e7\u00e3o da folha este ano, com <a href=\"https:\/\/agenciabrasil.ebc.com.br\/economia\/noticia\/2024-05\/folha-de-pagamento-de-17-setores-sera-reonerada-partir-de-2025\" target=\"_blank\" rel=\"noopener\">reonera\u00e7\u00e3o gradual at\u00e9 2028<\/a>. Nesta ter\u00e7a, o l\u00edder do Governo no Senado, Jaques Wagner (PT-BA), disse que s\u00f3 espera as fontes de compensa\u00e7\u00e3o de receitas para elaborar o parecer.<\/p>\n<p>Haddad tamb\u00e9m informou que o governo deve anunciar, tamb\u00e9m nesta semana, medidas para atender \u00e0s empresas do Rio Grande do Sul afetadas pelas enchentes no estado. O ministro da Fazenda tamb\u00e9m anunciou que os dois projetos de lei \u2013 um ordin\u00e1rio e outro complementar \u2013 para regulamentar a reforma tribut\u00e1ria devem sair no in\u00edcio de junho, antes do feriado de <em>Corpus Christi<\/em>.<\/p>\n<\/p><\/div>\n<p><br \/>\n<br \/><a href=\"https:\/\/agenciabrasil.ebc.com.br\/economia\/noticia\/2024-05\/haddad-descarta-taxar-comercio-online-para-compensar-desoneracao\" rel=\"noopener\">Ag\u00eancia Brasil<\/a><\/p>\n","protected":false},"excerpt":{"rendered":"<p>A taxa\u00e7\u00e3o de compras internacionais online de at\u00e9 US$ 50 n\u00e3o integra as medidas do governo para compensar a desonera\u00e7\u00e3o da folha de pagamento, disse nesta noite (21) o ministro da Fazenda, Fernando Haddad. Segundo ele, a medida n\u00e3o arrecadaria o suficiente para compensar o impacto do benef\u00edcio para 17 setores da economia, estimado em [&hellip;]<\/p>\n","protected":false},"author":1,"featured_media":5877,"comment_status":"open","ping_status":"open","sticky":false,"template":"","format":"standard","meta":{"_jetpack_newsletter_access":"","_jetpack_dont_email_post_to_subs":false,"_jetpack_newsletter_tier_id":0,"_jetpack_memberships_contains_paywalled_content":false,"_mbp_banners":[],"_jetpack_feature_clip_id":0,"_jetpack_memberships_contains_paid_content":false,"footnotes":"","jetpack_publicize_message":"","jetpack_publicize_feature_enabled":true,"jetpack_social_post_already_shared":true,"jetpack_social_options":{"image_generator_settings":{"template":"highway","default_image_id":0,"font":"","enabled":false},"version":2},"jetpack_post_was_ever_published":false},"categories":[24],"tags":[],"class_list":["post-5876","post","type-post","status-publish","format-standard","has-post-thumbnail","category-economia"],"jetpack_publicize_connections":[],"jetpack-related-posts":[],"jetpack_shortlink":"https:\/\/wp.me\/p7Eq1F-1wM","jetpack_sharing_enabled":true,"jetpack_featured_media_url":"https:\/\/i0.wp.com\/guialimeira.com.br\/news\/wp-content\/uploads\/2024\/05\/compra_online2411203173.jpg?fit=1600%2C800&ssl=1","_links":{"self":[{"href":"https:\/\/guialimeira.com.br\/news\/wp-json\/wp\/v2\/posts\/5876","targetHints":{"allow":["GET"]}}],"collection":[{"href":"https:\/\/guialimeira.com.br\/news\/wp-json\/wp\/v2\/posts"}],"about":[{"href":"https:\/\/guialimeira.com.br\/news\/wp-json\/wp\/v2\/types\/post"}],"author":[{"embeddable":true,"href":"https:\/\/guialimeira.com.br\/news\/wp-json\/wp\/v2\/users\/1"}],"replies":[{"embeddable":true,"href":"https:\/\/guialimeira.com.br\/news\/wp-json\/wp\/v2\/comments?post=5876"}],"version-history":[{"count":0,"href":"https:\/\/guialimeira.com.br\/news\/wp-json\/wp\/v2\/posts\/5876\/revisions"}],"wp:featuredmedia":[{"embeddable":true,"href":"https:\/\/guialimeira.com.br\/news\/wp-json\/wp\/v2\/media\/5877"}],"wp:attachment":[{"href":"https:\/\/guialimeira.com.br\/news\/wp-json\/wp\/v2\/media?parent=5876"}],"wp:term":[{"taxonomy":"category","embeddable":true,"href":"https:\/\/guialimeira.com.br\/news\/wp-json\/wp\/v2\/categories?post=5876"},{"taxonomy":"post_tag","embeddable":true,"href":"https:\/\/guialimeira.com.br\/news\/wp-json\/wp\/v2\/tags?post=5876"}],"curies":[{"name":"wp","href":"https:\/\/api.w.org\/{rel}","templated":true}]}}