{"id":5873,"date":"2024-05-21T20:56:44","date_gmt":"2024-05-21T23:56:44","guid":{"rendered":"https:\/\/guialimeira.com.br\/2024\/05\/21\/no-parque-cidade-alunos-conhecem-importancia-das-abelhas-nativas-sem-ferrao\/"},"modified":"2024-05-21T20:56:44","modified_gmt":"2024-05-21T23:56:44","slug":"no-parque-cidade-alunos-conhecem-importancia-das-abelhas-nativas-sem-ferrao","status":"publish","type":"post","link":"https:\/\/guialimeira.com.br\/news\/no-parque-cidade-alunos-conhecem-importancia-das-abelhas-nativas-sem-ferrao\/","title":{"rendered":"No Parque Cidade, alunos conhecem import\u00e2ncia das abelhas-nativas-sem-ferr\u00e3o"},"content":{"rendered":"<p> <br \/>\n<\/p>\n<div>\n            <main class=\"\">&#13;<br \/>\n                &#13;<br \/>\n&#13;<br \/>\n&#13;<br \/>\n&#13;<br \/>\n    <img data-recalc-dims=\"1\" decoding=\"async\" src=\"https:\/\/i0.wp.com\/ecrie.com.br\/sistema\/conteudos\/imagem\/m_137_0_3_21052024160714.jpg?w=696&#038;ssl=1\" alt=\"No Parque Cidade, alunos conhecem import\u00e2ncia das abelhas-nativas-sem-ferr\u00e3o\"\/>&#13;<br \/>\n&#13;<\/p>\n<p style=\"text-align: justify;\" align=\"justify\">O Dia Mundial das Abelhas, celebrado nesta segunda-feira (20), teve uma atividade especial no Parque Cidade. Alunos da Emeief Pastor Ismael Pereira do Lago participaram de uma trilha ecol\u00f3gica, dentro do projeto \u201cAbelhudos no Parque\u201d, que percorre as col\u00f4nias de abelhas-nativas-sem-ferr\u00e3o na \u00e1rea de bosque do Parque Cidade, encontradas de forma natural nas copas e nos troncos das \u00e1rvores.<\/p>\n<p>&#13;<\/p>\n<p style=\"text-align: justify;\" align=\"justify\">A atividade \u00e9 desenvolvida pelo Departamento de Educa\u00e7\u00e3o Ambiental da Secretaria de Meio Ambiente e Agricultura. Os visitantes s\u00e3o instigados a pensar sobre a import\u00e2ncia das abelhas para a poliniza\u00e7\u00e3o das plantas e os efeitos devastadores que ocorreriam se as abelhas fossem extintas. No Brasil, s\u00e3o conhecidas cerca de 300 esp\u00e9cies nativas de abelhas-sem-ferr\u00e3o que representam 75% de todas as existentes no mundo.<\/p>\n<p>&#13;<\/p>\n<p style=\"text-align: justify;\" align=\"justify\">Os t\u00e9cnicos levaram aos estudantes a experi\u00eancia de conhecer o ciclo de vida das abelhas e todos os detalhes e m\u00e9todos que elas utilizam para a produ\u00e7\u00e3o do mel, bem como o armazenamento de mel e p\u00f3len dentro de uma col\u00f4nia e a estrutura de um ninho no interior de caixas racionais utilizadas para a cria\u00e7\u00e3o. Depois, com intuito de conhecer o sabor e as propriedades do mel, eles experimentaram o produto elaborado pelas abelhas.<\/p>\n<p>&#13;<\/p>\n<p style=\"text-align: justify;\" align=\"justify\">O Dia Mundial das Abelhas busca lembrar a import\u00e2ncia da poliniza\u00e7\u00e3o realizada pelas abelhas para o desenvolvimento sustent\u00e1vel e da preserva\u00e7\u00e3o das \u00e1reas naturais onde as abelhas vivem, bem como a manuten\u00e7\u00e3o da biodiversidade de todos os ambientes terrestres. Segundo a pasta, isso \u00e9 fundamental para a garantia da sobreviv\u00eancia das florestas, sendo que, at\u00e9 90% de todas as esp\u00e9cies vegetais, s\u00e3o polinizadas por abelhas.<\/p>\n<p>&#13;<\/p>\n<p style=\"text-align: justify;\" align=\"justify\">Ainda de acordo com a Secretaria de Meio Ambiente e Agricultura, al\u00e9m da poliniza\u00e7\u00e3o na natureza, as abelhas tamb\u00e9m s\u00e3o respons\u00e1veis pela garantia de alimentos para as popula\u00e7\u00f5es humanas, com mais de 75% das culturas agr\u00edcolas sendo polinizadas por abelhas. A trilha das abelhas-nativas-sem-ferr\u00e3o do Parque Cidade n\u00e3o oferece risco aos visitantes, uma vez que as abelhas n\u00e3o s\u00e3o dotadas de ferr\u00e3o e n\u00e3o inoculam veneno.<\/p>\n<p>&#13;<\/p>\n<p style=\"text-align: justify;\" align=\"justify\"><strong>AGENDAMENTO DE ATIVIDADES<\/strong><\/p>\n<p>&#13;<\/p>\n<p style=\"text-align: justify;\" align=\"justify\">Em maio, cerca de 100 estudantes da Emeief Pastor Ismael participaram das atividades no Parque Cidade. As trilhas ecol\u00f3gicas, visitas monitoradas ao Viveiro de Mudas ou \u00e0 Casa Ecol\u00f3gica do Horto Florestal podem ser agendadas por grupos estudantis ou entidades diretamente com o Departamento de Educa\u00e7\u00e3o Ambiental pelo telefone 3442-7418 (ramal 104), ou e-mail (<a href=\"http:\/\/limeira.sp.gov.br\/cdn-cgi\/l\/email-protection#dfbebbadb6beb1bef1b2aab3b3baad9fb3b6b2bab6adbef1acaff1b8b0a9f1bdad\" rel=\"noopener\"><span class=\"__cf_email__\" data-cfemail=\"6e0f0a1c070f000f40031b02020b1c2e0207030b071c0f401d1e40090118400c1c\">[email\u00a0protected]<\/span><\/a>).<\/p>\n<p>&#13;<br \/>\n&#13;<br \/>\n    &#13;<\/p>\n<div class=\"gallery__container\">\n            <a class=\"gallery__item\" href=\"https:\/\/i0.wp.com\/ecrie.com.br\/sistema\/conteudos\/imagem\/g_137_1_2_21052024160714.jpeg?ssl=1\" target=\"_blank\" title=\"foto (7)\" rel=\"noopener\">&#13;<br \/>\n                <img data-recalc-dims=\"1\" decoding=\"async\" class=\"gallery__img\" src=\"https:\/\/i0.wp.com\/ecrie.com.br\/sistema\/conteudos\/imagem\/p_137_1_2_21052024160714.jpeg?w=696&#038;ssl=1\" alt=\"foto (7)\" onload=\"resizePhoto(this);\"\/>&#13;<br \/>\n            <\/a><br \/>\n            <a class=\"gallery__item\" href=\"https:\/\/i0.wp.com\/ecrie.com.br\/sistema\/conteudos\/imagem\/g_137_2_1_21052024160714.jpg?ssl=1\" target=\"_blank\" title=\"foto (9)\" rel=\"noopener\">&#13;<br \/>\n                <img data-recalc-dims=\"1\" decoding=\"async\" class=\"gallery__img\" src=\"https:\/\/i0.wp.com\/ecrie.com.br\/sistema\/conteudos\/imagem\/p_137_2_1_21052024160714.jpg?w=696&#038;ssl=1\" alt=\"foto (9)\" onload=\"resizePhoto(this);\"\/>&#13;<br \/>\n            <\/a>\n    <\/div>\n<p>&#13;<br \/>\n&#13;<br \/>\n&#13;<\/p>\n<aside class=\"list-related no-print\">&#13;<br \/>\n        &#13;<br \/>\n&#13;<\/p>\n<article class=\"list-item noticias \">&#13;<br \/>\n                    <a class=\"list-item__img\" href=\"https:\/\/limeira.sp.gov.br\/imprensa\/noticias\/educacao\/univesp-divulga-locais-de-prova-para-o-vestibular-2024\" tabindex=\"-1\" aria-hidden=\"true\" rel=\"noopener\">&#13;<br \/>\n                        <img data-recalc-dims=\"1\" decoding=\"async\" src=\"https:\/\/i0.wp.com\/ecrie.com.br\/sistema\/conteudos\/imagem\/m_137_0_1_01042024144011.jpg?w=696&#038;ssl=1\" alt=\"Univesp divulga locais de prova para o Vestibular 2024\"\/>&#13;<br \/>\n                    <\/a>&#13;<br \/>\n&#13;<br \/>\n                &#13;<br \/>\n            <\/article>\n<p>&#13;<\/p>\n<article class=\"list-item noticias \">&#13;<br \/>\n                    <a class=\"list-item__img\" href=\"https:\/\/limeira.sp.gov.br\/imprensa\/noticias\/educacao\/indice-de-alfabetizacao-em-limeira-atinge972-e-supera-medias-estadual-e-nacional-resultado-reflete-acoes-adotadas-pela-educacao\" tabindex=\"-1\" aria-hidden=\"true\" rel=\"noopener\">&#13;<br \/>\n                        <img data-recalc-dims=\"1\" decoding=\"async\" src=\"https:\/\/i0.wp.com\/ecrie.com.br\/sistema\/conteudos\/imagem\/m_137_0_1_17052024172349.jpg?w=696&#038;ssl=1\" alt=\"\u00cdndice de alfabetiza\u00e7\u00e3o em Limeira atinge\u00a097,2% e supera m\u00e9dias estadual e nacional; resultado reflete a\u00e7\u00f5es adotadas pela Educa\u00e7\u00e3o\"\/>&#13;<br \/>\n                    <\/a>&#13;<br \/>\n&#13;<br \/>\n                &#13;<br \/>\n            <\/article>\n<p>&#13;<\/p>\n<article class=\"list-item noticias \">&#13;<br \/>\n                    <a class=\"list-item__img\" href=\"https:\/\/limeira.sp.gov.br\/imprensa\/noticias\/meio-ambiente-e-agricultura\/parque-cidade-e-estadio-do-limeirao-recebem-feira-livre-noturnana-proxima-semana\" tabindex=\"-1\" aria-hidden=\"true\" rel=\"noopener\">&#13;<br \/>\n                        <img data-recalc-dims=\"1\" decoding=\"async\" src=\"https:\/\/i0.wp.com\/ecrie.com.br\/sistema\/conteudos\/imagem\/m_137_0_1_19022024120728.jpg?w=696&#038;ssl=1\" alt=\"Parque Cidade e Est\u00e1dio do Limeir\u00e3o recebem Feira Livre Noturna\u00a0na pr\u00f3xima semana\"\/>&#13;<br \/>\n                    <\/a>&#13;<br \/>\n&#13;<br \/>\n                &#13;<br \/>\n            <\/article>\n<p>&#13;<br \/>\n    <\/aside>\n<p>&#13;<br \/>\n&#13;<br \/>\n            <\/main><\/p><\/div>\n<p><br \/>\n<br \/><a href=\"https:\/\/limeira.sp.gov.br\/no-parque-cidade-alunos-conhecem-importancia-das-abelhas-nativas-sem-ferrao\" rel=\"noopener\">Informa\u00e7\u00f5es da PML <\/a><\/p>\n","protected":false},"excerpt":{"rendered":"<p>&#13; &#13; &#13; &#13; &#13; &#13; &#13; O Dia Mundial das Abelhas, celebrado nesta segunda-feira (20), teve uma atividade especial no Parque Cidade. Alunos da Emeief Pastor Ismael Pereira do Lago participaram de uma trilha ecol\u00f3gica, dentro do projeto \u201cAbelhudos no Parque\u201d, que percorre as col\u00f4nias de abelhas-nativas-sem-ferr\u00e3o na \u00e1rea de bosque do Parque Cidade, [&hellip;]<\/p>\n","protected":false},"author":1,"featured_media":5874,"comment_status":"open","ping_status":"open","sticky":false,"template":"","format":"standard","meta":{"_jetpack_newsletter_access":"","_jetpack_dont_email_post_to_subs":false,"_jetpack_newsletter_tier_id":0,"_jetpack_memberships_contains_paywalled_content":false,"_mbp_banners":[],"_jetpack_feature_clip_id":0,"_jetpack_memberships_contains_paid_content":false,"footnotes":"","jetpack_publicize_message":"","jetpack_publicize_feature_enabled":true,"jetpack_social_post_already_shared":true,"jetpack_social_options":{"image_generator_settings":{"template":"highway","default_image_id":0,"font":"","enabled":false},"version":2},"jetpack_post_was_ever_published":false},"categories":[16],"tags":[],"class_list":["post-5873","post","type-post","status-publish","format-standard","has-post-thumbnail","category-local"],"jetpack_publicize_connections":[],"jetpack-related-posts":[],"jetpack_shortlink":"https:\/\/wp.me\/p7Eq1F-1wJ","jetpack_sharing_enabled":true,"jetpack_featured_media_url":"https:\/\/i0.wp.com\/guialimeira.com.br\/news\/wp-content\/uploads\/2024\/05\/m_137_0_3_21052024160714.jpg?fit=900%2C674&ssl=1","_links":{"self":[{"href":"https:\/\/guialimeira.com.br\/news\/wp-json\/wp\/v2\/posts\/5873","targetHints":{"allow":["GET"]}}],"collection":[{"href":"https:\/\/guialimeira.com.br\/news\/wp-json\/wp\/v2\/posts"}],"about":[{"href":"https:\/\/guialimeira.com.br\/news\/wp-json\/wp\/v2\/types\/post"}],"author":[{"embeddable":true,"href":"https:\/\/guialimeira.com.br\/news\/wp-json\/wp\/v2\/users\/1"}],"replies":[{"embeddable":true,"href":"https:\/\/guialimeira.com.br\/news\/wp-json\/wp\/v2\/comments?post=5873"}],"version-history":[{"count":0,"href":"https:\/\/guialimeira.com.br\/news\/wp-json\/wp\/v2\/posts\/5873\/revisions"}],"wp:featuredmedia":[{"embeddable":true,"href":"https:\/\/guialimeira.com.br\/news\/wp-json\/wp\/v2\/media\/5874"}],"wp:attachment":[{"href":"https:\/\/guialimeira.com.br\/news\/wp-json\/wp\/v2\/media?parent=5873"}],"wp:term":[{"taxonomy":"category","embeddable":true,"href":"https:\/\/guialimeira.com.br\/news\/wp-json\/wp\/v2\/categories?post=5873"},{"taxonomy":"post_tag","embeddable":true,"href":"https:\/\/guialimeira.com.br\/news\/wp-json\/wp\/v2\/tags?post=5873"}],"curies":[{"name":"wp","href":"https:\/\/api.w.org\/{rel}","templated":true}]}}